{"id":2484,"date":"2024-07-04T14:14:13","date_gmt":"2024-07-04T17:14:13","guid":{"rendered":"https:\/\/tveventos.tv.br\/?p=2484"},"modified":"2024-07-04T14:14:19","modified_gmt":"2024-07-04T17:14:19","slug":"comemoracao-dupla-em-2024-25-anos-da-eletrolar-news-e-17-anos-da-eletrolar-show","status":"publish","type":"post","link":"https:\/\/tveventos.tv.br\/?p=2484","title":{"rendered":"Comemora\u00e7\u00e3o dupla em 2024: 25 anos da Eletrolar News e 17 anos da Eletrolar Show"},"content":{"rendered":"\n<p><em>Carlos Clur revela os bastidores da trajet\u00f3ria de sucesso da Eletrolar News em entrevista exclusiva.<\/em><\/p>\n\n\n\n<p>Comemorando o marco de 25 anos de excel\u00eancia, a Eletrolar News tem sido o elo entre a ind\u00fastria e o varejo de eletroeletr\u00f4nicos, consolidando a Eletrolar Show como o encontro anual incontorn\u00e1vel para negocia\u00e7\u00f5es e fortalecimento de la\u00e7os comerciais. Em 2024, a feira expande sua \u00e1rea de exposi\u00e7\u00e3o para 36 mil m\u00b2 de inova\u00e7\u00e3o e oportunidades.<\/p>\n\n\n\n<p>Este quarto de s\u00e9culo \u00e9 um testemunho do compromisso cont\u00ednuo da revista com seus leitores e parceiros. A Eletrolar News, \u00fanica em seu segmento no Brasil, tem sido uma vitrine para o lan\u00e7amento de produtos e tecnologias, refletindo as evolu\u00e7\u00f5es do mercado e o ritmo acelerado de um mundo onde a comunica\u00e7\u00e3o \u00e9 chave para estrat\u00e9gias empresariais bem-sucedidas.<\/p>\n\n\n\n<p>Em uma entrevista exclusiva, Carlos Clur, o vision\u00e1rio por tr\u00e1s da Eletrolar News, compartilha insights sobre a trajet\u00f3ria da publica\u00e7\u00e3o. Ele destaca que atingir o marco dos 25 anos \u00e9 mais do que uma conquista, \u00e9 um incentivo para prosseguir com a miss\u00e3o de entregar conte\u00fado de qualidade que ressoa com o dinamismo do setor. A revista, que come\u00e7ou como um investimento arriscado, hoje se posiciona como uma autoridade, interligando o mercado atrav\u00e9s de um network influente, que \u00e9 a espinha dorsal do Grupo Eletrolar, organizador da principal feira de neg\u00f3cios da Am\u00e9rica Latina.<\/p>\n\n\n\n<p>Carlos relembra a motiva\u00e7\u00e3o para iniciar a publica\u00e7\u00e3o, inspirado pela energia vibrante do Brasil e pela lacuna existente em meios de comunica\u00e7\u00e3o especializados que unissem a ind\u00fastria e o varejo de eletroeletr\u00f4nicos. Sua decis\u00e3o de investir todas as suas economias no lan\u00e7amento da Eletrolar News foi recompensada pelo impacto significativo que a revista alcan\u00e7ou no mercado.<\/p>\n\n\n\n<p>Chegar aos 25 anos da revista \u00e9 uma conquista?<\/p>\n\n\n\n<p>Carlos Clur \u2013 Sem d\u00favida, e nos incentiva a continuar com o trabalho \u00edntegro que desenvolvemos ao longo desses anos. Os primeiros anos da publica\u00e7\u00e3o foram uma grande aventura e, ao mesmo tempo, um grande investimento. Passaram-se tr\u00eas anos para a revista se tornar rent\u00e1vel. Hoje, ela \u00e9 um grande canal de comunica\u00e7\u00e3o e de integra\u00e7\u00e3o com o mercado. Tamb\u00e9m foi fundamental para construir o network que hoje faz parte do Grupo Eletrolar, empresa multim\u00eddia B2B, que organiza a feira Eletrolar Show, o maior encontro de neg\u00f3cios do mercado na Am\u00e9rica Latina.&nbsp;<\/p>\n\n\n\n<p>O que motivou a cria\u00e7\u00e3o da publica\u00e7\u00e3o?<\/p>\n\n\n\n<p>CC \u2013 Em 1996, na Argentina, juntamente com meu pai, fundei a revista Integraci\u00f3n Empres\u00e1ria, quase com o mesmo foco, e vim ao Brasil pela publica\u00e7\u00e3o para entrevistar Hugo Miguel Etchenique, fundador da Brastemp, isso em 1998, ano em que passei praticamente numa ponte a\u00e9rea S\u00e3o Paulo-Buenos Aires. Eu j\u00e1 estava contagiado pela energia do Brasil, um pa\u00eds que adoro, mas me chamou a aten\u00e7\u00e3o o fato de que, com todo o seu potencial, n\u00e3o tinha um meio de comunica\u00e7\u00e3o para integrar a ind\u00fastria e o varejo de eletros. Eu j\u00e1 morava mais no Brasil do que na Argentina e, em 1999, criei a Eletrolar News. No projeto, apliquei todas as minhas economias. Valeu a pena? Muito, respondo. Cheguei ao Brasil com 22 anos de idade e h\u00e1 25 moro aqui.<\/p>\n","protected":false},"excerpt":{"rendered":"<p>Carlos Clur revela os bastidores da trajet\u00f3ria de sucesso da Eletrolar News em entrevista exclusiva. Comemorando o marco de 25 anos de excel\u00eancia, a Eletrolar News tem sido o elo entre a ind\u00fastria e o varejo de eletroeletr\u00f4nicos, consolidando a Eletrolar Show como o encontro anual incontorn\u00e1vel para negocia\u00e7\u00f5es e fortalecimento de la\u00e7os comerciais. Em [&hellip;]<\/p>\n","protected":false},"author":3,"featured_media":2485,"comment_status":"open","ping_status":"open","sticky":false,"template":"","format":"standard","meta":{"footnotes":""},"categories":[23],"tags":[],"class_list":{"0":"post-2484","1":"post","2":"type-post","3":"status-publish","4":"format-standard","5":"has-post-thumbnail","7":"category-feirasdenegocios"},"_links":{"self":[{"href":"https:\/\/tveventos.tv.br\/index.php?rest_route=\/wp\/v2\/posts\/2484","targetHints":{"allow":["GET"]}}],"collection":[{"href":"https:\/\/tveventos.tv.br\/index.php?rest_route=\/wp\/v2\/posts"}],"about":[{"href":"https:\/\/tveventos.tv.br\/index.php?rest_route=\/wp\/v2\/types\/post"}],"author":[{"embeddable":true,"href":"https:\/\/tveventos.tv.br\/index.php?rest_route=\/wp\/v2\/users\/3"}],"replies":[{"embeddable":true,"href":"https:\/\/tveventos.tv.br\/index.php?rest_route=%2Fwp%2Fv2%2Fcomments&post=2484"}],"version-history":[{"count":1,"href":"https:\/\/tveventos.tv.br\/index.php?rest_route=\/wp\/v2\/posts\/2484\/revisions"}],"predecessor-version":[{"id":2486,"href":"https:\/\/tveventos.tv.br\/index.php?rest_route=\/wp\/v2\/posts\/2484\/revisions\/2486"}],"wp:featuredmedia":[{"embeddable":true,"href":"https:\/\/tveventos.tv.br\/index.php?rest_route=\/wp\/v2\/media\/2485"}],"wp:attachment":[{"href":"https:\/\/tveventos.tv.br\/index.php?rest_route=%2Fwp%2Fv2%2Fmedia&parent=2484"}],"wp:term":[{"taxonomy":"category","embeddable":true,"href":"https:\/\/tveventos.tv.br\/index.php?rest_route=%2Fwp%2Fv2%2Fcategories&post=2484"},{"taxonomy":"post_tag","embeddable":true,"href":"https:\/\/tveventos.tv.br\/index.php?rest_route=%2Fwp%2Fv2%2Ftags&post=2484"}],"curies":[{"name":"wp","href":"https:\/\/api.w.org\/{rel}","templated":true}]}}