{"id":2491,"date":"2024-07-08T11:57:53","date_gmt":"2024-07-08T14:57:53","guid":{"rendered":"https:\/\/tveventos.tv.br\/?p=2491"},"modified":"2024-07-08T11:57:58","modified_gmt":"2024-07-08T14:57:58","slug":"show-de-decoracao-novidades-e-capacitacoes-sao-destaques-no-enflor-e-garden-fair-2024","status":"publish","type":"post","link":"https:\/\/tveventos.tv.br\/?p=2491","title":{"rendered":"Show de decora\u00e7\u00e3o, novidades e capacita\u00e7\u00f5es s\u00e3o destaques no Enflor e Garden Fair 2024"},"content":{"rendered":"\n<p class=\"has-text-align-center\"><em>Evento acontece em julho, em Holambra, e deve reunir 16 mil profissionais da floricultura, decora\u00e7\u00e3o e paisagismo de todo o pa\u00eds<\/em><\/p>\n\n\n\n<p>Feira de neg\u00f3cios, network, capacita\u00e7\u00e3o, conte\u00fado, lan\u00e7amentos, m\u00faltiplas novidades, criatividade&nbsp;e talento.&nbsp;Tudo isso &#8211; e muito mais &#8211; estar\u00e3o \u00e0&nbsp;disposi\u00e7\u00e3o dos visitantes na&nbsp;31\u00ba <strong>ENFLOR &#8211; <\/strong>Encontro Nacional de Floristas e&nbsp;19\u00aa&nbsp;<strong>Garden Fair<\/strong>, que acontecem de 14 a 16 de julho, em Holambra (SP).&nbsp;Voltado&nbsp;para floristas,&nbsp;paisagistas, arquitetos,&nbsp;decoradores, organizadores de festas, promotores de eventos, produtores, atacadistas e distribuidores de flores e plantas, este evento conjunto&nbsp;se renova anualmente para&nbsp;apresentar&nbsp;ao mercado as tend\u00eancias&nbsp;nestes segmentos, que t\u00eam inova\u00e7\u00e3o e criatividade como palavras&nbsp;de ordem.&nbsp;&nbsp;<\/p>\n\n\n\n<p>Com a decora\u00e7\u00e3o geral do evento assinada pelos artistas florais Tanus Saab e Paulo Perissoto, o criativo show de bom gosto come\u00e7a logo na entrada do evento,&nbsp;com um portal decorado, e continua por todos os espa\u00e7os da feira de neg\u00f3cios, onde 180 empresas expositoras v\u00e3o apresentar novidades&nbsp;e lan\u00e7amentos&nbsp;em flores e plantas, acess\u00f3rios para floriculturas,&nbsp;jardinagem,&nbsp;decora\u00e7\u00e3o de festas, ferramentas, embalagens, tecidos.&nbsp;<\/p>\n\n\n\n<p>\u201cA edi\u00e7\u00e3o 2024 \u00e9 um&nbsp;encontro imperd\u00edvel para quem trabalha profissionalmente com floricultura, decora\u00e7\u00e3o e paisagismo, ou mesmo de forma amadora, na decora\u00e7\u00e3o das festas da fam\u00edlia ou no jardim de casa\u201d, adianta Renato Opitz, diretor geral do evento.<\/p>\n\n\n\n<p>Na programa\u00e7\u00e3o, presen\u00e7a confirmada de decoradores, artistas florais e paisagistas conhecidos no mercado e reconhecidos pelo talento e criatividade, dentro e fora do&nbsp;Brasil. &nbsp;O decorador Harley Vix, por exemplo, \u00e9 o artista respons\u00e1vel pelo&nbsp;<strong>Espa\u00e7o Festas&nbsp;&amp; Garden<\/strong>&nbsp;e receber\u00e1, nos dias de evento,&nbsp;profissionais para conversar e trocar ideias sobre decora\u00e7\u00f5es,&nbsp;paisagismo,&nbsp;inspira\u00e7\u00f5es e muitas flores.<\/p>\n\n\n\n<p><strong>Programa\u00e7\u00e3o de&nbsp;Capacita\u00e7\u00e3o<\/strong><\/p>\n\n\n\n<p>Nos tr\u00eas dias do evento haver\u00e1 palestras no&nbsp;<strong>Congresso ENFLOR,&nbsp;<\/strong>e no&nbsp;<strong>Congresso GARDEN FAIR<\/strong>&nbsp;\u2013&nbsp;<strong>Paisagismo&nbsp;para todos<\/strong>. Em ambos, diferentes temas ser\u00e3o ministrados por grandes nomes da floricultura, decora\u00e7\u00e3o e paisagismo.&nbsp;<\/p>\n\n\n\n<p>Organizado pela arquiteta e paisagista,&nbsp;Alice Izumi,&nbsp;e pelo Centro&nbsp;Paisag\u00edstico&nbsp;Gustaaf Winters, o&nbsp;<strong>Congresso Garden Fair 2024<\/strong>&nbsp;acontece nos dias 14 e 15 de julho e traz como&nbsp;tema central &#8220;Paisagismo Al\u00e9m das Plantas&#8221; e dever\u00e1 mostrar diversas vis\u00f5es de paisagismo, que v\u00e3o muito al\u00e9m da escolha de esp\u00e9cies vegetais em jardins e \u00e1reas verdes. Entre os palestrantes convidados&nbsp;j\u00e1 confirmados&nbsp;est\u00e3o Ricardo Caporossi&nbsp;(G\u00eanesis Ecossistemas),&nbsp;Alexandre Feu&nbsp;(FEU Arquitetura),&nbsp;Jo\u00e3o Jad\u00e3o Paisagismo,&nbsp;S\u00e9rgio Santana Paisagismo e&nbsp;Guilherme Takeda&nbsp;(Takeda Design).<\/p>\n\n\n\n<p>Al\u00e9m das palestras, est\u00e3o inclu\u00eddos no congresso o acompanhamento da montagem de uma exposi\u00e7\u00e3o paisag\u00edstica, a&nbsp;Mostra de Paisagismo da Expoflora, bem como&nbsp;visitas \u00e0 Cooperativa Veiling Holambra e ao Ceaflor, dois grandes <em>players<\/em> do mercado, que se localizam no Circuito das Flores, na regi\u00e3o de Holambra.&nbsp;As inscri\u00e7\u00f5es para este congresso j\u00e1 est\u00e3o abertas e podem ser feitas acessando: <a href=\"https:\/\/enflor.com.br\/congresso-garden-fair-paisagismo-alem-das-plantas\">https:\/\/enflor.com.br\/congresso-garden-fair-paisagismo-alem-das-plantas<\/a><\/p>\n\n\n\n<p>A Flortec assina a organiza\u00e7\u00e3o do Congresso Enflor, cuja programa\u00e7\u00e3o completa e inscri\u00e7\u00f5es ser\u00e3o divulgadas em breve.<\/p>\n\n\n\n<p><strong>SERVI\u00c7O:&nbsp;<\/strong><\/p>\n\n\n\n<p><strong>31\u00ba&nbsp;ENFLOR &amp;&nbsp;19\u00aa&nbsp;GARDEN FAIR &nbsp;<\/strong><\/p>\n\n\n\n<p><strong>Data:&nbsp;<\/strong>de 14&nbsp;a 16&nbsp;de julho de 2024<\/p>\n\n\n\n<p><strong>Hor\u00e1rio:&nbsp;<\/strong>das 9h \u00e0s 19h nos dias 14&nbsp;e 15\/07.<\/p>\n\n\n\n<p>&nbsp; &nbsp; &nbsp; &nbsp; &nbsp; &nbsp; &nbsp; das 9h \u00e0s 17h no dia 16\/07.<\/p>\n\n\n\n<p><strong>Local:&nbsp;<\/strong>Parque de Exposi\u00e7\u00f5es&nbsp;de Holambra&nbsp;&#8211; Rua Maur\u00edcio de Nassau, 675,&nbsp;Holambra\/SP.&nbsp;<\/p>\n\n\n\n<p><strong>Ingressos<\/strong>: R$ 60 \/inteira e R$ 30\/estudantes e 60+<\/p>\n\n\n\n<p><strong>Informa\u00e7\u00f5es adicionais:&nbsp;<\/strong>no site&nbsp;<a href=\"http:\/\/www.enflor.com.br\/\">www.enflor.com.br<\/a>&nbsp;ou (19) 3802-4196.&nbsp;<\/p>\n","protected":false},"excerpt":{"rendered":"<p>Evento acontece em julho, em Holambra, e deve reunir 16 mil profissionais da floricultura, decora\u00e7\u00e3o e paisagismo de todo o pa\u00eds Feira de neg\u00f3cios, network, capacita\u00e7\u00e3o, conte\u00fado, lan\u00e7amentos, m\u00faltiplas novidades, criatividade&nbsp;e talento.&nbsp;Tudo isso &#8211; e muito mais &#8211; estar\u00e3o \u00e0&nbsp;disposi\u00e7\u00e3o dos visitantes na&nbsp;31\u00ba ENFLOR &#8211; Encontro Nacional de Floristas e&nbsp;19\u00aa&nbsp;Garden Fair, que acontecem de 14 [&hellip;]<\/p>\n","protected":false},"author":2,"featured_media":2492,"comment_status":"open","ping_status":"open","sticky":false,"template":"","format":"standard","meta":{"footnotes":""},"categories":[23],"tags":[],"class_list":{"0":"post-2491","1":"post","2":"type-post","3":"status-publish","4":"format-standard","5":"has-post-thumbnail","7":"category-feirasdenegocios"},"_links":{"self":[{"href":"https:\/\/tveventos.tv.br\/index.php?rest_route=\/wp\/v2\/posts\/2491","targetHints":{"allow":["GET"]}}],"collection":[{"href":"https:\/\/tveventos.tv.br\/index.php?rest_route=\/wp\/v2\/posts"}],"about":[{"href":"https:\/\/tveventos.tv.br\/index.php?rest_route=\/wp\/v2\/types\/post"}],"author":[{"embeddable":true,"href":"https:\/\/tveventos.tv.br\/index.php?rest_route=\/wp\/v2\/users\/2"}],"replies":[{"embeddable":true,"href":"https:\/\/tveventos.tv.br\/index.php?rest_route=%2Fwp%2Fv2%2Fcomments&post=2491"}],"version-history":[{"count":1,"href":"https:\/\/tveventos.tv.br\/index.php?rest_route=\/wp\/v2\/posts\/2491\/revisions"}],"predecessor-version":[{"id":2493,"href":"https:\/\/tveventos.tv.br\/index.php?rest_route=\/wp\/v2\/posts\/2491\/revisions\/2493"}],"wp:featuredmedia":[{"embeddable":true,"href":"https:\/\/tveventos.tv.br\/index.php?rest_route=\/wp\/v2\/media\/2492"}],"wp:attachment":[{"href":"https:\/\/tveventos.tv.br\/index.php?rest_route=%2Fwp%2Fv2%2Fmedia&parent=2491"}],"wp:term":[{"taxonomy":"category","embeddable":true,"href":"https:\/\/tveventos.tv.br\/index.php?rest_route=%2Fwp%2Fv2%2Fcategories&post=2491"},{"taxonomy":"post_tag","embeddable":true,"href":"https:\/\/tveventos.tv.br\/index.php?rest_route=%2Fwp%2Fv2%2Ftags&post=2491"}],"curies":[{"name":"wp","href":"https:\/\/api.w.org\/{rel}","templated":true}]}}