{"id":2495,"date":"2024-07-08T14:34:17","date_gmt":"2024-07-08T17:34:17","guid":{"rendered":"https:\/\/tveventos.tv.br\/?p=2495"},"modified":"2024-07-08T14:34:26","modified_gmt":"2024-07-08T17:34:26","slug":"eletrolar-show","status":"publish","type":"post","link":"https:\/\/tveventos.tv.br\/?p=2495","title":{"rendered":"Eletrolar Show"},"content":{"rendered":"\n<p>Tecnologia, Neg\u00f3cios &amp; Networking formam o trip\u00e9 mais forte da Eletrolar Show. A maior feira de bens de consumo da Am\u00e9rica Latina, em sua \u00faltima edi\u00e7\u00e3o, recebeu mais de 32 mil qualificados profissionais do setor que respondem por mais de 30 mil pontos de venda em todo o Brasil.<\/p>\n\n\n\n<p>Movida por tend\u00eancias e tecnologia, o evento anualmente aproxima a ind\u00fastria e o varejo de todos os portes, fixa marcas, estreita os relacionamentos, elimina barreiras comerciais e gera parcerias e bons neg\u00f3cios.<\/p>\n\n\n\n<p>Junte-se a n\u00f3s nos dias 15 a 18 de julho das 13h \u00e0s 21h, no Transamerica Expo Center.<\/p>\n\n\n\n<p>Endere\u00e7o: Av. Dr. M\u00e1rio Vilas Boas Rodrigues 387, S\u00e3o Paulo, SP, 04757-020<\/p>\n","protected":false},"excerpt":{"rendered":"<p>Tecnologia, Neg\u00f3cios &amp; Networking formam o trip\u00e9 mais forte da Eletrolar Show. A maior feira de bens de consumo da Am\u00e9rica Latina, em sua \u00faltima edi\u00e7\u00e3o, recebeu mais de 32 mil qualificados profissionais do setor que respondem por mais de 30 mil pontos de venda em todo o Brasil. Movida por tend\u00eancias e tecnologia, o [&hellip;]<\/p>\n","protected":false},"author":3,"featured_media":2496,"comment_status":"open","ping_status":"open","sticky":false,"template":"","format":"standard","meta":{"footnotes":""},"categories":[25],"tags":[],"class_list":{"0":"post-2495","1":"post","2":"type-post","3":"status-publish","4":"format-standard","5":"has-post-thumbnail","7":"category-calendariodeeventos"},"_links":{"self":[{"href":"https:\/\/tveventos.tv.br\/index.php?rest_route=\/wp\/v2\/posts\/2495","targetHints":{"allow":["GET"]}}],"collection":[{"href":"https:\/\/tveventos.tv.br\/index.php?rest_route=\/wp\/v2\/posts"}],"about":[{"href":"https:\/\/tveventos.tv.br\/index.php?rest_route=\/wp\/v2\/types\/post"}],"author":[{"embeddable":true,"href":"https:\/\/tveventos.tv.br\/index.php?rest_route=\/wp\/v2\/users\/3"}],"replies":[{"embeddable":true,"href":"https:\/\/tveventos.tv.br\/index.php?rest_route=%2Fwp%2Fv2%2Fcomments&post=2495"}],"version-history":[{"count":1,"href":"https:\/\/tveventos.tv.br\/index.php?rest_route=\/wp\/v2\/posts\/2495\/revisions"}],"predecessor-version":[{"id":2497,"href":"https:\/\/tveventos.tv.br\/index.php?rest_route=\/wp\/v2\/posts\/2495\/revisions\/2497"}],"wp:featuredmedia":[{"embeddable":true,"href":"https:\/\/tveventos.tv.br\/index.php?rest_route=\/wp\/v2\/media\/2496"}],"wp:attachment":[{"href":"https:\/\/tveventos.tv.br\/index.php?rest_route=%2Fwp%2Fv2%2Fmedia&parent=2495"}],"wp:term":[{"taxonomy":"category","embeddable":true,"href":"https:\/\/tveventos.tv.br\/index.php?rest_route=%2Fwp%2Fv2%2Fcategories&post=2495"},{"taxonomy":"post_tag","embeddable":true,"href":"https:\/\/tveventos.tv.br\/index.php?rest_route=%2Fwp%2Fv2%2Ftags&post=2495"}],"curies":[{"name":"wp","href":"https:\/\/api.w.org\/{rel}","templated":true}]}}