{"id":2498,"date":"2024-07-08T14:42:55","date_gmt":"2024-07-08T17:42:55","guid":{"rendered":"https:\/\/tveventos.tv.br\/?p=2498"},"modified":"2024-07-08T14:42:57","modified_gmt":"2024-07-08T17:42:57","slug":"latin-american-housewares","status":"publish","type":"post","link":"https:\/\/tveventos.tv.br\/?p=2498","title":{"rendered":"Latin American Housewares"},"content":{"rendered":"\n<p>A Latin American Housewares \u00e9 focada em bens de consumo dom\u00e9sticos, utilidades dom\u00e9sticas, decora\u00e7\u00e3o e design, trazendo fornecedores e marcas locais do setor em busca de novos mercados, oportunidades, neg\u00f3cios, networking e crescimento de vendas.<\/p>\n\n\n\n<p>A feira reunir\u00e1 varejistas de todos os portes, importadores, distribuidores, compradores especializados, corporativos especialistas em mercado, e-commerce e marketplaces.<\/p>\n\n\n\n<p>Junte-se a n\u00f3s nos dias 15 a 18 de julho das 13h \u00e0s 21h, no Transamerica Expo Center.<\/p>\n\n\n\n<p>Endere\u00e7o: Av. Dr. M\u00e1rio Vilas Boas Rodrigues 387, S\u00e3o Paulo, SP, 04757-020<\/p>\n","protected":false},"excerpt":{"rendered":"<p>A Latin American Housewares \u00e9 focada em bens de consumo dom\u00e9sticos, utilidades dom\u00e9sticas, decora\u00e7\u00e3o e design, trazendo fornecedores e marcas locais do setor em busca de novos mercados, oportunidades, neg\u00f3cios, networking e crescimento de vendas. A feira reunir\u00e1 varejistas de todos os portes, importadores, distribuidores, compradores especializados, corporativos especialistas em mercado, e-commerce e marketplaces. Junte-se [&hellip;]<\/p>\n","protected":false},"author":3,"featured_media":2499,"comment_status":"open","ping_status":"open","sticky":false,"template":"","format":"standard","meta":{"footnotes":""},"categories":[25],"tags":[],"class_list":{"0":"post-2498","1":"post","2":"type-post","3":"status-publish","4":"format-standard","5":"has-post-thumbnail","7":"category-calendariodeeventos"},"_links":{"self":[{"href":"https:\/\/tveventos.tv.br\/index.php?rest_route=\/wp\/v2\/posts\/2498","targetHints":{"allow":["GET"]}}],"collection":[{"href":"https:\/\/tveventos.tv.br\/index.php?rest_route=\/wp\/v2\/posts"}],"about":[{"href":"https:\/\/tveventos.tv.br\/index.php?rest_route=\/wp\/v2\/types\/post"}],"author":[{"embeddable":true,"href":"https:\/\/tveventos.tv.br\/index.php?rest_route=\/wp\/v2\/users\/3"}],"replies":[{"embeddable":true,"href":"https:\/\/tveventos.tv.br\/index.php?rest_route=%2Fwp%2Fv2%2Fcomments&post=2498"}],"version-history":[{"count":1,"href":"https:\/\/tveventos.tv.br\/index.php?rest_route=\/wp\/v2\/posts\/2498\/revisions"}],"predecessor-version":[{"id":2500,"href":"https:\/\/tveventos.tv.br\/index.php?rest_route=\/wp\/v2\/posts\/2498\/revisions\/2500"}],"wp:featuredmedia":[{"embeddable":true,"href":"https:\/\/tveventos.tv.br\/index.php?rest_route=\/wp\/v2\/media\/2499"}],"wp:attachment":[{"href":"https:\/\/tveventos.tv.br\/index.php?rest_route=%2Fwp%2Fv2%2Fmedia&parent=2498"}],"wp:term":[{"taxonomy":"category","embeddable":true,"href":"https:\/\/tveventos.tv.br\/index.php?rest_route=%2Fwp%2Fv2%2Fcategories&post=2498"},{"taxonomy":"post_tag","embeddable":true,"href":"https:\/\/tveventos.tv.br\/index.php?rest_route=%2Fwp%2Fv2%2Ftags&post=2498"}],"curies":[{"name":"wp","href":"https:\/\/api.w.org\/{rel}","templated":true}]}}