{"id":2501,"date":"2024-07-08T14:54:14","date_gmt":"2024-07-08T17:54:14","guid":{"rendered":"https:\/\/tveventos.tv.br\/?p=2501"},"modified":"2024-07-08T14:54:17","modified_gmt":"2024-07-08T17:54:17","slug":"expo-eletrica","status":"publish","type":"post","link":"https:\/\/tveventos.tv.br\/?p=2501","title":{"rendered":"Expo El\u00e9trica"},"content":{"rendered":"\n<p>Formada por Feira e F\u00f3rum T\u00e9cnico, a Expoel\u00e9trica re\u00fane os principais players do mercado de Instala\u00e7\u00f5es El\u00e9tricas para promover debates, discutir tend\u00eancias, apresentar solu\u00e7\u00f5es inovadoras, novas tecnologias e casos de sucesso aos profissionais da \u00e1rea.<\/p>\n\n\n\n<p>Junte-se a n\u00f3s nos dias 16 a 17 de julho das 11h \u00e0s 19h, no Centro de Conven\u00e7\u00f5es Frei Caneca.<\/p>\n\n\n\n<p>Endere\u00e7o: Rua Frei Caneca 569, S\u00e3o Paulo, SP, 01307-001<\/p>\n","protected":false},"excerpt":{"rendered":"<p>Formada por Feira e F\u00f3rum T\u00e9cnico, a Expoel\u00e9trica re\u00fane os principais players do mercado de Instala\u00e7\u00f5es El\u00e9tricas para promover debates, discutir tend\u00eancias, apresentar solu\u00e7\u00f5es inovadoras, novas tecnologias e casos de sucesso aos profissionais da \u00e1rea. Junte-se a n\u00f3s nos dias 16 a 17 de julho das 11h \u00e0s 19h, no Centro de Conven\u00e7\u00f5es Frei Caneca. [&hellip;]<\/p>\n","protected":false},"author":3,"featured_media":2502,"comment_status":"open","ping_status":"open","sticky":false,"template":"","format":"standard","meta":{"footnotes":""},"categories":[25],"tags":[],"class_list":{"0":"post-2501","1":"post","2":"type-post","3":"status-publish","4":"format-standard","5":"has-post-thumbnail","7":"category-calendariodeeventos"},"_links":{"self":[{"href":"https:\/\/tveventos.tv.br\/index.php?rest_route=\/wp\/v2\/posts\/2501","targetHints":{"allow":["GET"]}}],"collection":[{"href":"https:\/\/tveventos.tv.br\/index.php?rest_route=\/wp\/v2\/posts"}],"about":[{"href":"https:\/\/tveventos.tv.br\/index.php?rest_route=\/wp\/v2\/types\/post"}],"author":[{"embeddable":true,"href":"https:\/\/tveventos.tv.br\/index.php?rest_route=\/wp\/v2\/users\/3"}],"replies":[{"embeddable":true,"href":"https:\/\/tveventos.tv.br\/index.php?rest_route=%2Fwp%2Fv2%2Fcomments&post=2501"}],"version-history":[{"count":1,"href":"https:\/\/tveventos.tv.br\/index.php?rest_route=\/wp\/v2\/posts\/2501\/revisions"}],"predecessor-version":[{"id":2503,"href":"https:\/\/tveventos.tv.br\/index.php?rest_route=\/wp\/v2\/posts\/2501\/revisions\/2503"}],"wp:featuredmedia":[{"embeddable":true,"href":"https:\/\/tveventos.tv.br\/index.php?rest_route=\/wp\/v2\/media\/2502"}],"wp:attachment":[{"href":"https:\/\/tveventos.tv.br\/index.php?rest_route=%2Fwp%2Fv2%2Fmedia&parent=2501"}],"wp:term":[{"taxonomy":"category","embeddable":true,"href":"https:\/\/tveventos.tv.br\/index.php?rest_route=%2Fwp%2Fv2%2Fcategories&post=2501"},{"taxonomy":"post_tag","embeddable":true,"href":"https:\/\/tveventos.tv.br\/index.php?rest_route=%2Fwp%2Fv2%2Ftags&post=2501"}],"curies":[{"name":"wp","href":"https:\/\/api.w.org\/{rel}","templated":true}]}}