{"id":2504,"date":"2024-07-08T15:08:29","date_gmt":"2024-07-08T18:08:29","guid":{"rendered":"https:\/\/tveventos.tv.br\/?p=2504"},"modified":"2024-07-08T15:08:32","modified_gmt":"2024-07-08T18:08:32","slug":"abimad","status":"publish","type":"post","link":"https:\/\/tveventos.tv.br\/?p=2504","title":{"rendered":"ABIMAD"},"content":{"rendered":"\n<p>A feira ABIMAD (Associa\u00e7\u00e3o Brasileira das Ind\u00fastrias de M\u00f3veis de Alta Decora\u00e7\u00e3o) \u00e9 um evento importante no setor de m\u00f3veis e decora\u00e7\u00e3o no Brasil. Essa feira \u00e9 realizada duas vezes por ano e re\u00fane fabricantes, designers, importadores e lojistas do segmento de m\u00f3veis de alto padr\u00e3o e decora\u00e7\u00e3o.<\/p>\n\n\n\n<h2 class=\"wp-block-heading\"><\/h2>\n\n\n\n<p>O objetivo da feira \u00e9 apresentar as tend\u00eancias, lan\u00e7amentos e inova\u00e7\u00f5es do mercado de m\u00f3veis de alta decora\u00e7\u00e3o, proporcionando um espa\u00e7o para networking entre profissionais do setor e impulsionando neg\u00f3cios tanto no mercado interno quanto na exporta\u00e7\u00e3o.<\/p>\n\n\n\n<h2 class=\"wp-block-heading\"><\/h2>\n\n\n\n<p>Junte-se a n\u00f3s nos dias 16 a 19 de julho, no S\u00e3o Paulo Expo.<\/p>\n\n\n\n<p>Hor\u00e1rios: Ter\u00e7a, Quarta e Quinta das 10h \u00e0s 19h;<\/p>\n\n\n\n<p>Sexta: 10h \u00e0s 17h.<\/p>\n\n\n\n<p>Endere\u00e7o: Rod. dos Imigrantes 5, S\/N, km. 1, S\u00e3o Paulo, SP, 04329-900&nbsp;<\/p>\n","protected":false},"excerpt":{"rendered":"<p>A feira ABIMAD (Associa\u00e7\u00e3o Brasileira das Ind\u00fastrias de M\u00f3veis de Alta Decora\u00e7\u00e3o) \u00e9 um evento importante no setor de m\u00f3veis e decora\u00e7\u00e3o no Brasil. Essa feira \u00e9 realizada duas vezes por ano e re\u00fane fabricantes, designers, importadores e lojistas do segmento de m\u00f3veis de alto padr\u00e3o e decora\u00e7\u00e3o. O objetivo da feira \u00e9 apresentar as [&hellip;]<\/p>\n","protected":false},"author":3,"featured_media":2505,"comment_status":"open","ping_status":"open","sticky":false,"template":"","format":"standard","meta":{"footnotes":""},"categories":[25],"tags":[],"class_list":{"0":"post-2504","1":"post","2":"type-post","3":"status-publish","4":"format-standard","5":"has-post-thumbnail","7":"category-calendariodeeventos"},"_links":{"self":[{"href":"https:\/\/tveventos.tv.br\/index.php?rest_route=\/wp\/v2\/posts\/2504","targetHints":{"allow":["GET"]}}],"collection":[{"href":"https:\/\/tveventos.tv.br\/index.php?rest_route=\/wp\/v2\/posts"}],"about":[{"href":"https:\/\/tveventos.tv.br\/index.php?rest_route=\/wp\/v2\/types\/post"}],"author":[{"embeddable":true,"href":"https:\/\/tveventos.tv.br\/index.php?rest_route=\/wp\/v2\/users\/3"}],"replies":[{"embeddable":true,"href":"https:\/\/tveventos.tv.br\/index.php?rest_route=%2Fwp%2Fv2%2Fcomments&post=2504"}],"version-history":[{"count":1,"href":"https:\/\/tveventos.tv.br\/index.php?rest_route=\/wp\/v2\/posts\/2504\/revisions"}],"predecessor-version":[{"id":2506,"href":"https:\/\/tveventos.tv.br\/index.php?rest_route=\/wp\/v2\/posts\/2504\/revisions\/2506"}],"wp:featuredmedia":[{"embeddable":true,"href":"https:\/\/tveventos.tv.br\/index.php?rest_route=\/wp\/v2\/media\/2505"}],"wp:attachment":[{"href":"https:\/\/tveventos.tv.br\/index.php?rest_route=%2Fwp%2Fv2%2Fmedia&parent=2504"}],"wp:term":[{"taxonomy":"category","embeddable":true,"href":"https:\/\/tveventos.tv.br\/index.php?rest_route=%2Fwp%2Fv2%2Fcategories&post=2504"},{"taxonomy":"post_tag","embeddable":true,"href":"https:\/\/tveventos.tv.br\/index.php?rest_route=%2Fwp%2Fv2%2Ftags&post=2504"}],"curies":[{"name":"wp","href":"https:\/\/api.w.org\/{rel}","templated":true}]}}