{"id":2507,"date":"2024-07-10T11:00:13","date_gmt":"2024-07-10T14:00:13","guid":{"rendered":"https:\/\/tveventos.tv.br\/?p=2507"},"modified":"2024-07-10T11:00:16","modified_gmt":"2024-07-10T14:00:16","slug":"25o-festival-do-japao-sera-realizado-de12-a-14-de-julho-comemorando-25edicoes-de-sucesso-com-novidades","status":"publish","type":"post","link":"https:\/\/tveventos.tv.br\/?p=2507","title":{"rendered":"25\u00ba Festival do Jap\u00e3o ser\u00e1 realizado de12 a 14 de julho, comemorando 25edi\u00e7\u00f5es de sucesso com novidades"},"content":{"rendered":"\n<p>A maior festa da cultura japonesa do Brasil vem a\u00ed, para encantar o p\u00fablico! O 25\u00ba Festival do Jap\u00e3o ser\u00e1 realizado dias 12, 13 e 14 de julho de 2024, no S\u00e3o Paulo Expo, em S\u00e3o Paulo, com o tema \u201cIkigai \u2013 Viver com Prop\u00f3sito\u201d, e o objetivo de preservar e divulgar a cultura japonesa e transmitir as tradi\u00e7\u00f5es para as novas gera\u00e7\u00f5es, representando as 47 prov\u00edncias que comp\u00f5em o pa\u00eds.&nbsp;<\/p>\n\n\n\n<p>O evento acontecer\u00e1 no S\u00e3o Paulo Expo Exhibition &amp; Convention Center, em S\u00e3o Paulo (sede do evento desde 2005), com shows musicais, atra\u00e7\u00f5es culturais, dan\u00e7as t\u00edpicas, culin\u00e1ria regional tradicional das prov\u00edncias japonesas, exposi\u00e7\u00f5es culturais, workshops, cerim\u00f4nia do ch\u00e1 e atividades gratuitas para as crian\u00e7as, jovens, adultos e idosos.&nbsp;<\/p>\n\n\n\n<p>Neste ano, a celebra\u00e7\u00e3o da 25\u00aa edi\u00e7\u00e3o do Festival do Jap\u00e3o ter\u00e1 uma participa\u00e7\u00e3o especial do Jap\u00e3o e do governo japon\u00eas! Neste ano t\u00e3o importante, uma das principais novidades do evento ser\u00e1 um espa\u00e7o exclusivo B2B, no mezanino do S\u00e3o Paulo Expo, que sediar\u00e1 a primeira edi\u00e7\u00e3o da \u201cExpo Japan\u201d. Em japon\u00eas, o projeto foi denominado \u201c\u3075\u308b\u3055\u3068\u3044\u3044\u3082\u306e\u5c55\u201d(Furusato Iimono Ten). Traduzindo para o portugu\u00eas, \u00e9 uma exposi\u00e7\u00e3o onde cada prov\u00edncia do Jap\u00e3o mostrar\u00e1 o que tem de melhor.&nbsp;<\/p>\n\n\n\n<p>O evento contar\u00e1 com a participa\u00e7\u00e3o de 141 empres\u00e1rios japoneses, de 40 prov\u00edncias, que apresentar\u00e3o as suas empresas e produtos para empres\u00e1rios brasileiros, de diversos segmentos e localidades. Este projeto conta com o apoio do Minist\u00e9rio da Agricultura, Silvicultura e Pesca (MAFF), da JICA e da JETRO, e \u00e9 coorganizado pela Kenren (Federa\u00e7\u00e3o das Associa\u00e7\u00f5es de Prov\u00edncias do Jap\u00e3o no Brasil).&nbsp;<\/p>\n\n\n\n<p>O diferencial ser\u00e1 reunir empres\u00e1rios em um ambiente B2B, para promover oportunidades de neg\u00f3cios e novas parcerias entre Brasil e Jap\u00e3o. O objetivo do projeto idealizado pela Kenren \u00e9 contribuir significativamente para a expans\u00e3o dos canais de vendas e para a divulga\u00e7\u00e3o dos produtos japoneses no Brasil, e ao mesmo tempo, aprofundar os la\u00e7os entre a prov\u00edncia de origem e as associa\u00e7\u00f5es de prov\u00edncias brasileiras. Todas as informa\u00e7\u00f5es est\u00e3o dispon\u00edveis no site www.expojapan.com.br<\/p>\n\n\n\n<p><strong>Principais atra\u00e7\u00f5es do Festival do Jap\u00e3o&nbsp;<\/strong><\/p>\n\n\n\n<p>Gastronomia t\u00edpica regional &#8211; representando as 47 prov\u00edncias do Jap\u00e3o&nbsp;<\/p>\n\n\n\n<p>Cultura &#8211; Oficinas, workshops e demonstra\u00e7\u00f5es culturais abertas ao p\u00fablico Exposi\u00e7\u00f5es &#8211; Ikebana, cerim\u00f4nia do ch\u00e1 e exposi\u00e7\u00e3o do tema IKIGAI Shows &#8211; M\u00fasica, shows, teatro, bon odori, dan\u00e7as folcl\u00f3ricas e taiko (tambores)&nbsp;<\/p>\n\n\n\n<p>Artes Marciais &#8211; Demonstra\u00e7\u00f5es e workshops das principais escolas&nbsp;<\/p>\n\n\n\n<p>\u00c1rea das Crian\u00e7as &#8211; Oficinas gratuitas de cultura e recrea\u00e7\u00e3o&nbsp;<\/p>\n\n\n\n<p>\u00c1rea da Terceira Idade &#8211; Atividades culturais e pr\u00e1ticas para vida saud\u00e1vel&nbsp;<\/p>\n\n\n\n<p>Miss Nikkey Brasil &#8211; Final nacional com representantes de todo Brasil&nbsp;<\/p>\n\n\n\n<p>#FJTAON &#8211; Espa\u00e7o para o p\u00fablico jovem, com atra\u00e7\u00f5es inovadoras&nbsp;<\/p>\n\n\n\n<p>Akiba Space &#8211; Espa\u00e7o para os mang\u00e1s, animes, games, cosplay e moda urbana Expo Japan \u2013 Ambiente para oportunidades de neg\u00f3cios entre Jap\u00e3o e Am\u00e9rica Latina&nbsp;<\/p>\n\n\n\n<p>Cosplay &#8211; Akiba Cosplay Summit, reunindo os melhores cosplayers do Pa\u00eds<\/p>\n\n\n\n<p>Venda de ingressos Os ingressos para sexta (12\/07) custam R$ 34 (inteira) e R$ 17 (meia), com a promo\u00e7\u00e3o para entrada ap\u00f3s \u00e0s 14 horas no valor de R$ 30 (inteira) e R$ 15 (meia). No s\u00e1bado e domingo (13 e 14\/07), os ingressos custam R$ 38 (inteira) e R$ 19 (meia), com desconto para R$ 32 (inteira) e R$ 16 (meia) na entrada ap\u00f3s as 14 horas.<\/p>\n\n\n\n<p>&nbsp;E continuam valendo as promo\u00e7\u00f5es do Passaporte VIP (ingresso v\u00e1lido para os 3 dias do Festival, de sexta a domingo), que custar\u00e1 R$ 85, e do Combo Fam\u00edlia para 3 adultos, que ficar\u00e1 em R$ 85 (sexta) e R$ 100 (s\u00e1bado ou domingo).&nbsp;<\/p>\n\n\n\n<p>A compra pode ser feita diretamente pelo site www.festivaldojapao.com. Lembrando que os 30 pontos de venda dos ingressos antecipados s\u00f3 vendem os tickets para entrada no valor de inteira (R$ 34 para sexta e R$ 38 para s\u00e1bado e domingo), sem os bilhetes de meia-entrada e promocionais.&nbsp;<\/p>\n\n\n\n<p><strong>Sobre o realizador&nbsp;<\/strong><\/p>\n\n\n\n<p>A Federa\u00e7\u00e3o das Associa\u00e7\u00f5es de Prov\u00edncias do Jap\u00e3o no Brasil foi criada em abril de 1966, com o objetivo inicial de fornecer assist\u00eancia aos imigrantes japoneses rec\u00e9m chegados. Atualmente \u00e9 respons\u00e1vel pelo Memorial em Homenagem aos Imigrantes Pioneiros Falecidos, no parque do Ibirapuera, pelo Monumento do Desembarque de Imigrantes Japoneses em Santos e pela visita aos locais importantes da hist\u00f3ria da imigra\u00e7\u00e3o japonesa.&nbsp;<\/p>\n\n\n\n<p>Realiza desde 1998 o Festival do Jap\u00e3o, inicialmente chamado de \u201cFestival de Iguarias Regionais e Folclores Regionais do Jap\u00e3o\u201d, na marquise do Parque Ibirapuera, que a partir de 2002 passou a ser oficialmente reconhecido no Estado de S\u00e3o Paulo, e se tornou aos poucos o maior evento da comunidade nipo-brasileira.&nbsp;<\/p>\n\n\n\n<p><strong>Servi\u00e7o:&nbsp;<\/strong><\/p>\n\n\n\n<p>25\u00ba Festival do Jap\u00e3o&nbsp;<\/p>\n\n\n\n<p>12, 13 e 14 de julho de 2024<\/p>\n\n\n\n<p>Local: S\u00e3o Paulo Expo (Rod. dos Imigrantes, km 1,5, S\u00e3o Paulo)&nbsp;<\/p>\n\n\n\n<p>Sexta &#8211; 12\/07 &#8211; 11 \u00e0s 21h S\u00e1bado &#8211; 13\/07 \u2013 09 \u00e0s 21h Domingo &#8211; 14\/07 \u2013 09 \u00e0s 18h&nbsp;<\/p>\n\n\n\n<p><strong>Ingressos:<\/strong> <a href=\"http:\/\/www.festivaldojapao.com\">www.festivaldojapao.com<\/a><\/p>\n\n\n\n<p><strong>Fotos:<\/strong>https:\/\/drive.google.com\/drive\/folders\/1jrevx-w0sk6J58x61KPpBHhpIlLKRJQt?usp=sharing&nbsp;<\/p>\n\n\n\n<p><strong>Credenciamento de imprensa: <\/strong>https:\/\/bit.ly\/imprensaFJ2024 Informa\u00e7\u00f5es:&nbsp;<\/p>\n\n\n\n<p><strong>Site:<\/strong> www.festivaldojapao.com&nbsp;<\/p>\n\n\n\n<p><strong>Tel:<\/strong> (11) 3277-6108 \/ 3277-8569&nbsp;<\/p>\n\n\n\n<p><strong>E-mail: <\/strong>secretaria@festivaldojapao.com www.instagram.com\/festivaldojapao&nbsp;<strong>Realiza\u00e7\u00e3o:<\/strong> Federa\u00e7\u00e3o das Associa\u00e7\u00f5es de Prov\u00edncias do Jap\u00e3o no Brasil \u2013 KENREN<\/p>\n","protected":false},"excerpt":{"rendered":"<p>A maior festa da cultura japonesa do Brasil vem a\u00ed, para encantar o p\u00fablico! O 25\u00ba Festival do Jap\u00e3o ser\u00e1 realizado dias 12, 13 e 14 de julho de 2024, no S\u00e3o Paulo Expo, em S\u00e3o Paulo, com o tema \u201cIkigai \u2013 Viver com Prop\u00f3sito\u201d, e o objetivo de preservar e divulgar a cultura japonesa [&hellip;]<\/p>\n","protected":false},"author":2,"featured_media":2508,"comment_status":"open","ping_status":"open","sticky":false,"template":"","format":"standard","meta":{"footnotes":""},"categories":[23],"tags":[],"class_list":{"0":"post-2507","1":"post","2":"type-post","3":"status-publish","4":"format-standard","5":"has-post-thumbnail","7":"category-feirasdenegocios"},"_links":{"self":[{"href":"https:\/\/tveventos.tv.br\/index.php?rest_route=\/wp\/v2\/posts\/2507","targetHints":{"allow":["GET"]}}],"collection":[{"href":"https:\/\/tveventos.tv.br\/index.php?rest_route=\/wp\/v2\/posts"}],"about":[{"href":"https:\/\/tveventos.tv.br\/index.php?rest_route=\/wp\/v2\/types\/post"}],"author":[{"embeddable":true,"href":"https:\/\/tveventos.tv.br\/index.php?rest_route=\/wp\/v2\/users\/2"}],"replies":[{"embeddable":true,"href":"https:\/\/tveventos.tv.br\/index.php?rest_route=%2Fwp%2Fv2%2Fcomments&post=2507"}],"version-history":[{"count":1,"href":"https:\/\/tveventos.tv.br\/index.php?rest_route=\/wp\/v2\/posts\/2507\/revisions"}],"predecessor-version":[{"id":2509,"href":"https:\/\/tveventos.tv.br\/index.php?rest_route=\/wp\/v2\/posts\/2507\/revisions\/2509"}],"wp:featuredmedia":[{"embeddable":true,"href":"https:\/\/tveventos.tv.br\/index.php?rest_route=\/wp\/v2\/media\/2508"}],"wp:attachment":[{"href":"https:\/\/tveventos.tv.br\/index.php?rest_route=%2Fwp%2Fv2%2Fmedia&parent=2507"}],"wp:term":[{"taxonomy":"category","embeddable":true,"href":"https:\/\/tveventos.tv.br\/index.php?rest_route=%2Fwp%2Fv2%2Fcategories&post=2507"},{"taxonomy":"post_tag","embeddable":true,"href":"https:\/\/tveventos.tv.br\/index.php?rest_route=%2Fwp%2Fv2%2Ftags&post=2507"}],"curies":[{"name":"wp","href":"https:\/\/api.w.org\/{rel}","templated":true}]}}