{"id":2514,"date":"2024-07-10T11:24:22","date_gmt":"2024-07-10T14:24:22","guid":{"rendered":"https:\/\/tveventos.tv.br\/?p=2514"},"modified":"2024-07-10T11:24:25","modified_gmt":"2024-07-10T14:24:25","slug":"12a-expopizzaria-rivoli-traz-maiores-sucessos-em-azeitonas-para-a-maior-feira-latino-americana-do-setor","status":"publish","type":"post","link":"https:\/\/tveventos.tv.br\/?p=2514","title":{"rendered":"12\u00aa ExpoPizzaria: Rivoli traz maiores sucessos em azeitonas para a maior feira latino-americana do setor"},"content":{"rendered":"\n<p class=\"has-text-align-center\"><em>Azeitona Verde Sem Caro\u00e7o Doy Pack e a Azeitona Verde Fatiada Balde ser\u00e3o destaques da marca<\/em><\/p>\n\n\n\n<p>Nos dias 10 e 11 de julho, S\u00e3o Paulo sediar\u00e1 a 12\u00aa edi\u00e7\u00e3o da ExpoPizzaria, reconhecida como a maior feira do segmento na Am\u00e9rica Latina. Com mais de 80 expositores abrangendo equipamentos, insumos, tecnologia e tend\u00eancias para o setor aliment\u00edcio, o evento espera receber mais de 10 mil visitantes interessados em novidades e oportunidades de networking. Entre os participantes, a Rivoli se destaca com mais de seis d\u00e9cadas de experi\u00eancia no mercado de azeitonas.<\/p>\n\n\n\n<p>Parte do Grupo Vale F\u00e9rtil, a marca, que foi nomeada em homenagem \u00e0 uma cidade no norte da It\u00e1lia, estar\u00e1 presente n\u00e3o apenas para consolidar sua posi\u00e7\u00e3o no mercado, mas tamb\u00e9m para mostrar seus principais produtos. No estande da Rivoli, os visitantes ter\u00e3o a oportunidade de degustar e conhecer de perto produtos em ascens\u00e3o no mercado, como a Azeitona Verde Sem Caro\u00e7o Doy Pack 150g, voltada para o consumidor final, e a Azeitona Verde Fatiada Balde 1,8kg, ideal para estabelecimentos como pizzarias e restaurantes, buscando oferecer praticidade e qualidade nas receitas.<\/p>\n\n\n\n<p>Para Mart\u00edn Nucete Hernando, gerente nacional de vendas do grupo, participar deste evento \u00e9 uma oportunidade estrat\u00e9gica significativa. &#8220;Somos l\u00edderes de vendas em S\u00e3o Paulo e parte desse \u00eaxito se deve \u00e0 nossa qualidade certificada, alcan\u00e7ada atrav\u00e9s de um rigoroso sistema de sele\u00e7\u00e3o das melhores azeitonas do mundo, garantindo sabores especiais e \u00fanicos. Assim, constru\u00edmos diariamente uma trajet\u00f3ria s\u00f3lida com nossos principais clientes&#8221;, afirma.<\/p>\n\n\n<div class=\"wp-block-image\">\n<figure class=\"aligncenter size-large is-resized\"><img loading=\"lazy\" decoding=\"async\" width=\"724\" height=\"1024\" src=\"https:\/\/tveventos.tv.br\/wp-content\/uploads\/2024\/07\/Novo-rotulo-Sem-caroco-DP-150g-1-724x1024.jpg\" alt=\"\" class=\"wp-image-2516\" style=\"width:328px;height:auto\" srcset=\"https:\/\/tveventos.tv.br\/wp-content\/uploads\/2024\/07\/Novo-rotulo-Sem-caroco-DP-150g-1-724x1024.jpg 724w, https:\/\/tveventos.tv.br\/wp-content\/uploads\/2024\/07\/Novo-rotulo-Sem-caroco-DP-150g-1-212x300.jpg 212w, https:\/\/tveventos.tv.br\/wp-content\/uploads\/2024\/07\/Novo-rotulo-Sem-caroco-DP-150g-1-768x1086.jpg 768w, https:\/\/tveventos.tv.br\/wp-content\/uploads\/2024\/07\/Novo-rotulo-Sem-caroco-DP-150g-1-1086x1536.jpg 1086w, https:\/\/tveventos.tv.br\/wp-content\/uploads\/2024\/07\/Novo-rotulo-Sem-caroco-DP-150g-1-1448x2048.jpg 1448w, https:\/\/tveventos.tv.br\/wp-content\/uploads\/2024\/07\/Novo-rotulo-Sem-caroco-DP-150g-1-297x420.jpg 297w, https:\/\/tveventos.tv.br\/wp-content\/uploads\/2024\/07\/Novo-rotulo-Sem-caroco-DP-150g-1-696x985.jpg 696w, https:\/\/tveventos.tv.br\/wp-content\/uploads\/2024\/07\/Novo-rotulo-Sem-caroco-DP-150g-1-1068x1511.jpg 1068w, https:\/\/tveventos.tv.br\/wp-content\/uploads\/2024\/07\/Novo-rotulo-Sem-caroco-DP-150g-1-1920x2716.jpg 1920w, https:\/\/tveventos.tv.br\/wp-content\/uploads\/2024\/07\/Novo-rotulo-Sem-caroco-DP-150g-1-scaled.jpg 1810w\" sizes=\"auto, (max-width: 724px) 100vw, 724px\" \/><\/figure>\n<\/div>\n\n\n<p>Al\u00e9m da exposi\u00e7\u00e3o de produtos, a ExpoPizzaria oferecer\u00e1 uma programa\u00e7\u00e3o de workshops e palestras, proporcionando um ambiente prop\u00edcio para atualiza\u00e7\u00e3o profissional e troca de experi\u00eancias entre os participantes. Organizada pela JKPG Marketing e com o patroc\u00ednio de marcas como Atacad\u00e3o, Coca-Cola e Unilever, a feira se estabelece como um ponto de encontro essencial para o setor aliment\u00edcio.<\/p>\n\n\n\n<p><strong>Grupo Vale F\u00e9rtil<\/strong><\/p>\n\n\n\n<p>Fundada em 1991, a Vale F\u00e9rtil est\u00e1 presente nas principais redes de varejo, atacados e distribuidores do Pa\u00eds. Al\u00e9m de l\u00edder em vendas de azeitonas no Brasil, a empresa \u00e9 conhecida por sua sele\u00e7\u00e3o de azeites espanh\u00f3is e argentinos. As planta\u00e7\u00f5es de oliveiras do Grupo Vale F\u00e9rtil est\u00e3o localizadas na Argentina, pa\u00eds que deu origem \u00e0 empresa. Essas planta\u00e7\u00f5es s\u00e3o respons\u00e1veis por 30% da produ\u00e7\u00e3o de azeitonas do Grupo, que tamb\u00e9m tem fornecedores na Espanha, no Peru e no Egito.<\/p>\n","protected":false},"excerpt":{"rendered":"<p>Azeitona Verde Sem Caro\u00e7o Doy Pack e a Azeitona Verde Fatiada Balde ser\u00e3o destaques da marca Nos dias 10 e 11 de julho, S\u00e3o Paulo sediar\u00e1 a 12\u00aa edi\u00e7\u00e3o da ExpoPizzaria, reconhecida como a maior feira do segmento na Am\u00e9rica Latina. Com mais de 80 expositores abrangendo equipamentos, insumos, tecnologia e tend\u00eancias para o setor [&hellip;]<\/p>\n","protected":false},"author":2,"featured_media":2517,"comment_status":"open","ping_status":"open","sticky":false,"template":"","format":"standard","meta":{"footnotes":""},"categories":[23],"tags":[],"class_list":{"0":"post-2514","1":"post","2":"type-post","3":"status-publish","4":"format-standard","5":"has-post-thumbnail","7":"category-feirasdenegocios"},"_links":{"self":[{"href":"https:\/\/tveventos.tv.br\/index.php?rest_route=\/wp\/v2\/posts\/2514","targetHints":{"allow":["GET"]}}],"collection":[{"href":"https:\/\/tveventos.tv.br\/index.php?rest_route=\/wp\/v2\/posts"}],"about":[{"href":"https:\/\/tveventos.tv.br\/index.php?rest_route=\/wp\/v2\/types\/post"}],"author":[{"embeddable":true,"href":"https:\/\/tveventos.tv.br\/index.php?rest_route=\/wp\/v2\/users\/2"}],"replies":[{"embeddable":true,"href":"https:\/\/tveventos.tv.br\/index.php?rest_route=%2Fwp%2Fv2%2Fcomments&post=2514"}],"version-history":[{"count":1,"href":"https:\/\/tveventos.tv.br\/index.php?rest_route=\/wp\/v2\/posts\/2514\/revisions"}],"predecessor-version":[{"id":2518,"href":"https:\/\/tveventos.tv.br\/index.php?rest_route=\/wp\/v2\/posts\/2514\/revisions\/2518"}],"wp:featuredmedia":[{"embeddable":true,"href":"https:\/\/tveventos.tv.br\/index.php?rest_route=\/wp\/v2\/media\/2517"}],"wp:attachment":[{"href":"https:\/\/tveventos.tv.br\/index.php?rest_route=%2Fwp%2Fv2%2Fmedia&parent=2514"}],"wp:term":[{"taxonomy":"category","embeddable":true,"href":"https:\/\/tveventos.tv.br\/index.php?rest_route=%2Fwp%2Fv2%2Fcategories&post=2514"},{"taxonomy":"post_tag","embeddable":true,"href":"https:\/\/tveventos.tv.br\/index.php?rest_route=%2Fwp%2Fv2%2Ftags&post=2514"}],"curies":[{"name":"wp","href":"https:\/\/api.w.org\/{rel}","templated":true}]}}