{"id":2519,"date":"2024-07-10T15:49:04","date_gmt":"2024-07-10T18:49:04","guid":{"rendered":"https:\/\/tveventos.tv.br\/?p=2519"},"modified":"2024-07-10T15:49:07","modified_gmt":"2024-07-10T18:49:07","slug":"fipan","status":"publish","type":"post","link":"https:\/\/tveventos.tv.br\/?p=2519","title":{"rendered":"Fipan\u00a0"},"content":{"rendered":"\n<p>Promovida pelo Sindicato da Ind\u00fastria de Panifica\u00e7\u00e3o e Confeitaria de S\u00e3o Paulo, a Fipan \u00e9 uma das maiores feiras da panifica\u00e7\u00e3o e confeitaria da Am\u00e9rica Latina, tendo como caracter\u00edstica marcante operadores do setor de Food Service no Brasil e atrai mais de 55 mil profissionais entre os setores que atende. A feira \u00e9 destinada a profissionais e gestores de diversos estabelecimentos e ind\u00fastrias do Food Service, entre padarias, confeitarias, pizzarias e setores indiretos da panifica\u00e7\u00e3o.<\/p>\n\n\n\n<h2 class=\"wp-block-heading\"><\/h2>\n\n\n\n<p>Junte-se a n\u00f3s nos dias 23 a 26 de julho das 13h \u00e0s 21h, no Expo Center Norte.<\/p>\n\n\n\n<p>Endere\u00e7o: Rua Jos\u00e9 Bernardo Pinto 333, S\u00e3o Paulo, SP, 02055-000&nbsp;<\/p>\n","protected":false},"excerpt":{"rendered":"<p>Promovida pelo Sindicato da Ind\u00fastria de Panifica\u00e7\u00e3o e Confeitaria de S\u00e3o Paulo, a Fipan \u00e9 uma das maiores feiras da panifica\u00e7\u00e3o e confeitaria da Am\u00e9rica Latina, tendo como caracter\u00edstica marcante operadores do setor de Food Service no Brasil e atrai mais de 55 mil profissionais entre os setores que atende. A feira \u00e9 destinada a [&hellip;]<\/p>\n","protected":false},"author":3,"featured_media":2520,"comment_status":"open","ping_status":"open","sticky":false,"template":"","format":"standard","meta":{"footnotes":""},"categories":[25],"tags":[],"class_list":{"0":"post-2519","1":"post","2":"type-post","3":"status-publish","4":"format-standard","5":"has-post-thumbnail","7":"category-calendariodeeventos"},"_links":{"self":[{"href":"https:\/\/tveventos.tv.br\/index.php?rest_route=\/wp\/v2\/posts\/2519","targetHints":{"allow":["GET"]}}],"collection":[{"href":"https:\/\/tveventos.tv.br\/index.php?rest_route=\/wp\/v2\/posts"}],"about":[{"href":"https:\/\/tveventos.tv.br\/index.php?rest_route=\/wp\/v2\/types\/post"}],"author":[{"embeddable":true,"href":"https:\/\/tveventos.tv.br\/index.php?rest_route=\/wp\/v2\/users\/3"}],"replies":[{"embeddable":true,"href":"https:\/\/tveventos.tv.br\/index.php?rest_route=%2Fwp%2Fv2%2Fcomments&post=2519"}],"version-history":[{"count":1,"href":"https:\/\/tveventos.tv.br\/index.php?rest_route=\/wp\/v2\/posts\/2519\/revisions"}],"predecessor-version":[{"id":2521,"href":"https:\/\/tveventos.tv.br\/index.php?rest_route=\/wp\/v2\/posts\/2519\/revisions\/2521"}],"wp:featuredmedia":[{"embeddable":true,"href":"https:\/\/tveventos.tv.br\/index.php?rest_route=\/wp\/v2\/media\/2520"}],"wp:attachment":[{"href":"https:\/\/tveventos.tv.br\/index.php?rest_route=%2Fwp%2Fv2%2Fmedia&parent=2519"}],"wp:term":[{"taxonomy":"category","embeddable":true,"href":"https:\/\/tveventos.tv.br\/index.php?rest_route=%2Fwp%2Fv2%2Fcategories&post=2519"},{"taxonomy":"post_tag","embeddable":true,"href":"https:\/\/tveventos.tv.br\/index.php?rest_route=%2Fwp%2Fv2%2Ftags&post=2519"}],"curies":[{"name":"wp","href":"https:\/\/api.w.org\/{rel}","templated":true}]}}