{"id":2522,"date":"2024-07-10T16:37:07","date_gmt":"2024-07-10T19:37:07","guid":{"rendered":"https:\/\/tveventos.tv.br\/?p=2522"},"modified":"2024-07-10T16:37:09","modified_gmt":"2024-07-10T19:37:09","slug":"campus-party","status":"publish","type":"post","link":"https:\/\/tveventos.tv.br\/?p=2522","title":{"rendered":"Campus Party"},"content":{"rendered":"\n<p>A Campus Party \u00e9 o maior festival de tecnologia, empreendedorismo, ci\u00eancia e disruptividade do mundo, com mais de 70 edi\u00e7\u00f5es realizadas em 30 pa\u00edses. Um ambiente imersivo de disrup\u00e7\u00e3o, educa\u00e7\u00e3o e criatividade, onde nossas comunidades s\u00e3o parte essencial da experi\u00eancia, mobilizando a transforma\u00e7\u00e3o.<\/p>\n\n\n\n<h2 class=\"wp-block-heading\"><\/h2>\n\n\n\n<p>Junte-se a n\u00f3s nos dias 25 a 30 de julho das 10h30 \u00e0s 20h20, no Pavilh\u00e3o de Exposi\u00e7\u00f5es do Anhembi<\/p>\n\n\n\n<p>Endere\u00e7o: Av. Olavo Fontoura 1209, S\u00e3o Paulo, SP, 02012-021&nbsp;<\/p>\n","protected":false},"excerpt":{"rendered":"<p>A Campus Party \u00e9 o maior festival de tecnologia, empreendedorismo, ci\u00eancia e disruptividade do mundo, com mais de 70 edi\u00e7\u00f5es realizadas em 30 pa\u00edses. Um ambiente imersivo de disrup\u00e7\u00e3o, educa\u00e7\u00e3o e criatividade, onde nossas comunidades s\u00e3o parte essencial da experi\u00eancia, mobilizando a transforma\u00e7\u00e3o. Junte-se a n\u00f3s nos dias 25 a 30 de julho das 10h30 [&hellip;]<\/p>\n","protected":false},"author":3,"featured_media":2523,"comment_status":"open","ping_status":"open","sticky":false,"template":"","format":"standard","meta":{"footnotes":""},"categories":[25],"tags":[],"class_list":{"0":"post-2522","1":"post","2":"type-post","3":"status-publish","4":"format-standard","5":"has-post-thumbnail","7":"category-calendariodeeventos"},"_links":{"self":[{"href":"https:\/\/tveventos.tv.br\/index.php?rest_route=\/wp\/v2\/posts\/2522","targetHints":{"allow":["GET"]}}],"collection":[{"href":"https:\/\/tveventos.tv.br\/index.php?rest_route=\/wp\/v2\/posts"}],"about":[{"href":"https:\/\/tveventos.tv.br\/index.php?rest_route=\/wp\/v2\/types\/post"}],"author":[{"embeddable":true,"href":"https:\/\/tveventos.tv.br\/index.php?rest_route=\/wp\/v2\/users\/3"}],"replies":[{"embeddable":true,"href":"https:\/\/tveventos.tv.br\/index.php?rest_route=%2Fwp%2Fv2%2Fcomments&post=2522"}],"version-history":[{"count":1,"href":"https:\/\/tveventos.tv.br\/index.php?rest_route=\/wp\/v2\/posts\/2522\/revisions"}],"predecessor-version":[{"id":2524,"href":"https:\/\/tveventos.tv.br\/index.php?rest_route=\/wp\/v2\/posts\/2522\/revisions\/2524"}],"wp:featuredmedia":[{"embeddable":true,"href":"https:\/\/tveventos.tv.br\/index.php?rest_route=\/wp\/v2\/media\/2523"}],"wp:attachment":[{"href":"https:\/\/tveventos.tv.br\/index.php?rest_route=%2Fwp%2Fv2%2Fmedia&parent=2522"}],"wp:term":[{"taxonomy":"category","embeddable":true,"href":"https:\/\/tveventos.tv.br\/index.php?rest_route=%2Fwp%2Fv2%2Fcategories&post=2522"},{"taxonomy":"post_tag","embeddable":true,"href":"https:\/\/tveventos.tv.br\/index.php?rest_route=%2Fwp%2Fv2%2Ftags&post=2522"}],"curies":[{"name":"wp","href":"https:\/\/api.w.org\/{rel}","templated":true}]}}