{"id":2527,"date":"2024-07-11T15:57:06","date_gmt":"2024-07-11T18:57:06","guid":{"rendered":"https:\/\/tveventos.tv.br\/?p=2527"},"modified":"2024-07-11T15:57:10","modified_gmt":"2024-07-11T18:57:10","slug":"com-mais-de-50-horas-previstas-concrete-show-anuncia-programacao-previa-do-congresso-construindo-conhecimento","status":"publish","type":"post","link":"https:\/\/tveventos.tv.br\/?p=2527","title":{"rendered":"Com mais de 50 horas previstas, Concrete Show anuncia programa\u00e7\u00e3o pr\u00e9via do Congresso Construindo Conhecimento"},"content":{"rendered":"\n<p class=\"has-text-align-center\"><em>O futuro do concreto na infraestrutura urbana\u201d ser\u00e1 tema da 15\u00aa edi\u00e7\u00e3o do evento, que acontecer\u00e1 em tr\u00eas palcos simult\u00e2neos<\/em><\/p>\n\n\n\n<p>O Concrete Show, maior evento da cadeia construtiva da Am\u00e9rica Latina , que acontecer\u00e1 entre os dias 6 e 8 de agosto, no S\u00e3o Paulo Expo, capital paulista \u2013, acaba de anunciar a programa\u00e7\u00e3o pr\u00e9via do Congresso Construindo Conhecimento.<\/p>\n\n\n\n<p>Em sua 15\u00aa edi\u00e7\u00e3o, o evento traz como tema central \u201cO futuro do concreto na infraestrutura urbana\u201d e contar\u00e1 com uma vasta programa\u00e7\u00e3o prevista de mais de 50 horas de palestras, pain\u00e9is, congressos e semin\u00e1rios.<br>\u201cSer\u00e3o tr\u00eas salas de programa\u00e7\u00e3o simult\u00e2nea que, al\u00e9m de muito conte\u00fado, tamb\u00e9m ser\u00e3o palcos de muito networking e troca de experi\u00eancia entre os executivos do setor\u201d, explica Fernando D&#8217;Ascola, gerente de produto do Concrete Show.<\/p>\n\n\n\n<p>Ainda segundo o executivo, \u201ca escolha dos temas procurou ser o mais abrangente poss\u00edvel a fim de, n\u00e3o apenas contemplar tem\u00e1ticas importantes da atualidade e que pudesse acrescentar o m\u00e1ximo de informa\u00e7\u00f5es aos participantes.<br>Na Sala 1, nos tr\u00eas dias de evento, a Associa\u00e7\u00e3o Brasileira das Empresas de Servi\u00e7os de Concretagem promover\u00e1 o 3\u00ba Congresso ABESC que debater\u00e1 os seguintes temas: \u201cPavimento Urbano de Concreto\u201d, \u201cParedes de Concreto para Pr\u00e9dios Altos\u201d e \u201cInova\u00e7\u00f5es Sustent\u00e1veis para o Concreto Dosado em Central\u201d.<\/p>\n\n\n\n<p>J\u00e1 na Sala 2, a programa\u00e7\u00e3o \u00e9 bem variada. Entre os temas est\u00e3o: \u201cEngenharia Civil na Infraestrutura Urbana: Desafios e Solu\u00e7\u00f5es\u201d, \u201cInova\u00e7\u00f5es em Material de Constru\u00e7\u00e3o\u201d, seguido pela tem\u00e1tica promovida pelo Instituto Brasileiro do Concreto \u201cO Uso do UHPC (Ultra High Performance Concrete) nas Estruturas de Concreto. Outras tem\u00e1ticas contemplar\u00e3o \u201cDescarboniza\u00e7\u00e3o: Avan\u00e7os Tecnol\u00f3gicos e Impactos Socioecon\u00f4micos\u201d, \u201cO Crescimento das Constru\u00e7\u00f5es Verdes\u201d. Tamb\u00e9m est\u00e1 prevista a realiza\u00e7\u00e3o do \u201cSemin\u00e1rio Internacional da Associa\u00e7\u00e3o Brasileira da Constru\u00e7\u00e3o Industrializada de Concreto\u201d. \u201cModerniza\u00e7\u00e3o da M\u00e3o de Obra na Constru\u00e7\u00e3o Civil Brasileira: Adversidades e Perspectivas\u201d, \u201cTransforma\u00e7\u00e3o e Inova\u00e7\u00e3o na Constru\u00e7\u00e3o em A\u00e7o: Tend\u00eancias e Desafios\u201d, \u201cImpress\u00e3o 3D: Tecnologia Disruptiva e Perspectivas para o Brasil\u201d, \u201cInova\u00e7\u00f5es e Sustentabilidade na Ind\u00fastria Cementeira\u201d e \u201cInsights da World Concrete 2024 para a Constru\u00e7\u00e3o Brasileira\u201d tamb\u00e9m est\u00e3o listados.<\/p>\n\n\n\n<p>A Sala 3 receber\u00e1 as discuss\u00f5es que envolvem assuntos voltados \u00e0 tecnologia e inova\u00e7\u00e3o. As tem\u00e1ticas previstas s\u00e3o \u201cG\u00eameos Digitais e Realidade Aumentada na Constru\u00e7\u00e3o Civil: Transformando o Setor com Realidade Virtual e Tecnologia\u201d, \u201cImpacto da Intelig\u00eancia Artificial na Efici\u00eancia Operacional e na Inova\u00e7\u00e3o da Ind\u00fastria da Constru\u00e7\u00e3o\u201d, \u201cModerniza\u00e7\u00e3o do Canteiro de Obras\u201d, \u201cInd\u00fastria de Agregados na Constru\u00e7\u00e3o: Entraves e Inova\u00e7\u00f5es\u201d, \u201cDesafios e Impactos do Setor de Saneamento\u201d e \u201cO Papel Transformador do Building Information Modelling (BIM)\u201d. O espa\u00e7o tamb\u00e9m dever\u00e1 abrigar o 16\u00ba Semin\u00e1rio de Pisos e Revestimento de Alto Desempenho da ANAPRE, al\u00e9m do Semin\u00e1rio Alugar S\u00e3o Paulo.<\/p>\n\n\n\n<p><br><strong>SERVI\u00c7O<\/strong><strong><br><\/strong><strong>Concrete Show \u2013 Congresso Construindo Conhecimento<\/strong><strong><br><\/strong>Datas: 06, 07, 08 de agosto<br>Local: Rodovia dos Imigrantes, 1,5 km &#8211; Vila \u00c1gua Funda, S\u00e3o Paulo &#8211; SP<br>Inscri\u00e7\u00f5es para o p\u00fablico no site: https:\/\/www.concreteshow.com.br\/<\/p>\n\n\n\n<p><strong>Sobre o Concrete Show <\/strong><strong><br><\/strong>O Concrete Show \u2013 que chega, em 2024, em sua 15\u00aa edi\u00e7\u00e3o no Brasil \u2013 \u00e9 o maior evento de neg\u00f3cios ligados \u00e0 cadeia produtiva da constru\u00e7\u00e3o civil da Am\u00e9rica Latina, sendo parte integrante do circuito World of Concrete no mundo &#8211; evento internacional anual dedicado \u00e0s ind\u00fastrias de constru\u00e7\u00e3o comercial de concreto e alvenaria \u2013 que congrega, ainda, o World of Concrete Asia, ExpoChiac, World of Concrete India, World of Concrete Europe e World Concrete Toronto Pavilion, organizado pela promotora global Informa Markets.<\/p>\n\n\n\n<p>Com \u00eanfase na ind\u00fastria do concreto e de seus assuntos correlatos, al\u00e9m de fomentar o mercado, promove ao redor do mundo conte\u00fado t\u00e9cnico qualificado, networking e oportunidades de neg\u00f3cio, alavancando a cadeia construtiva e reunindo as \u00faltimas tecnologias e tend\u00eancias do setor. O Concrete Show tamb\u00e9m se tornou uma plataforma de neg\u00f3cios completa para a cadeia produtiva da constru\u00e7\u00e3o em concreto e tem como objetivos gerar relacionamentos e entregar conte\u00fados de qualidade, em sinergia, nos ambientes digital e f\u00edsico.<\/p>\n","protected":false},"excerpt":{"rendered":"<p>O futuro do concreto na infraestrutura urbana\u201d ser\u00e1 tema da 15\u00aa edi\u00e7\u00e3o do evento, que acontecer\u00e1 em tr\u00eas palcos simult\u00e2neos O Concrete Show, maior evento da cadeia construtiva da Am\u00e9rica Latina , que acontecer\u00e1 entre os dias 6 e 8 de agosto, no S\u00e3o Paulo Expo, capital paulista \u2013, acaba de anunciar a programa\u00e7\u00e3o pr\u00e9via [&hellip;]<\/p>\n","protected":false},"author":2,"featured_media":2528,"comment_status":"open","ping_status":"open","sticky":false,"template":"","format":"standard","meta":{"footnotes":""},"categories":[23],"tags":[],"class_list":{"0":"post-2527","1":"post","2":"type-post","3":"status-publish","4":"format-standard","5":"has-post-thumbnail","7":"category-feirasdenegocios"},"_links":{"self":[{"href":"https:\/\/tveventos.tv.br\/index.php?rest_route=\/wp\/v2\/posts\/2527","targetHints":{"allow":["GET"]}}],"collection":[{"href":"https:\/\/tveventos.tv.br\/index.php?rest_route=\/wp\/v2\/posts"}],"about":[{"href":"https:\/\/tveventos.tv.br\/index.php?rest_route=\/wp\/v2\/types\/post"}],"author":[{"embeddable":true,"href":"https:\/\/tveventos.tv.br\/index.php?rest_route=\/wp\/v2\/users\/2"}],"replies":[{"embeddable":true,"href":"https:\/\/tveventos.tv.br\/index.php?rest_route=%2Fwp%2Fv2%2Fcomments&post=2527"}],"version-history":[{"count":1,"href":"https:\/\/tveventos.tv.br\/index.php?rest_route=\/wp\/v2\/posts\/2527\/revisions"}],"predecessor-version":[{"id":2529,"href":"https:\/\/tveventos.tv.br\/index.php?rest_route=\/wp\/v2\/posts\/2527\/revisions\/2529"}],"wp:featuredmedia":[{"embeddable":true,"href":"https:\/\/tveventos.tv.br\/index.php?rest_route=\/wp\/v2\/media\/2528"}],"wp:attachment":[{"href":"https:\/\/tveventos.tv.br\/index.php?rest_route=%2Fwp%2Fv2%2Fmedia&parent=2527"}],"wp:term":[{"taxonomy":"category","embeddable":true,"href":"https:\/\/tveventos.tv.br\/index.php?rest_route=%2Fwp%2Fv2%2Fcategories&post=2527"},{"taxonomy":"post_tag","embeddable":true,"href":"https:\/\/tveventos.tv.br\/index.php?rest_route=%2Fwp%2Fv2%2Ftags&post=2527"}],"curies":[{"name":"wp","href":"https:\/\/api.w.org\/{rel}","templated":true}]}}