{"id":2530,"date":"2024-07-11T15:59:19","date_gmt":"2024-07-11T18:59:19","guid":{"rendered":"https:\/\/tveventos.tv.br\/?p=2530"},"modified":"2024-07-11T15:59:23","modified_gmt":"2024-07-11T18:59:23","slug":"industria-de-frutas-flores-legumes-e-verduras-apresenta-oportunidades-para-impulsionar-os-mercados-interno-e-externo","status":"publish","type":"post","link":"https:\/\/tveventos.tv.br\/?p=2530","title":{"rendered":"Ind\u00fastria de frutas, flores, legumes e verduras apresenta oportunidades para impulsionar os mercados interno e externo"},"content":{"rendered":"\n<p class=\"has-text-align-center\">Produtos, solu\u00e7\u00f5es, debates, networks e rodadas de neg\u00f3cios v\u00e3o facilitar tomadas de decis\u00e3o para mais produtividade e oferta na 8\u00aa edi\u00e7\u00e3o do The Brazil Conference &amp; Expo<\/p>\n\n\n\n<p>A comercializa\u00e7\u00e3o e a procura por produtos frescos t\u00eam apresentado aumentos substanciais nos \u00faltimos anos. De acordo com os dados divulgados pela consultoria Nielsen, no Brasil, o setor de Frutas, Verduras e Legumes (FLV) faturou 8,7 bilh\u00f5es, com crescimento de 20% no primeiro trimestre de 2024, em compara\u00e7\u00e3o ao ano anterior. Seja no mercado interno ou internacional, a busca por uma alimenta\u00e7\u00e3o mais saud\u00e1vel vem impulsionando toda a cadeia produtiva de FLV.<\/p>\n\n\n\n<p>Produtores rurais, distribuidores, varejistas e atacadistas desempenham pap\u00e9is importantes no caminho at\u00e9 o consumidor. Para promover ainda mais conex\u00e3o e encontrar solu\u00e7\u00f5es inovadores para esta ind\u00fastria, entre os dias 7 e 8 de agosto, acontecer\u00e1 a 8\u00aa The Brazil Conference &amp; Expo, mais importante feira de produtos frescos da Am\u00e9rica Latina.<\/p>\n\n\n\n<p>Os resultados do sexto boletim do Programa Brasileiro de Moderniza\u00e7\u00e3o do Mercado Hortigranjeiro (Prohort), divulgados pela Companhia Nacional de Abastecimento (Conab) em junho, apontam que os principais produtos de FLV comercializados variaram os pre\u00e7os de acordo com oferta, procura e sazonalidade. Em maio, alface (-8,95%), cebola (-9,11%), tomate (-5,09%), banana (-24,27%), laranja (-13,33%) e mam\u00e3o registraram queda de pre\u00e7o. J\u00e1 a batata (39,94%), a cenoura (5,85%), a ma\u00e7\u00e3 (3,9%) e a melancia (8,1%) apresentaram alta em rela\u00e7\u00e3o a abril. As oscila\u00e7\u00f5es tamb\u00e9m s\u00e3o reflexo das mudan\u00e7as clim\u00e1ticas extremas.<\/p>\n\n\n\n<p>Outro nicho que tamb\u00e9m cresce de forma pujante \u00e9 o de flores e plantas ornamentais que avan\u00e7ou mais que o dobro em cinco anos. Os dados s\u00e3o do Cepea (Centro de Estudos Avan\u00e7ados em Economia Aplicada) em parceria com o Ibraflor (Instituto Brasileiro de Floricultura). Entre 2017 e 2022, o PIB (Produto Interno Bruto) do setor cresceu 83,4%. J\u00e1 em 2023, o aumento foi de 8%, impulsionado por investimentos em tecnologia e pr\u00e1ticas sustent\u00e1veis nas estufas.<\/p>\n\n\n\n<p>Por isso, a edi\u00e7\u00e3o da The Brazil Conference &amp; Expo 2024 investir\u00e1 em solu\u00e7\u00f5es inovadoras para a ind\u00fastria de FFLV (Frutas, Flores, Legumes e Verduras), incluindo debates e rodadas de neg\u00f3cios, que facilitar\u00e3o tomadas de decis\u00e3o que podem proporcionar mais produtividade e oferta ao mercado nacional e internacional. \u201cO setor de FLV no Brasil est\u00e1 em um momento de transforma\u00e7\u00e3o, com um aumento significativo no consumo interno e potencial para expandir suas exporta\u00e7\u00f5es\u201d, ressalta Valeska Oliveira, Country Manager da IFPA e Head de Produtos da Francal, que complementa: \u201cacredito que com investimentos em tecnologia, solu\u00e7\u00f5es sustent\u00e1veis, P&amp;D e conex\u00f5es interpessoais podemos alavancar a nossa oferta interna e externa, e assim ter a oportunidade de consolidar o Brasil como um l\u00edder global na produ\u00e7\u00e3o e exporta\u00e7\u00e3o desses itens\u201d, frisa.<\/p>\n\n\n\n<p>Oportunidade de expans\u00e3o<\/p>\n\n\n\n<p>O Brasil exportou mais de US$ 1,2 bilh\u00e3o em frutas em 2023, um aumento de 26,73% em rela\u00e7\u00e3o ao ano anterior. O volume exportado tamb\u00e9m foi ampliado, alcan\u00e7ando 1,06 milh\u00e3o de toneladas, o que resultou em 6% de crescimento. No \u00faltimo ano, mangas, lim\u00f5es e limas, mel\u00f5es, uvas e melancias lideraram o segmento de produtos frescos exportados.<\/p>\n\n\n\n<p>A probabilidade do aumento de produ\u00e7\u00e3o de cultivos como estes no pa\u00eds \u00e9 apontada no estudo \u201cProje\u00e7\u00f5es do Agroneg\u00f3cio, Brasil 2022\/23 a 2032\/33\u201d, realizado pela Secretaria de Pol\u00edtica Agr\u00edcola do Minist\u00e9rio da Agricultura e Pecu\u00e1ria (Mapa) e pela Empresa Brasileira de Pesquisa Agropecu\u00e1ria (Embrapa). \u201cCom o aumento da demanda, aliado ao aumento de produ\u00e7\u00e3o, podemos contribuir para a sa\u00fade da popula\u00e7\u00e3o e fortalecer a economia nacional\u201d, afirma Valeska. A pesquisa projeta que a produ\u00e7\u00e3o de alimentos frescos at\u00e9 2032\/2033 ser\u00e1 maior. Mel\u00e3o (28,7%), uva (16,3%), manga (22,9%) e ma\u00e7\u00e3 (21,3%) est\u00e3o no topo da lista.<\/p>\n\n\n\n<p>Ingressos<br>Os ingressos est\u00e3o dispon\u00edveis no site do evento, com op\u00e7\u00f5es para a experi\u00eancia completa na 8\u00aa The Brazil Conference &amp; Expo ou apenas visita \u00e0 exposi\u00e7\u00e3o. Associados IFPA possuem 50% de desconto e profissionais de supermercados e cadeias food service podem realizar a inscri\u00e7\u00e3o para a todas as atra\u00e7\u00f5es do evento gratuitamente. Mais informa\u00e7\u00f5es podem ser obtidas pelo e-mail visitantes@francal.com.br ou pelo telefone (11) 2226-3100.<\/p>\n\n\n\n<p>Servi\u00e7o:<br>The Brazil Conference &amp; Expo \u2013 IFPA<br><em>8\u00aa Feira Internacional da Ind\u00fastria de Frutas, Flores, Legumes e Verduras<\/em><em><br><\/em><em>8\u00aa Produce and Floral International Trade Show<\/em><em><br><\/em>Data: 7 e 8 de agosto de 2024<br>Hora: Confer\u00eancia das 8h \u00e0s 11h30 | Exposi\u00e7\u00e3o das 11h30 \u00e0s 19h00<br>Local: Expo Center Norte \u2013 Pavilh\u00e3o Amarelo, S\u00e3o Paulo.<br><a href=\"https:\/\/freshproduce.com.br\/\">freshproduce.com.br<\/a><\/p>\n\n\n\n<p>Sobre a The Brazil Conference &amp; Expo<br>A The Brazil Conference &amp; Expo \u00e9 o mais importante evento de neg\u00f3cios na ind\u00fastria de Frutas, Flores, Legumes e Verduras (FFLV) da Am\u00e9rica Latina e destaca inova\u00e7\u00f5es em produtos, embalagens e tecnologias, proporcionando um ambiente prop\u00edcio para networking, movimentando anualmente toda a ind\u00fastria do segmento. O evento \u00e9 realizado pela IFPA (International Fresh Produce Association), maior e mais diversificada associa\u00e7\u00e3o internacional que atende toda a cadeia de suprimentos de frutas, flores, legumes e verduras, e organizado pela Francal, maior promotora de eventos de neg\u00f3cios 100% brasileira, com extensa variedade de produtos e servi\u00e7os em um local \u00fanico.<\/p>\n","protected":false},"excerpt":{"rendered":"<p>Produtos, solu\u00e7\u00f5es, debates, networks e rodadas de neg\u00f3cios v\u00e3o facilitar tomadas de decis\u00e3o para mais produtividade e oferta na 8\u00aa edi\u00e7\u00e3o do The Brazil Conference &amp; Expo A comercializa\u00e7\u00e3o e a procura por produtos frescos t\u00eam apresentado aumentos substanciais nos \u00faltimos anos. De acordo com os dados divulgados pela consultoria Nielsen, no Brasil, o setor [&hellip;]<\/p>\n","protected":false},"author":2,"featured_media":2531,"comment_status":"open","ping_status":"open","sticky":false,"template":"","format":"standard","meta":{"footnotes":""},"categories":[23],"tags":[],"class_list":{"0":"post-2530","1":"post","2":"type-post","3":"status-publish","4":"format-standard","5":"has-post-thumbnail","7":"category-feirasdenegocios"},"_links":{"self":[{"href":"https:\/\/tveventos.tv.br\/index.php?rest_route=\/wp\/v2\/posts\/2530","targetHints":{"allow":["GET"]}}],"collection":[{"href":"https:\/\/tveventos.tv.br\/index.php?rest_route=\/wp\/v2\/posts"}],"about":[{"href":"https:\/\/tveventos.tv.br\/index.php?rest_route=\/wp\/v2\/types\/post"}],"author":[{"embeddable":true,"href":"https:\/\/tveventos.tv.br\/index.php?rest_route=\/wp\/v2\/users\/2"}],"replies":[{"embeddable":true,"href":"https:\/\/tveventos.tv.br\/index.php?rest_route=%2Fwp%2Fv2%2Fcomments&post=2530"}],"version-history":[{"count":1,"href":"https:\/\/tveventos.tv.br\/index.php?rest_route=\/wp\/v2\/posts\/2530\/revisions"}],"predecessor-version":[{"id":2532,"href":"https:\/\/tveventos.tv.br\/index.php?rest_route=\/wp\/v2\/posts\/2530\/revisions\/2532"}],"wp:featuredmedia":[{"embeddable":true,"href":"https:\/\/tveventos.tv.br\/index.php?rest_route=\/wp\/v2\/media\/2531"}],"wp:attachment":[{"href":"https:\/\/tveventos.tv.br\/index.php?rest_route=%2Fwp%2Fv2%2Fmedia&parent=2530"}],"wp:term":[{"taxonomy":"category","embeddable":true,"href":"https:\/\/tveventos.tv.br\/index.php?rest_route=%2Fwp%2Fv2%2Fcategories&post=2530"},{"taxonomy":"post_tag","embeddable":true,"href":"https:\/\/tveventos.tv.br\/index.php?rest_route=%2Fwp%2Fv2%2Ftags&post=2530"}],"curies":[{"name":"wp","href":"https:\/\/api.w.org\/{rel}","templated":true}]}}