{"id":2534,"date":"2024-07-12T13:08:25","date_gmt":"2024-07-12T16:08:25","guid":{"rendered":"https:\/\/tveventos.tv.br\/?p=2534"},"modified":"2024-07-12T13:08:26","modified_gmt":"2024-07-12T16:08:26","slug":"congresso-fipan-2024-talks-de-panificacao-prometem-inspirar-e-educar","status":"publish","type":"post","link":"https:\/\/tveventos.tv.br\/?p=2534","title":{"rendered":"Congresso FIPAN 2024: Talks de Panifica\u00e7\u00e3o Prometem Inspirar e Educar"},"content":{"rendered":"\n<p><em>O Congresso FIPAN 2024, de 23 a 25 de julho no Expo Center Norte, S\u00e3o Paulo, apresentar\u00e1 talks duplos, destacando-se pela variedade de opini\u00f5es e experi\u00eancias no setor de panifica\u00e7\u00e3o.\u00a0<\/em><\/p>\n\n\n\n<p>Ser\u00e3o tr\u00eas grandes talks:<\/p>\n\n\n\n<p>Ramiro Murillo &amp; Chef F\u00e1bio Bruno (24 de julho, Sala 1, 10:00h) discutir\u00e3o t\u00e9cnicas vencedoras do Trof\u00e9u Trigo de Ouro, com foco em panifica\u00e7\u00e3o artesanal.<\/p>\n\n\n\n<p>Danielle Nagase &amp; Jos\u00e9 Marcos (24 de julho, Sala 2, 10:50h) abordar\u00e3o a import\u00e2ncia cultural do p\u00e3o na chapa e pingado na cultura paulista, explorando sua conex\u00e3o al\u00e9m do paladar.<\/p>\n\n\n\n<p>Chef Marcos Pickina &amp; La\u00e9rcio Surian (25 de julho, Sala 1, 11:45h) discutir\u00e3o tend\u00eancias em sabor, saudabilidade e panifica\u00e7\u00e3o artesanal, valorizando tradi\u00e7\u00e3o e qualidade.<\/p>\n\n\n\n<p>Os talks prometem inspirar e educar os participantes, trazendo o melhor da gastronomia e panifica\u00e7\u00e3o. O Congresso contar\u00e1 com inscri\u00e7\u00f5es limitadas e patrocinadores como Nita, Seara Food Solutions, JTI, Fritsch, Am\u00e9rica Energia S.A. e Doratta. O evento \u00e9 promovido pelo Sampap\u00e3o.<\/p>\n","protected":false},"excerpt":{"rendered":"<p>O Congresso FIPAN 2024, de 23 a 25 de julho no Expo Center Norte, S\u00e3o Paulo, apresentar\u00e1 talks duplos, destacando-se pela variedade de opini\u00f5es e experi\u00eancias no setor de panifica\u00e7\u00e3o.\u00a0 Ser\u00e3o tr\u00eas grandes talks: Ramiro Murillo &amp; Chef F\u00e1bio Bruno (24 de julho, Sala 1, 10:00h) discutir\u00e3o t\u00e9cnicas vencedoras do Trof\u00e9u Trigo de Ouro, com [&hellip;]<\/p>\n","protected":false},"author":3,"featured_media":2535,"comment_status":"open","ping_status":"open","sticky":false,"template":"","format":"standard","meta":{"footnotes":""},"categories":[23],"tags":[],"class_list":{"0":"post-2534","1":"post","2":"type-post","3":"status-publish","4":"format-standard","5":"has-post-thumbnail","7":"category-feirasdenegocios"},"_links":{"self":[{"href":"https:\/\/tveventos.tv.br\/index.php?rest_route=\/wp\/v2\/posts\/2534","targetHints":{"allow":["GET"]}}],"collection":[{"href":"https:\/\/tveventos.tv.br\/index.php?rest_route=\/wp\/v2\/posts"}],"about":[{"href":"https:\/\/tveventos.tv.br\/index.php?rest_route=\/wp\/v2\/types\/post"}],"author":[{"embeddable":true,"href":"https:\/\/tveventos.tv.br\/index.php?rest_route=\/wp\/v2\/users\/3"}],"replies":[{"embeddable":true,"href":"https:\/\/tveventos.tv.br\/index.php?rest_route=%2Fwp%2Fv2%2Fcomments&post=2534"}],"version-history":[{"count":1,"href":"https:\/\/tveventos.tv.br\/index.php?rest_route=\/wp\/v2\/posts\/2534\/revisions"}],"predecessor-version":[{"id":2536,"href":"https:\/\/tveventos.tv.br\/index.php?rest_route=\/wp\/v2\/posts\/2534\/revisions\/2536"}],"wp:featuredmedia":[{"embeddable":true,"href":"https:\/\/tveventos.tv.br\/index.php?rest_route=\/wp\/v2\/media\/2535"}],"wp:attachment":[{"href":"https:\/\/tveventos.tv.br\/index.php?rest_route=%2Fwp%2Fv2%2Fmedia&parent=2534"}],"wp:term":[{"taxonomy":"category","embeddable":true,"href":"https:\/\/tveventos.tv.br\/index.php?rest_route=%2Fwp%2Fv2%2Fcategories&post=2534"},{"taxonomy":"post_tag","embeddable":true,"href":"https:\/\/tveventos.tv.br\/index.php?rest_route=%2Fwp%2Fv2%2Ftags&post=2534"}],"curies":[{"name":"wp","href":"https:\/\/api.w.org\/{rel}","templated":true}]}}