{"id":2555,"date":"2024-07-15T12:06:01","date_gmt":"2024-07-15T15:06:01","guid":{"rendered":"https:\/\/tveventos.tv.br\/?p=2555"},"modified":"2024-07-15T12:06:05","modified_gmt":"2024-07-15T15:06:05","slug":"32o-congresso-expofenabrave-acontece-em-agosto","status":"publish","type":"post","link":"https:\/\/tveventos.tv.br\/?p=2555","title":{"rendered":"32\u00ba Congresso &amp; ExpoFenabrave acontece em agosto"},"content":{"rendered":"\n<p class=\"has-text-align-center\"><em>Evento acontece nos dias 21 e 22. S\u00e3o esperados 6,5 mil visitantes di\u00e1rios.<\/em><\/p>\n\n\n\n<p>Nos dias 21 e 22 de agosto, no S\u00e3o Paulo Expo, acontece o 32\u00ba Congresso &amp; ExpoFenabrave, maior evento da Distribui\u00e7\u00e3o de Ve\u00edculos da Am\u00e9rica Latina e segundo maior do mundo. O evento manter\u00e1 a f\u00f3rmula criada em 2022, com 6 superworkshops e muitas novidades na ExpoFenabrave, que ter\u00e1 palestras curtas nas Arenas de Conte\u00fado.<\/p>\n\n\n\n<p>A curadoria de conte\u00fado segue com Antonio Maciel Neto, ex-CEO das Montadoras Ford e CAOA e fundador da Academia CEO. A empresa organizadora \u00e9 a Expo &amp; Co.<\/p>\n\n\n\n<p>A Cerim\u00f4nia de Abertura ocorre na manh\u00e3 do dia 21 agosto, para a qual s\u00e3o esperadas autoridades pol\u00edticas e setoriais.<\/p>\n\n\n\n<p>O 32\u00ba Congresso &amp; ExpoFenabrave tem como patrocinadores&nbsp;<strong>B3, Banco Honda, C6 Bank, GM Financial, Ita\u00fa, Safra Financeira, Santander, Volkswagen Financial Services e Cons\u00f3rcio Yamaha.&nbsp;<\/strong>&nbsp;<\/p>\n\n\n\n<p><em>\u201cEstamos preparando muitas novidades, a fim de, mais uma vez, criar um evento condizente com um setor que re\u00fane 7.800 Concession\u00e1rios, emprega 315 mil pessoas, diretamente, e representa 5,65% do PIB nacional\u201d, afirma Andreta Jr., Presidente da FENABRAVE.<\/em><\/p>\n\n\n\n<p>Neste ano, o evento ocupar\u00e1 os pavilh\u00f5es 1 e 2, facilitando o acesso aos congressistas. Ser\u00e3o 25 mil metros quadrados, com mais de 200 marcas expositoras e 100 StartUps. A \u00e1rea de exposi\u00e7\u00e3o est\u00e1 quase toda comercializada e a expectativa \u00e9 de 6,5 mil visitantes di\u00e1rios. \u201cO Congresso &amp; ExpoFenabrave tem se consolidado, cada vez mais, como um centro de aquisi\u00e7\u00e3o de conte\u00fado, dada a alta qualidade e relev\u00e2ncia dos superworkshops, e como um polo gerador de neg\u00f3cios e solu\u00e7\u00f5es para os Concession\u00e1rios e fornecedores do Setor da Distribui\u00e7\u00e3o de Ve\u00edculos na feira comercial\u201d, diz o Presidente da FENABRAVE.<\/p>\n\n\n\n<h3 class=\"wp-block-heading\"><strong>Palestrantes confirmados<\/strong><\/h3>\n\n\n\n<p>O evento j\u00e1 tem seus primeiros palestrantes confirmados. O ex-Ministro da Agricultura, Pecu\u00e1ria e Abastecimento, Roberto Rodrigues, vai apresentar&nbsp;<strong>\u201cO Poder do Agroneg\u00f3cio \u2013 Impacto no Setor de Ve\u00edculos\u201d<\/strong>. Engenheiro agr\u00f4nomo, Rodrigues ocupou o minist\u00e9rio de 2003 a 2006. \u00c9 professor em\u00e9rito da Funda\u00e7\u00e3o Get\u00falio Vargas (FGV).<\/p>\n\n\n\n<p>Tamb\u00e9m est\u00e1 confirmado o Diretor em Inova\u00e7\u00e3o e Tecnologias Emergentes na Microsoft, Waldemir Cambiucci, com a palestra&nbsp;<strong>\u201cNovas Tecnologias: Intelig\u00eancia Artificial \u2013 Oportunidades de Neg\u00f3cios para o Mercado da Distribui\u00e7\u00e3o de Ve\u00edculos\u201d<\/strong>. Com mais de 25 anos de experi\u00eancia na \u00e1rea de tecnologia, Cambiucci \u00e9 Engenheiro de Computa\u00e7\u00e3o e Mestre em Engenharia El\u00e9trica pela Escola Polit\u00e9cnica da Universidade de S\u00e3o Paulo.<\/p>\n\n\n\n<p>Para falar sobre&nbsp;<strong>\u201cMarcas Fortes e Sucesso em Diferentes Canais de Venda\u201d<\/strong>, o convidado \u00e9 o CEO da BRF, Miguel Gularte. O executivo, com 40 anos de experi\u00eancia, lidera a transforma\u00e7\u00e3o da Marfrig Foods na Am\u00e9rica do Sul.<\/p>\n\n\n\n<h3 class=\"wp-block-heading\"><strong>Informa\u00e7\u00f5es para imprensa, assessores de comunica\u00e7\u00e3o de expositores e das Associa\u00e7\u00f5es de Marcas<\/strong><\/h3>\n\n\n\n<p>Jornalistas de ve\u00edculos de imprensa e assessores de comunica\u00e7\u00e3o das Associa\u00e7\u00f5es de Marcas e das empresas expositoras poder\u00e3o se cadastrar para a cobertura ou acompanhamento de seus assessorados no evento. Os profissionais da comunica\u00e7\u00e3o ter\u00e3o acesso gratuito, n\u00e3o sendo pagas ou reembolsadas despesas de deslocamento ou hospedagens. O credenciamento poder\u00e1 ser feito no site oficial do evento e as inscri\u00e7\u00f5es ser\u00e3o abertas em XX\/XX.<\/p>\n\n\n\n<h3 class=\"wp-block-heading\"><strong>Servi\u00e7o<\/strong><\/h3>\n\n\n\n<p><strong>32\u00b0 Congresso &amp; ExpoFenabrave<\/strong><\/p>\n\n\n\n<p><strong>Data:&nbsp;<\/strong>21 e 22 de agosto&nbsp;<br><strong>Local:<\/strong>&nbsp;S\u00e3o Paulo Expo Convention Center \u2013 S\u00e3o Paulo (SP)<\/p>\n\n\n\n<p>Informa\u00e7\u00f5es:&nbsp;<a href=\"http:\/\/www.congresso-fenabrave.com.br\/Home\">http:\/\/www.congresso-fenabrave.com.br\/Home<\/a><\/p>\n\n\n\n<p>Contato: e-mail:&nbsp;<a href=\"mailto:congresso.expo@fenabrave.org.br\">congresso.expo@fenabrave.org.br<\/a>&nbsp;\/ Tel.: (11) 5582-0091<\/p>\n","protected":false},"excerpt":{"rendered":"<p>Evento acontece nos dias 21 e 22. S\u00e3o esperados 6,5 mil visitantes di\u00e1rios. Nos dias 21 e 22 de agosto, no S\u00e3o Paulo Expo, acontece o 32\u00ba Congresso &amp; ExpoFenabrave, maior evento da Distribui\u00e7\u00e3o de Ve\u00edculos da Am\u00e9rica Latina e segundo maior do mundo. O evento manter\u00e1 a f\u00f3rmula criada em 2022, com 6 superworkshops [&hellip;]<\/p>\n","protected":false},"author":2,"featured_media":2556,"comment_status":"open","ping_status":"open","sticky":false,"template":"","format":"standard","meta":{"footnotes":""},"categories":[23],"tags":[],"class_list":{"0":"post-2555","1":"post","2":"type-post","3":"status-publish","4":"format-standard","5":"has-post-thumbnail","7":"category-feirasdenegocios"},"_links":{"self":[{"href":"https:\/\/tveventos.tv.br\/index.php?rest_route=\/wp\/v2\/posts\/2555","targetHints":{"allow":["GET"]}}],"collection":[{"href":"https:\/\/tveventos.tv.br\/index.php?rest_route=\/wp\/v2\/posts"}],"about":[{"href":"https:\/\/tveventos.tv.br\/index.php?rest_route=\/wp\/v2\/types\/post"}],"author":[{"embeddable":true,"href":"https:\/\/tveventos.tv.br\/index.php?rest_route=\/wp\/v2\/users\/2"}],"replies":[{"embeddable":true,"href":"https:\/\/tveventos.tv.br\/index.php?rest_route=%2Fwp%2Fv2%2Fcomments&post=2555"}],"version-history":[{"count":1,"href":"https:\/\/tveventos.tv.br\/index.php?rest_route=\/wp\/v2\/posts\/2555\/revisions"}],"predecessor-version":[{"id":2557,"href":"https:\/\/tveventos.tv.br\/index.php?rest_route=\/wp\/v2\/posts\/2555\/revisions\/2557"}],"wp:featuredmedia":[{"embeddable":true,"href":"https:\/\/tveventos.tv.br\/index.php?rest_route=\/wp\/v2\/media\/2556"}],"wp:attachment":[{"href":"https:\/\/tveventos.tv.br\/index.php?rest_route=%2Fwp%2Fv2%2Fmedia&parent=2555"}],"wp:term":[{"taxonomy":"category","embeddable":true,"href":"https:\/\/tveventos.tv.br\/index.php?rest_route=%2Fwp%2Fv2%2Fcategories&post=2555"},{"taxonomy":"post_tag","embeddable":true,"href":"https:\/\/tveventos.tv.br\/index.php?rest_route=%2Fwp%2Fv2%2Ftags&post=2555"}],"curies":[{"name":"wp","href":"https:\/\/api.w.org\/{rel}","templated":true}]}}