{"id":2558,"date":"2024-07-16T10:26:43","date_gmt":"2024-07-16T13:26:43","guid":{"rendered":"https:\/\/tveventos.tv.br\/?p=2558"},"modified":"2024-07-16T10:26:45","modified_gmt":"2024-07-16T13:26:45","slug":"pl-connection-2024-espera-receber-mais-de-3-mil-varejistas-e-profissionais-do-setor-de-marca-propria","status":"publish","type":"post","link":"https:\/\/tveventos.tv.br\/?p=2558","title":{"rendered":"PL Connection 2024 espera receber mais de 3 mil varejistas e profissionais do setor de marca pr\u00f3pria"},"content":{"rendered":"\n<p class=\"has-text-align-center\">Evento ser\u00e1 realizado no Expo Center Norte, em S\u00e3o Paulo, reunindo expositores, palestrantes e l\u00edderes do setor de marcas pr\u00f3prias<\/p>\n\n\n\n<p>O PL Connection, principal evento de <em>private label<\/em> da Am\u00e9rica Latina, anuncia sua edi\u00e7\u00e3o de 2024, que acontecer\u00e1 de 17 a 19 de setembro no Pavilh\u00e3o Azul do Expo Center Norte, em S\u00e3o Paulo. Promovido pela Francal e pela Amicci, o evento reunir\u00e1 empresas, compradores e especialistas do setor para impulsionar o crescimento desse mercado.<\/p>\n\n\n\n<p>Segundo dados da Nielsen, enquanto a participa\u00e7\u00e3o das <em>private labels<\/em> no mercado brasileiro como um todo foi de apenas 2% no primeiro trimestre de 2023, a m\u00e9dia mundial \u00e9 de 23%. Esse contraste revela um potencial significativo para crescimento no Brasil.<\/p>\n\n\n\n<p>Os organizadores esperam reunir mais de 3 mil visitantes no evento, que busca promover o encontro de ideias e neg\u00f3cios por meio de conte\u00fado qualificado com palestrantes nacionais e internacionais. \u201cO PL Connection \u00e9 o local ideal para empresas que desejam se conectar com novos clientes, lan\u00e7ar novos produtos e continuar se atualizando sobre as \u00faltimas tend\u00eancias do mercado\u201d, afirma Fernando Ruas, CEO da Francal<\/p>\n\n\n\n<p>A programa\u00e7\u00e3o ser\u00e1 mais abrangente, incluindo palestras, workshops, pain\u00e9is de discuss\u00e3o e networking, proporcionando aos participantes uma experi\u00eancia completa e diversas oportunidades de neg\u00f3cios. Alguns palestrantes j\u00e1 confirmados s\u00e3o Ana Paula Gilsogamo, representante do Grupo Mintel, al\u00e9m de Pedro Cajueiro, Gerente da Casa &amp; V\u00eddeo, e Ana Maria Diniz, Fundadora Instituto Pen\u00ednsula.&nbsp; O evento tamb\u00e9m vai contar com diversas palestras na Arena PL Connection, trazendo conte\u00fados gerais e t\u00e9cnicos para o setor.<\/p>\n\n\n\n<p>\u201cEntre as novidades desta edi\u00e7\u00e3o est\u00e1 a meta de alcan\u00e7ar 100 expositores que representam as principais marcas e solu\u00e7\u00f5es do mercado de <em>private label<\/em>, al\u00e9m da presen\u00e7a de palestrantes renomados do mercado nacional e internacional, que compartilhar\u00e3o suas experi\u00eancias e conhecimentos\u201d, destaca Ant\u00f4nio S\u00e1, s\u00f3cio-fundador da Amicci.<\/p>\n\n\n\n<p>A edi\u00e7\u00e3o de 2023 contou com 43 expositores, distribu\u00eddos entre os setores de Alimenta\u00e7\u00e3o (60,6%), Beleza, Sa\u00fade e Bem-Estar (23,2%), Diversos (9,1%) e Pet (7,1%) e atraiu 2.500 visitantes, dos quais 60% eram tomadores de decis\u00f5es, incluindo gerentes (18%), diretores (19%) e CEOs (23%), representando 18 estados brasileiros. O evento tamb\u00e9m recebeu redes varejistas de destaque, como Petz, PagueMenos, Carrefour, Assa\u00ed Atacadista, RaiaDrogasil, Sumir\u00ea, Lopes Supermercados, GPA, Panvel Farm\u00e1cias e Petland.<\/p>\n\n\n\n<p><strong>PL Connection 2024<\/strong><\/p>\n\n\n\n<p><strong>Dia:<\/strong> 17 a 19 de setembro de 2024<\/p>\n\n\n\n<p><strong>Hor\u00e1rio:<\/strong> das 10h \u00e0s 20h nos dois primeiros dias. No terceiro dia, das 10h \u00e0s 18h.<\/p>\n\n\n\n<p><strong>Local:<\/strong> Expo Center Norte &#8211; Rua Jos\u00e9 Bernardo Pinto, 333 &#8211; Vila Guilherme, S\u00e3o Paulo (SP).<\/p>\n\n\n\n<p>Mais informa\u00e7\u00f5es sobre o PL Connection 2024 e credenciamento: <a href=\"https:\/\/plconnection.com.br\/\">https:\/\/plconnection.com.br\/<\/a><\/p>\n\n\n\n<p><strong>Sobre o PL Connection<\/strong><\/p>\n\n\n\n<p>O PL Connection \u00e9 o principal evento de <em>private label<\/em> da Am\u00e9rica Latina, organizado pela Francal Feiras e pela Amicci. Desde a sua funda\u00e7\u00e3o, o evento tem sido um ponto de encontro essencial para profissionais do setor de marcas pr\u00f3prias, reunindo as principais companhias, fornecedores e especialistas do mercado. O PL Connection oferece uma plataforma abrangente que inclui exposi\u00e7\u00f5es, palestras, workshops e pain\u00e9is de discuss\u00e3o, cobrindo temas como inova\u00e7\u00e3o, tend\u00eancias de mercado, estrat\u00e9gias de branding e desenvolvimento de produtos. Al\u00e9m disso, o evento promove networking e parcerias estrat\u00e9gicas, proporcionando um ambiente prop\u00edcio para a troca de experi\u00eancias e o fechamento de neg\u00f3cios. A cada edi\u00e7\u00e3o, o PL Connection se consolida como um espa\u00e7o de refer\u00eancia para o setor, fortalecendo e potencializando o ecossistema de <em>private label <\/em>na Am\u00e9rica Latina. Para mais informa\u00e7\u00f5es, acesse: <a href=\"https:\/\/plconnection.com.br\/\">https:\/\/plconnection.com.br\/<\/a>.<\/p>\n\n\n\n<p><strong>Sobre a Francal<\/strong><\/p>\n\n\n\n<p>A Francal foi fundada na cidade de Franca, interior de S\u00e3o Paulo, em 1969. H\u00e1 55 anos contribui para o fomento ao desenvolvimento econ\u00f4mico e social, atuando em 15 setores m\u00faltiplos, atraindo conex\u00f5es entre empresas nacionais e internacionais. Em mais de cinco d\u00e9cadas, tornou-se uma das maiores e mais s\u00f3lidas promotoras de eventos com 16 eventos no portf\u00f3lio. Em 2024, estabelecida como um ecossistema para eventos, a Francal vislumbra um futuro pr\u00f3ximo ascendente na oferta de conex\u00f5es e no avan\u00e7o dos neg\u00f3cios. Mais informa\u00e7\u00f5es, acesse: <a href=\"https:\/\/francal.com.br\/\">https:\/\/francal.com.br\/<\/a><\/p>\n\n\n\n<p><strong>Sobre a Amicci<\/strong><\/p>\n\n\n\n<p>A Amicci \u00e9 um marketplace que conecta varejo e ind\u00fastria em uma plataforma de produtos para marcas pr\u00f3prias de sucesso. O ecossistema \u00e9 o maior desenvolvedor de produtos exclusivos da Am\u00e9rica Latina, com mais de 7000 projetos, unindo ind\u00fastrias e varejistas do mundo em um s\u00f3 lugar. Mais informa\u00e7\u00f5es, acesse: <a href=\"https:\/\/amicci.com.br\/\">https:\/\/amicci.com.br<\/a><\/p>\n","protected":false},"excerpt":{"rendered":"<p>Evento ser\u00e1 realizado no Expo Center Norte, em S\u00e3o Paulo, reunindo expositores, palestrantes e l\u00edderes do setor de marcas pr\u00f3prias O PL Connection, principal evento de private label da Am\u00e9rica Latina, anuncia sua edi\u00e7\u00e3o de 2024, que acontecer\u00e1 de 17 a 19 de setembro no Pavilh\u00e3o Azul do Expo Center Norte, em S\u00e3o Paulo. Promovido [&hellip;]<\/p>\n","protected":false},"author":2,"featured_media":2559,"comment_status":"open","ping_status":"open","sticky":false,"template":"","format":"standard","meta":{"footnotes":""},"categories":[23],"tags":[],"class_list":{"0":"post-2558","1":"post","2":"type-post","3":"status-publish","4":"format-standard","5":"has-post-thumbnail","7":"category-feirasdenegocios"},"_links":{"self":[{"href":"https:\/\/tveventos.tv.br\/index.php?rest_route=\/wp\/v2\/posts\/2558","targetHints":{"allow":["GET"]}}],"collection":[{"href":"https:\/\/tveventos.tv.br\/index.php?rest_route=\/wp\/v2\/posts"}],"about":[{"href":"https:\/\/tveventos.tv.br\/index.php?rest_route=\/wp\/v2\/types\/post"}],"author":[{"embeddable":true,"href":"https:\/\/tveventos.tv.br\/index.php?rest_route=\/wp\/v2\/users\/2"}],"replies":[{"embeddable":true,"href":"https:\/\/tveventos.tv.br\/index.php?rest_route=%2Fwp%2Fv2%2Fcomments&post=2558"}],"version-history":[{"count":1,"href":"https:\/\/tveventos.tv.br\/index.php?rest_route=\/wp\/v2\/posts\/2558\/revisions"}],"predecessor-version":[{"id":2560,"href":"https:\/\/tveventos.tv.br\/index.php?rest_route=\/wp\/v2\/posts\/2558\/revisions\/2560"}],"wp:featuredmedia":[{"embeddable":true,"href":"https:\/\/tveventos.tv.br\/index.php?rest_route=\/wp\/v2\/media\/2559"}],"wp:attachment":[{"href":"https:\/\/tveventos.tv.br\/index.php?rest_route=%2Fwp%2Fv2%2Fmedia&parent=2558"}],"wp:term":[{"taxonomy":"category","embeddable":true,"href":"https:\/\/tveventos.tv.br\/index.php?rest_route=%2Fwp%2Fv2%2Fcategories&post=2558"},{"taxonomy":"post_tag","embeddable":true,"href":"https:\/\/tveventos.tv.br\/index.php?rest_route=%2Fwp%2Fv2%2Ftags&post=2558"}],"curies":[{"name":"wp","href":"https:\/\/api.w.org\/{rel}","templated":true}]}}