{"id":2561,"date":"2024-07-17T17:48:37","date_gmt":"2024-07-17T20:48:37","guid":{"rendered":"https:\/\/tveventos.tv.br\/?p=2561"},"modified":"2024-07-17T17:48:40","modified_gmt":"2024-07-17T20:48:40","slug":"siavs-experience-promove-imersao-na-producao-de-proteina-animal-do-brasil","status":"publish","type":"post","link":"https:\/\/tveventos.tv.br\/?p=2561","title":{"rendered":"SIAVS Experience promove imers\u00e3o na produ\u00e7\u00e3o de prote\u00edna animal do Brasil"},"content":{"rendered":"\n<p class=\"has-text-align-center\">Espa\u00e7o interativo contar\u00e1 com realidade virtual e passeio pelos atributos do setor<\/p>\n\n\n\n<p>A experi\u00eancia imersiva ser\u00e1 o destaque de um espa\u00e7o dedicado a promover um mergulho na produ\u00e7\u00e3o de prote\u00edna animal durante o Sal\u00e3o Internacional de Prote\u00edna Animal (SIAVS), maior evento do setor no Brasil, programado entre os dias 06 e 08 de agosto no Distrito Parque, em S\u00e3o Paulo (SP).<\/p>\n\n\n\n<p>O SIAVS Experience \u2013 como \u00e9 chamada a experi\u00eancia \u2013 promover\u00e1 uma imers\u00e3o virtual nas diversas etapas da produ\u00e7\u00e3o de prote\u00ednas, a partir de imagens capturadas em unidades produtoras brasileiras, do campo \u00e0 ind\u00fastria, al\u00e9m de chamar aten\u00e7\u00e3o do papel das prote\u00ednas brasileiras para a seguran\u00e7a alimentar global.<\/p>\n\n\n\n<p>A experi\u00eancia come\u00e7ar\u00e1 com realidade virtual, no SIAVS 360\u00ba. Nele, ser\u00e1 poss\u00edvel participar de visitas virtuais \u00e0 granjas e \u00e0s modernas ind\u00fastrias de processamento de prote\u00edna animal do Brasil. A a\u00e7\u00e3o contar\u00e1 com \u00f3culos de realidade virtual, com v\u00eddeos capturados em unidades produtoras de aves e de su\u00ednos.<\/p>\n\n\n\n<p>Ap\u00f3s o SIAVS 360\u00ba, o visitante ser\u00e1 convidado a percorrer corredores com uma exposi\u00e7\u00e3o de pain\u00e9is e v\u00eddeos que mostram, na pr\u00e1tica, os atributos da cadeia de produ\u00e7\u00e3o de prote\u00edna animal do Brasil, como a qualidade (e os aspectos t\u00e9cnicos que a garantem aos produtos brasileiros), o status sanit\u00e1rio (e a biosseguridade) e a sustentabilidade da produ\u00e7\u00e3o.<\/p>\n\n\n\n<p>\u201cVamos utilizar a tecnologia para integrar experi\u00eancias e mostrar ao p\u00fablico presente e aos menos familiarizados com a produ\u00e7\u00e3o, o que realizamos com qualidade, sanidade e sustentabilidade com total transpar\u00eancia. A prote\u00edna animal do Brasil tem presen\u00e7a global, mas muitos n\u00e3o conhecem os motivos. L\u00e1, eles conhecer\u00e3o melhor\u201d, destacou o presidente da ABPA, Ricardo Santin, ressaltando especialmente a presen\u00e7a de stakeholders, estudantes e clientes do atacado e varejo, entre outros.<\/p>\n\n\n\n<p>Conhe\u00e7a as atra\u00e7\u00f5es do SIAVS e saiba mais sobre a programa\u00e7\u00e3o do evento pelo site www.siavs.com.br.<\/p>\n\n\n\n<p class=\"has-text-align-center\"><br><\/p>\n","protected":false},"excerpt":{"rendered":"<p>Espa\u00e7o interativo contar\u00e1 com realidade virtual e passeio pelos atributos do setor A experi\u00eancia imersiva ser\u00e1 o destaque de um espa\u00e7o dedicado a promover um mergulho na produ\u00e7\u00e3o de prote\u00edna animal durante o Sal\u00e3o Internacional de Prote\u00edna Animal (SIAVS), maior evento do setor no Brasil, programado entre os dias 06 e 08 de agosto no [&hellip;]<\/p>\n","protected":false},"author":2,"featured_media":2562,"comment_status":"open","ping_status":"open","sticky":false,"template":"","format":"standard","meta":{"footnotes":""},"categories":[23],"tags":[],"class_list":{"0":"post-2561","1":"post","2":"type-post","3":"status-publish","4":"format-standard","5":"has-post-thumbnail","7":"category-feirasdenegocios"},"_links":{"self":[{"href":"https:\/\/tveventos.tv.br\/index.php?rest_route=\/wp\/v2\/posts\/2561","targetHints":{"allow":["GET"]}}],"collection":[{"href":"https:\/\/tveventos.tv.br\/index.php?rest_route=\/wp\/v2\/posts"}],"about":[{"href":"https:\/\/tveventos.tv.br\/index.php?rest_route=\/wp\/v2\/types\/post"}],"author":[{"embeddable":true,"href":"https:\/\/tveventos.tv.br\/index.php?rest_route=\/wp\/v2\/users\/2"}],"replies":[{"embeddable":true,"href":"https:\/\/tveventos.tv.br\/index.php?rest_route=%2Fwp%2Fv2%2Fcomments&post=2561"}],"version-history":[{"count":1,"href":"https:\/\/tveventos.tv.br\/index.php?rest_route=\/wp\/v2\/posts\/2561\/revisions"}],"predecessor-version":[{"id":2563,"href":"https:\/\/tveventos.tv.br\/index.php?rest_route=\/wp\/v2\/posts\/2561\/revisions\/2563"}],"wp:featuredmedia":[{"embeddable":true,"href":"https:\/\/tveventos.tv.br\/index.php?rest_route=\/wp\/v2\/media\/2562"}],"wp:attachment":[{"href":"https:\/\/tveventos.tv.br\/index.php?rest_route=%2Fwp%2Fv2%2Fmedia&parent=2561"}],"wp:term":[{"taxonomy":"category","embeddable":true,"href":"https:\/\/tveventos.tv.br\/index.php?rest_route=%2Fwp%2Fv2%2Fcategories&post=2561"},{"taxonomy":"post_tag","embeddable":true,"href":"https:\/\/tveventos.tv.br\/index.php?rest_route=%2Fwp%2Fv2%2Ftags&post=2561"}],"curies":[{"name":"wp","href":"https:\/\/api.w.org\/{rel}","templated":true}]}}