{"id":2564,"date":"2024-07-18T15:44:49","date_gmt":"2024-07-18T18:44:49","guid":{"rendered":"https:\/\/tveventos.tv.br\/?p=2564"},"modified":"2024-07-18T15:44:52","modified_gmt":"2024-07-18T18:44:52","slug":"estetika-debate-potencial-inovador-dos-exossomos-em-tratamentos-para-pele","status":"publish","type":"post","link":"https:\/\/tveventos.tv.br\/?p=2564","title":{"rendered":"Estetika debate potencial inovador dos exossomos em tratamentos para pele"},"content":{"rendered":"\n<p class=\"has-text-align-center\"><em>Possibilidades de aplica\u00e7\u00e3o e perspectivas ser\u00e3o abordadas no 30<sup>o<\/sup>\u00a0Congresso Cient\u00edfico Internacional de Est\u00e9tica, que acontece de 25 a 28 de julho no S\u00e3o Paulo Expo<\/em><\/p>\n\n\n\n<p>Os exossomos, recursos dos mais promissores para cuidados avan\u00e7ados com a pele e o cabelo, atraem aten\u00e7\u00e3o crescente na ind\u00fastria cosm\u00e9tica e no setor de cuidados com o corpo, a face e a autoestima. N\u00e3o \u00e0 toa, eles estiveram entre os principais temas do mais recente encontro mundial da IMCAS (Congresso Internacional Profissional em Ci\u00eancia do Envelhecimento), realizado em Paris no m\u00eas de fevereiro. Pesquisas, aplica\u00e7\u00f5es inovadoras e as perspectivas de populariza\u00e7\u00e3o dessa tecnologia ser\u00e3o discutidas na edi\u00e7\u00e3o especial de 30 anos do Estetika, encontro mais importante de est\u00e9tica, sa\u00fade, beleza e bem-estar da Am\u00e9rica Latina. O evento, realizado pela GL events Exhibitions,&nbsp;divis\u00e3o da multinacional francesa GL events, catalisadora de neg\u00f3cios com a realiza\u00e7\u00e3o de eventos B2B e B2C,&nbsp;acontece de 25 a 28 de julho no S\u00e3o Paulo Expo.<\/p>\n\n\n\n<p>Em linhas b\u00e1sicas, os exossomos s\u00e3o pequenas ves\u00edculas extracelulares secretadas por diversas c\u00e9lulas no corpo, e que desempenham um papel importante na comunica\u00e7\u00e3o intercelular e na transfer\u00eancia de nutrientes. Eles s\u00e3o respons\u00e1veis por transportar mol\u00e9culas como prote\u00ednas, lip\u00eddios e RNA entre c\u00e9lulas, influenciando diversos processos biol\u00f3gicos \u2013 entre eles a regenera\u00e7\u00e3o celular, o aumento da hidrata\u00e7\u00e3o, a redu\u00e7\u00e3o de inflama\u00e7\u00f5es e a revers\u00e3o potencial dos sinais de envelhecimento.<br>&nbsp;<\/p>\n\n\n\n<p>&#8220;A constante busca por ativos que mimetizam os mecanismos que o pr\u00f3prio organismo produz hoje \u00e9 uma realidade, e os exossomos se enquadram nesta categoria&#8221;, afirma Mika Yamaguchi, farmac\u00eautica bioqu\u00edmica que atua h\u00e1 30 anos no desenvolvimento de novos produtos dermocosm\u00e9ticos e nutrac\u00eauticos. Tamb\u00e9m Mestre em Ci\u00eancias da Sa\u00fade pela UNIFESP, ela avalia que os benef\u00edcios s\u00e3o muitos, permitidos pela capacidade de potencializa\u00e7\u00e3o da resposta do organismo, &#8220;em aplica\u00e7\u00f5es que podem transformar os resultados dos tratamentos&#8221;.<br>&nbsp;<\/p>\n\n\n\n<p>A especialista, que tamb\u00e9m \u00e9 diretora cient\u00edfica e de inova\u00e7\u00e3o da Be Science, e fundadora do Skin &amp; Connections World Summit, ser\u00e1 respons\u00e1vel por uma palestra sobre o tema na edi\u00e7\u00e3o de 2024 do Congresso Cient\u00edfico Internacional de Est\u00e9tica (Congresso Estetika), integrado \u00e0s atra\u00e7\u00f5es do 30<sup>o<\/sup>&nbsp;Estetika. A apresenta\u00e7\u00e3o &#8220;Exossomos: Desvendando os Mitos e Verdades&#8221; ser\u00e1 no dia 26 de julho, \u00e0s 15h10.<br>&nbsp;<\/p>\n\n\n\n<p><strong>Potencial em estudo<\/strong><\/p>\n\n\n\n<p>As primeiras pesquisas sobre o tema foram publicadas apenas em julho de 2023. Nos Estados Unidos, o uso de exossomos aguarda avalia\u00e7\u00e3o pelas autoridades sanit\u00e1rias, enquanto no Brasil e na Europa eles s\u00e3o utilizados por ora em aplica\u00e7\u00f5es t\u00f3picas para melhorar o crescimento celular da pele.<br>&nbsp;<\/p>\n\n\n\n<p>Em di\u00e1logo com as \u00faltimas tend\u00eancias em est\u00e9tica, que buscam procedimentos menos invasivos, os exossomos se destacam em meio aos produtos e ingredientes sint\u00e9ticos, conforme avalia Yamaguchi. &#8220;Pelo fato de mimetizar algo que o organismo mesmo produz, os exossomos podem oferecer a possibilidade da pr\u00f3pria pele responder de uma forma mais efetiva, assim os resultados alcan\u00e7ados podem ser mais naturais&#8221;, pondera a especialista.<br>&nbsp;<\/p>\n\n\n\n<p>Apesar do car\u00e1ter inovador, Yamaguchi relata que o tema n\u00e3o \u00e9 completamente uma novidade. &#8220;Os exossomos aut\u00f3logos s\u00e3o j\u00e1 estudados h\u00e1 algum tempo na medicina regenerativa&#8221;, ela destaca, considerando tamb\u00e9m que as pesquisas sobre o assunto v\u00eam se intensificando em termos mais espec\u00edficos, e s\u00e3o fundamentais para lastrear todas as expectativas geradas pelos exossomos nos tratamentos de pele.<br>&nbsp;<\/p>\n\n\n\n<p><strong>Em debate, as principais tend\u00eancias e perspectivas em est\u00e9tica<\/strong><\/p>\n\n\n\n<p>O 30<sup>o<\/sup>&nbsp;Congresso Cient\u00edfico Internacional de Est\u00e9tica (Congresso Estetika) ser\u00e1 realizado ao longo dos quatro dias do Estetika 2024. A programa\u00e7\u00e3o oferece mais de 28 horas de conte\u00fado de alto n\u00edvel sobre tecnologias, t\u00e9cnicas e inova\u00e7\u00f5es que apoiam os servi\u00e7os de cuidados com o corpo, a face e a autoestima.<\/p>\n\n\n\n<p>No dia 25 de julho, o Pr\u00e9-Congresso THX vai compartilhar dicas de gest\u00e3o, empreendedorismo, vendas e marketing para os profissionais se destacarem no mercado. J\u00e1 de 26 a 28 de julho, mesas-redondas e palestras ir\u00e3o abordar tecnologias, t\u00e9cnicas e inova\u00e7\u00f5es que v\u00e3o aprimorar o conhecimento de profissionais e estudantes da sa\u00fade est\u00e9tica. Al\u00e9m dos exossomos, novas t\u00e9cnicas de preenchimento labial, tratamento avan\u00e7ado da gordura corporal, quest\u00f5es legais e \u00e9ticas na pr\u00e1tica est\u00e9tica com injet\u00e1veis, o papel dos esteticistas das celebridades e dermoinova\u00e7\u00e3o (novas fronteiras em peelings e clareadores cut\u00e2neos) tamb\u00e9m ser\u00e3o debatidos, entre outros pontos.<br>&nbsp;<\/p>\n\n\n\n<p>&#8220;O Congresso Cient\u00edfico Internacional de Est\u00e9tica tem contribu\u00eddo para a discuss\u00e3o de tend\u00eancias e o avan\u00e7o do setor na Am\u00e9rica Latina nas \u00faltimas tr\u00eas d\u00e9cadas. O evento tem um papel hist\u00f3rico gratificante e que nos estimula a nos empenharmos para melhorar sempre na curadoria de conte\u00fado e na experi\u00eancia para os congressistas e todos os visitantes do evento&#8221;, afirma Patr\u00edcia Doria, Show Manager do Congresso e Feira Estetika na GL events Exhibitions.<\/p>\n\n\n\n<p><strong>Servi\u00e7o:<\/strong><\/p>\n\n\n\n<p>Estetika 2024 | 30\u00aa Feira e 30\u00ba Congresso Cient\u00edfico Internacional de Est\u00e9tica<\/p>\n\n\n\n<p>Data: 25 a 28 de julho de 2024<\/p>\n\n\n\n<p>Local: S\u00e3o Paulo Expo. Rodovia dos Imigrantes, 1,5 km \u2013 Vila \u00c1gua Funda, S\u00e3o Paulo.<\/p>\n\n\n\n<p>Mais informa\u00e7\u00f5es e inscri\u00e7\u00f5es:\u00a0<a href=\"https:\/\/congressoestetika.com.br\/inscricao-congresso2024\/?utm_source=google&amp;utm_medium=cpc&amp;utm_campaign=institucional_search&amp;utm_source_platform=google_ads&amp;utm_creative_format=pesquisa&amp;utm_marketing_tactic=palavras_chaves&amp;gad_source=1&amp;gclid=CjwKCAjwt-OwBhBnEiwAgwzrUpdHGCmbKU1J3xnoZP5RJQb3iVdpbK2JXvbf7OtCI2mQy91e3qjw2RoCcG4QAvD_BwE\" target=\"_blank\" rel=\"noreferrer noopener\"><u>clique aqui.<\/u><\/a><br>\u00a0<\/p>\n\n\n\n<p><strong>Sobre o Estetika<\/strong><\/p>\n\n\n\n<p>O Estetika \u00e9 o evento mais importante de est\u00e9tica, sa\u00fade, beleza e bem-estar da Am\u00e9rica Latina. Em sua 30\u00aa edi\u00e7\u00e3o, o encontro re\u00fane um Congresso Cient\u00edfico Internacional, Simp\u00f3sios, Feira de neg\u00f3cios com workshops gratuitos, entre outras atra\u00e7\u00f5es. Atrav\u00e9s do portal Estetika Digital, exclusivo no setor, Estetika oferece uma plataforma de conte\u00fado t\u00e9cnico, de empreendedorismo e lifestyle, dispon\u00edvel a qualquer momento, complementando as experi\u00eancias presenciais.<\/p>\n\n\n\n<p>A realiza\u00e7\u00e3o do Estetika \u00e9 da GL events Exhibitions, uma empresa da multinacional francesa GL&nbsp;events \u2013 um dos principais players do mercado de eventos no mundo, presente em 27 pa\u00edses. Importante catalisadora de neg\u00f3cios com a organiza\u00e7\u00e3o e promo\u00e7\u00e3o de eventos B2B e B2C, \u00e9 respons\u00e1vel pela realiza\u00e7\u00e3o de congressos, festivais e feiras representativas em diversos segmentos da economia: Bienal do Livro Rio e Bienal do Livro Bahia, no Mercado Editorial; Mondial de la Bi\u00e8re e Brasil Brau, no universo Cervejeiro; Congresso Cient\u00edfico e Feira Estetika, o evento mais importante de Est\u00e9tica, Sa\u00fade, Beleza e Bem-estar da Am\u00e9rica Latina; e ExpoPostos &amp; Conveni\u00eancia, maior evento do setor de combust\u00edveis e conveni\u00eancia da Am\u00e9rica Latina. Atenta \u00e0s necessidades dos seus p\u00fablicos, desenvolve produtos que estimulam o contato dos visitantes com as principais tend\u00eancias e novidades, incentivando discuss\u00f5es de conte\u00fado relevantes, intera\u00e7\u00e3o e networking, al\u00e9m da gera\u00e7\u00e3o de neg\u00f3cios. Saiba mais&nbsp;<a href=\"https:\/\/www.gl-events.com\/pt-br\" target=\"_blank\" rel=\"noreferrer noopener\"><u>aqui<\/u><\/a>.<\/p>\n","protected":false},"excerpt":{"rendered":"<p>Possibilidades de aplica\u00e7\u00e3o e perspectivas ser\u00e3o abordadas no 30o\u00a0Congresso Cient\u00edfico Internacional de Est\u00e9tica, que acontece de 25 a 28 de julho no S\u00e3o Paulo Expo Os exossomos, recursos dos mais promissores para cuidados avan\u00e7ados com a pele e o cabelo, atraem aten\u00e7\u00e3o crescente na ind\u00fastria cosm\u00e9tica e no setor de cuidados com o corpo, a [&hellip;]<\/p>\n","protected":false},"author":2,"featured_media":2565,"comment_status":"open","ping_status":"open","sticky":false,"template":"","format":"standard","meta":{"footnotes":""},"categories":[23],"tags":[],"class_list":{"0":"post-2564","1":"post","2":"type-post","3":"status-publish","4":"format-standard","5":"has-post-thumbnail","7":"category-feirasdenegocios"},"_links":{"self":[{"href":"https:\/\/tveventos.tv.br\/index.php?rest_route=\/wp\/v2\/posts\/2564","targetHints":{"allow":["GET"]}}],"collection":[{"href":"https:\/\/tveventos.tv.br\/index.php?rest_route=\/wp\/v2\/posts"}],"about":[{"href":"https:\/\/tveventos.tv.br\/index.php?rest_route=\/wp\/v2\/types\/post"}],"author":[{"embeddable":true,"href":"https:\/\/tveventos.tv.br\/index.php?rest_route=\/wp\/v2\/users\/2"}],"replies":[{"embeddable":true,"href":"https:\/\/tveventos.tv.br\/index.php?rest_route=%2Fwp%2Fv2%2Fcomments&post=2564"}],"version-history":[{"count":1,"href":"https:\/\/tveventos.tv.br\/index.php?rest_route=\/wp\/v2\/posts\/2564\/revisions"}],"predecessor-version":[{"id":2566,"href":"https:\/\/tveventos.tv.br\/index.php?rest_route=\/wp\/v2\/posts\/2564\/revisions\/2566"}],"wp:featuredmedia":[{"embeddable":true,"href":"https:\/\/tveventos.tv.br\/index.php?rest_route=\/wp\/v2\/media\/2565"}],"wp:attachment":[{"href":"https:\/\/tveventos.tv.br\/index.php?rest_route=%2Fwp%2Fv2%2Fmedia&parent=2564"}],"wp:term":[{"taxonomy":"category","embeddable":true,"href":"https:\/\/tveventos.tv.br\/index.php?rest_route=%2Fwp%2Fv2%2Fcategories&post=2564"},{"taxonomy":"post_tag","embeddable":true,"href":"https:\/\/tveventos.tv.br\/index.php?rest_route=%2Fwp%2Fv2%2Ftags&post=2564"}],"curies":[{"name":"wp","href":"https:\/\/api.w.org\/{rel}","templated":true}]}}