{"id":2567,"date":"2024-07-18T15:48:26","date_gmt":"2024-07-18T18:48:26","guid":{"rendered":"https:\/\/tveventos.tv.br\/?p=2567"},"modified":"2024-07-18T15:48:29","modified_gmt":"2024-07-18T18:48:29","slug":"confirmado-mercofrio-2024-evento-que-vai-destacar-inovacoes-tecnologicas-e-responsabilidades-climaticas-no-setor-de-climatizacao-e-refrigeracao","status":"publish","type":"post","link":"https:\/\/tveventos.tv.br\/?p=2567","title":{"rendered":"Confirmado Mercofrio 2024, evento que vai destacar inova\u00e7\u00f5es tecnol\u00f3gicas e responsabilidades clim\u00e1ticas no setor de climatiza\u00e7\u00e3o e refrigera\u00e7\u00e3o"},"content":{"rendered":"\n<p class=\"has-text-align-center\"><em>14\u00ba Congresso Internacional de Ar Condicionado, Refrigera\u00e7\u00e3o, Aquecimento e Ventila\u00e7\u00e3o acontecer\u00e1 em setembro no BarraShoppingSul<\/em><\/p>\n\n\n\n<p>De 10 a 12 de setembro, o BarraShoppingSul ser\u00e1 o palco do Mercofrio 2024, o 14\u00ba Congresso Internacional de Ar Condicionado, Refrigera\u00e7\u00e3o, Aquecimento e Ventila\u00e7\u00e3o. Realizado pela Associa\u00e7\u00e3o Sul Brasileira de Refrigera\u00e7\u00e3o, Ar Condicionado, Aquecimento e Ventila\u00e7\u00e3o (ASBRAV), o evento abordar\u00e1 o tema central &#8220;Futuro do Planeta: Transforma\u00e7\u00f5es Tecnol\u00f3gicas e Responsabilidades do Universo AVAC-R.&#8221;&nbsp;O congresso, que re\u00fane especialistas e profissionais do setor, destaca a import\u00e2ncia de inova\u00e7\u00f5es tecnol\u00f3gicas e responsabilidades clim\u00e1ticas, especialmente em um momento cr\u00edtico para o turismo e pautas ambientais.<\/p>\n\n\n\n<p>\u201cEstamos vivendo um per\u00edodo de significativas mudan\u00e7as clim\u00e1ticas, e o setor AVAC-R tem um papel crucial na busca por solu\u00e7\u00f5es sustent\u00e1veis\u201d, afirma o presidente da ASBRAV, M\u00e1rio Henrique Canale.&nbsp;<\/p>\n\n\n\n<p>A trag\u00e9dia clim\u00e1tica no Rio Grande do Sul deixou os organizadores apreensivos, mas a op\u00e7\u00e3o, mesmo em meio \u00e1 dificuldades foi manter o evento como forma de impulsionar o crescimento e desenvolvimento do setor.<\/p>\n\n\n\n<p>\u201cRealizar o Mercofrio 2024 neste momento \u00e9 essencial n\u00e3o apenas para impulsionar o turismo, mas tamb\u00e9m para abordar as urgentes pautas clim\u00e1ticas. Precisamos discutir e implementar tecnologias que possam mitigar os impactos ambientais e promover a sustentabilidade\u201d, completou Canale.&nbsp;<\/p>\n\n\n\n<p>Durante os tr\u00eas dias de evento, os participantes poder\u00e3o assistir a palestras, pain\u00e9is de discuss\u00e3o e workshops que exploram as mais recentes tecnologias e pr\u00e1ticas sustent\u00e1veis no universo AVAC-R. O evento \u00e9 uma realiza\u00e7\u00e3o da Associa\u00e7\u00e3o Sul Brasileira de Refrigera\u00e7\u00e3o, Ar Condicionado, Aquecimento e Ventila\u00e7\u00e3o (ASBRAV) e acontece a cada dois anos.&nbsp;<\/p>\n\n\n\n<p>Para mais informa\u00e7\u00f5es e para realizar inscri\u00e7\u00f5es, acesse o site oficial do evento:&nbsp;<a href=\"https:\/\/mercofrio.com.br\/\" target=\"_blank\" rel=\"noreferrer noopener\">https:\/\/mercofrio.com.br\/<\/a>.&nbsp;&nbsp;<\/p>\n\n\n\n<p>Reda\u00e7\u00e3o: Marcelo Matusiak<\/p>\n\n\n\n<p><strong>Sobre o Mercofrio<\/strong><\/p>\n\n\n\n<p>O Congresso&nbsp;<strong>Mercofrio 2024<\/strong>&nbsp;tem como miss\u00e3o central promover e disseminar o conhecimento e a inova\u00e7\u00e3o na \u00e1rea de Aquecimento, Ventila\u00e7\u00e3o, Ar Condicionado e Refrigera\u00e7\u00e3o (AVAC-R). Atrav\u00e9s da integra\u00e7\u00e3o entre pesquisa acad\u00eamica, ind\u00fastria e mercado, o evento visa apresentar os avan\u00e7os tecnol\u00f3gicos mais recentes que impactam todo o ciclo de vida dos sistemas AVAC-R.<\/p>\n","protected":false},"excerpt":{"rendered":"<p>14\u00ba Congresso Internacional de Ar Condicionado, Refrigera\u00e7\u00e3o, Aquecimento e Ventila\u00e7\u00e3o acontecer\u00e1 em setembro no BarraShoppingSul De 10 a 12 de setembro, o BarraShoppingSul ser\u00e1 o palco do Mercofrio 2024, o 14\u00ba Congresso Internacional de Ar Condicionado, Refrigera\u00e7\u00e3o, Aquecimento e Ventila\u00e7\u00e3o. Realizado pela Associa\u00e7\u00e3o Sul Brasileira de Refrigera\u00e7\u00e3o, Ar Condicionado, Aquecimento e Ventila\u00e7\u00e3o (ASBRAV), o evento [&hellip;]<\/p>\n","protected":false},"author":2,"featured_media":2568,"comment_status":"open","ping_status":"open","sticky":false,"template":"","format":"standard","meta":{"footnotes":""},"categories":[23],"tags":[],"class_list":{"0":"post-2567","1":"post","2":"type-post","3":"status-publish","4":"format-standard","5":"has-post-thumbnail","7":"category-feirasdenegocios"},"_links":{"self":[{"href":"https:\/\/tveventos.tv.br\/index.php?rest_route=\/wp\/v2\/posts\/2567","targetHints":{"allow":["GET"]}}],"collection":[{"href":"https:\/\/tveventos.tv.br\/index.php?rest_route=\/wp\/v2\/posts"}],"about":[{"href":"https:\/\/tveventos.tv.br\/index.php?rest_route=\/wp\/v2\/types\/post"}],"author":[{"embeddable":true,"href":"https:\/\/tveventos.tv.br\/index.php?rest_route=\/wp\/v2\/users\/2"}],"replies":[{"embeddable":true,"href":"https:\/\/tveventos.tv.br\/index.php?rest_route=%2Fwp%2Fv2%2Fcomments&post=2567"}],"version-history":[{"count":1,"href":"https:\/\/tveventos.tv.br\/index.php?rest_route=\/wp\/v2\/posts\/2567\/revisions"}],"predecessor-version":[{"id":2569,"href":"https:\/\/tveventos.tv.br\/index.php?rest_route=\/wp\/v2\/posts\/2567\/revisions\/2569"}],"wp:featuredmedia":[{"embeddable":true,"href":"https:\/\/tveventos.tv.br\/index.php?rest_route=\/wp\/v2\/media\/2568"}],"wp:attachment":[{"href":"https:\/\/tveventos.tv.br\/index.php?rest_route=%2Fwp%2Fv2%2Fmedia&parent=2567"}],"wp:term":[{"taxonomy":"category","embeddable":true,"href":"https:\/\/tveventos.tv.br\/index.php?rest_route=%2Fwp%2Fv2%2Fcategories&post=2567"},{"taxonomy":"post_tag","embeddable":true,"href":"https:\/\/tveventos.tv.br\/index.php?rest_route=%2Fwp%2Fv2%2Ftags&post=2567"}],"curies":[{"name":"wp","href":"https:\/\/api.w.org\/{rel}","templated":true}]}}