{"id":2570,"date":"2024-07-18T15:53:16","date_gmt":"2024-07-18T18:53:16","guid":{"rendered":"https:\/\/tveventos.tv.br\/?p=2570"},"modified":"2024-07-18T15:53:20","modified_gmt":"2024-07-18T18:53:20","slug":"escolar-office-brasil-2024-chega-com-crescimento-em-expositores-novidades-e-inovacoes-para-sua-36a-edicao","status":"publish","type":"post","link":"https:\/\/tveventos.tv.br\/?p=2570","title":{"rendered":"\u00a0Escolar Office Brasil 2024 chega com crescimento em expositores, novidades e inova\u00e7\u00f5es para sua 36\u00aa edi\u00e7\u00e3o"},"content":{"rendered":"\n<p class=\"has-text-align-center\"><em>Maior evento de papelaria das Am\u00e9ricas retorna com experi\u00eancias imersivas e oportunidades exclusivas de neg\u00f3cios durante quatro dias de imers\u00e3o, no Expo Center Norte, em S\u00e3o Paulo<\/em><\/p>\n\n\n\n<p>A&nbsp;<strong>Escolar Office Brasil<\/strong>, o maior e mais importante evento de papelaria das Am\u00e9ricas, acontecer\u00e1 de 4 a 7 de agosto, no Expo Center Norte, em S\u00e3o Paulo, e sua pr\u00f3xima edi\u00e7\u00e3o apresenta expressivo crescimento em rela\u00e7\u00e3o ao ano anterior. Para 2024, em sua 36\u00aa edi\u00e7\u00e3o, a feira contar\u00e1 com a participa\u00e7\u00e3o de mais de 280 expositores, incluindo cerca de 40 marcas in\u00e9ditas em rela\u00e7\u00e3o \u00e0 \u00faltima edi\u00e7\u00e3o.<\/p>\n\n\n\n<p>Em 2023, o evento atraiu mais de 22 mil visitantes e a expectativa para 2024 \u00e9 ainda maior, com a presen\u00e7a de distribuidores, importadores, papelarias, al\u00e9m de compradores em busca de novidades e parcerias estrat\u00e9gicas, em mais de 33 mil metros quadrados. Durante o evento, o visitante encontrar\u00e1 uma variedade de produtos como material escolar, de escrit\u00f3rio, produtos de organiza\u00e7\u00e3o, papelaria para presentes, materiais pedag\u00f3gicos, brinquedos, editoriais, artes, artesanato, entre outros.<\/p>\n\n\n<div class=\"wp-block-image\">\n<figure class=\"aligncenter size-large is-resized\"><img loading=\"lazy\" decoding=\"async\" width=\"1024\" height=\"534\" src=\"https:\/\/tveventos.tv.br\/wp-content\/uploads\/2024\/07\/image-2-1024x534.png\" alt=\"\" class=\"wp-image-2572\" style=\"width:1024px;height:auto\" srcset=\"https:\/\/tveventos.tv.br\/wp-content\/uploads\/2024\/07\/image-2-1024x534.png 1024w, https:\/\/tveventos.tv.br\/wp-content\/uploads\/2024\/07\/image-2-300x157.png 300w, https:\/\/tveventos.tv.br\/wp-content\/uploads\/2024\/07\/image-2-768x401.png 768w, https:\/\/tveventos.tv.br\/wp-content\/uploads\/2024\/07\/image-2-805x420.png 805w, https:\/\/tveventos.tv.br\/wp-content\/uploads\/2024\/07\/image-2-696x363.png 696w, https:\/\/tveventos.tv.br\/wp-content\/uploads\/2024\/07\/image-2.png 1050w\" sizes=\"auto, (max-width: 1024px) 100vw, 1024px\" \/><\/figure>\n<\/div>\n\n\n<p class=\"has-text-align-center\">Dados da feira Escolar Office Brasil mostra o crescimento de visita\u00e7\u00e3o 2023<\/p>\n\n\n\n<p><em>\u201cEstamos entusiasmados com as novidades que a 36\u00aa edi\u00e7\u00e3o da Escolar Office Brasil trar\u00e1 ao mercado. Nosso objetivo \u00e9 promover conex\u00f5es valiosas para os lojistas e as marcas, al\u00e9m de trazer inova\u00e7\u00f5es, impulsionando oportunidades de neg\u00f3cios, conhecimento e apresenta\u00e7\u00e3o de tend\u00eancias\u201d,\u00a0<\/em>afirma Fernando Ruas, CEO da Francal, empresa realizadora da Escolar Office Brasil.<\/p>\n\n\n<div class=\"wp-block-image\">\n<figure class=\"aligncenter size-large\"><img loading=\"lazy\" decoding=\"async\" width=\"1024\" height=\"504\" src=\"https:\/\/tveventos.tv.br\/wp-content\/uploads\/2024\/07\/image-3-1024x504.png\" alt=\"\" class=\"wp-image-2573\" srcset=\"https:\/\/tveventos.tv.br\/wp-content\/uploads\/2024\/07\/image-3-1024x504.png 1024w, https:\/\/tveventos.tv.br\/wp-content\/uploads\/2024\/07\/image-3-300x148.png 300w, https:\/\/tveventos.tv.br\/wp-content\/uploads\/2024\/07\/image-3-768x378.png 768w, https:\/\/tveventos.tv.br\/wp-content\/uploads\/2024\/07\/image-3-854x420.png 854w, https:\/\/tveventos.tv.br\/wp-content\/uploads\/2024\/07\/image-3-696x342.png 696w, https:\/\/tveventos.tv.br\/wp-content\/uploads\/2024\/07\/image-3-1068x525.png 1068w, https:\/\/tveventos.tv.br\/wp-content\/uploads\/2024\/07\/image-3.png 1336w\" sizes=\"auto, (max-width: 1024px) 100vw, 1024px\" \/><\/figure>\n<\/div>\n\n\n<p><em>\u201cA Escolar Office Brasil de 2024 promete ser uma experi\u00eancia enriquecedora, destacando-se como o evento essencial para quem deseja se atualizar e se destacar no mercado de papelaria e materiais de escrit\u00f3rio. \u00c9 um evento al\u00e9m do per\u00edodo apenas do Volta \u00e0s Aulas, \u00e9 uma oportunidade de manter neg\u00f3cios para todo o ano\u201d<\/em>, completa Luciana Ramos, head de produto da Francal.<br>&nbsp;<\/p>\n\n\n\n<p><a href=\"https:\/\/premioescolarofficebrasil.com.br\/\" target=\"_blank\" rel=\"noreferrer noopener\"><u>Pr\u00eamio Excel\u00eancia em Papelaria 2024<\/u><\/a><\/p>\n\n\n\n<p>No dia 06 de agosto, \u00e0s 19h, a&nbsp;<strong>Escolar Office Brasil<\/strong>&nbsp;ser\u00e1 palco da cerim\u00f4nia do&nbsp;<strong>Pr\u00eamio Excel\u00eancia em Papelaria 2024<\/strong>, que reunir\u00e1 os grandes destaques do ano, do varejo e da ind\u00fastria, em categorias como tend\u00eancia e design de produtos, inova\u00e7\u00e3o nos neg\u00f3cios, tecnologia e design de embalagens. No varejo, ser\u00e3o premiadas tamb\u00e9m a presen\u00e7a digital, experi\u00eancia do cliente, design de loja e brand design. Para 2024, al\u00e9m dos pr\u00eamios Destaques do Ano &#8211; cujos vencedores s\u00e3o definidos via voto popular -, para essa edi\u00e7\u00e3o ocorrer\u00e1 pela primeira vez a categoria Profissional do Setor na Papelaria.<\/p>\n\n\n\n<p>O&nbsp;<strong>Pr\u00eamio Excel\u00eancia em Papelaria<\/strong>, promovido pela Francal e realizado durante a&nbsp;<strong>Escolar Office Brasil<\/strong>, foi idealizado em 2022 com o objetivo de disseminar as melhores pr\u00e1ticas e estimular a inova\u00e7\u00e3o no mercado papeleiro. Para 2024, na sua terceira edi\u00e7\u00e3o, ele passou a agregar tamb\u00e9m o segmento da ind\u00fastria e de profissionais do setor.<\/p>\n\n\n\n<p>Os projetos e cases inscritos no&nbsp;<strong>Pr\u00eamio Excel\u00eancia em Papelaria<\/strong>&nbsp;devem atender aos crit\u00e9rios descritos no regulamento e ser\u00e3o analisados e avaliados por uma comiss\u00e3o julgadora formada por profissionais e especialistas de variadas forma\u00e7\u00f5es e amplo conhecimento do setor de papelaria. Diferente das edi\u00e7\u00f5es de 2022 e 2023, este ano a premia\u00e7\u00e3o apresenta tamb\u00e9m a novidade do voto do p\u00fablico para a categoria Destaque do Ano. Concorrer\u00e3o ao Destaque do Ano empresas finalistas nos segmentos ind\u00fastria e varejo.<br>&nbsp;<\/p>\n\n\n\n<p>As inscri\u00e7\u00f5es aconteceram at\u00e9 5 de julho. Em seguida, de 10 a 19 de julho, acontece a vota\u00e7\u00e3o aberta ao p\u00fablico da categoria de Destaque do Ano da ind\u00fastria e do varejo. Para as 12 categorias, ser\u00e3o cinco finalistas e um premiado. Empresas de todos os setores ligados \u00e0 papelaria podem participar do&nbsp;<strong>Pr\u00eamio Excel\u00eancia em Papelaria<\/strong>, ampliando o alcance da premia\u00e7\u00e3o.<\/p>\n\n\n\n<p>Visite o site oficial do&nbsp;<a href=\"https:\/\/premioescolarofficebrasil.com.br\/\" target=\"_blank\" rel=\"noreferrer noopener\"><u>Pr\u00eamio Excel\u00eancia em Papelaria 2024<\/u><\/a>e acompanhe tudo sobre a premia\u00e7\u00e3o.<\/p>\n\n\n\n<p><strong>Conex\u00e3o digital e estrat\u00e9gias com influenciadores digitais<\/strong>&nbsp;<\/p>\n\n\n\n<p>Para compor sua estrat\u00e9gia de marketing de influ\u00eancia, a 36\u00aa edi\u00e7\u00e3o da Escolar Office Brasil trar\u00e1 como Embaixadores do evento os influenciadores digitais&nbsp;<a href=\"https:\/\/www.instagram.com\/paola.aleksandra\/\" target=\"_blank\" rel=\"noreferrer noopener\"><u>Paola Aleksandra<\/u><\/a>&nbsp;(Fundadora do Livros &amp; Fuxicos e da&nbsp;<a href=\"https:\/\/www.instagram.com\/aluzpapelaria\/\" target=\"_blank\" rel=\"noreferrer noopener\">aluzpapelaria);<\/a>&nbsp;o desenhista e ilustrador&nbsp;<a href=\"https:\/\/www.instagram.com\/letrasdolucas\/\" target=\"_blank\" rel=\"noreferrer noopener\"><u>Lucas Medeiros;<\/u><\/a>&nbsp;a&nbsp;<a href=\"https:\/\/www.instagram.com\/depapier_\/\" target=\"_blank\" rel=\"noreferrer noopener\"><u>Papelaria De Papier,<\/u><\/a>&nbsp;representada pela empres\u00e1ria&nbsp;<a href=\"https:\/\/www.instagram.com\/stenapoleao\/\" target=\"_blank\" rel=\"noreferrer noopener\"><u>Stefanie Napole\u00e3o<\/u><\/a>; e a tamb\u00e9m&nbsp;<a href=\"https:\/\/www.instagram.com\/biawinston\/\" target=\"_blank\" rel=\"noreferrer noopener\"><u>empres\u00e1ria Bia Winston<\/u><\/a>, da&nbsp;<a href=\"https:\/\/www.instagram.com\/lojinhadabiawinston\/\" target=\"_blank\" rel=\"noreferrer noopener\"><u>Lojinha da Bia Winston<\/u><\/a>.<\/p>\n\n\n\n<p>Al\u00e9m do time de embaixadores, o evento tamb\u00e9m conta com um squad composto por&nbsp;<a href=\"https:\/\/www.instagram.com\/feufranco\/\" target=\"_blank\" rel=\"noreferrer noopener\"><u>Fernanda Franco<\/u><\/a>, da&nbsp;<a href=\"https:\/\/www.instagram.com\/papelpautado\/\" target=\"_blank\" rel=\"noreferrer noopener\"><u>papelaria Papel Pautado;<\/u><\/a>&nbsp;<a href=\"https:\/\/www.instagram.com\/leandramelato\/\" target=\"_blank\" rel=\"noreferrer noopener\"><u>Leandra Melato<\/u><\/a>, da&nbsp;<a href=\"https:\/\/www.instagram.com\/meupoapapelaria\/\" target=\"_blank\" rel=\"noreferrer noopener\"><u>Papelaria Meu Po\u00e1;<\/u><\/a>&nbsp;e&nbsp;<a href=\"https:\/\/www.instagram.com\/romulopaismkt\/\" target=\"_blank\" rel=\"noreferrer noopener\"><u>Romulo Pais<\/u><\/a>, da&nbsp;<a href=\"https:\/\/www.instagram.com\/ipanemapapeis\/\" target=\"_blank\" rel=\"noreferrer noopener\"><u>Ipanema Pap\u00e9is<\/u><\/a>. Esses influenciadores trar\u00e3o ainda mais visibilidade e engajamento ao evento.<\/p>\n\n\n\n<p>E mais: o Lounge Wow! ser\u00e1 transformado em uma \u00e1rea de experi\u00eancias e tend\u00eancias, tornando-se um local instagram\u00e1vel para a gera\u00e7\u00e3o de conte\u00fado por parte do p\u00fablico e influenciadores.&nbsp;<em>\u201cEste espa\u00e7o inovador ser\u00e1 mais um canal de visibilidade n\u00e3o s\u00f3 para o evento, mas tamb\u00e9m para todos os visitantes, fortalecendo ainda mais a posi\u00e7\u00e3o da Escolar Office Brasil como um evento imperd\u00edvel no calend\u00e1rio do setor\u201d,<\/em>&nbsp;destaca Luciana.<\/p>\n\n\n\n<p><strong>Rodada de Neg\u00f3cios<\/strong>&nbsp;<\/p>\n\n\n\n<p>O espa\u00e7o exclusivo e reservado \u00e9 estrat\u00e9gico para que marcas e empresas possam gerar muitos neg\u00f3cios, estabelecendo conex\u00f5es diretas com potenciais compradores e parceiros comerciais. O p\u00fablico esperado abrange distribuidores e importadores, papelarias, al\u00e9m de compradores que buscam produtos exclusivos e parcerias estrat\u00e9gicas. E mais: pela primeira vez a Escolar vai proporcionar a Rodada de Neg\u00f3cios Internacionais, onde expositores do exterior poder\u00e3o ter reuni\u00f5es exclusivas com poss\u00edveis compradores do mercado nacional.<\/p>\n\n\n\n<p><strong>Escolar Connection<\/strong>&nbsp;<\/p>\n\n\n\n<p>A Escolar Connection \u00e9 outra iniciativa importante do evento, promovendo a visita\u00e7\u00e3o de empreendedores de diversas regi\u00f5es do Brasil atrav\u00e9s de caravanas. Este programa \u00e9 totalmente restrito a profissionais do setor, garantindo que o p\u00fablico visitante seja qualificado e interessado nas novidades e tend\u00eancias apresentadas na feira.<\/p>\n\n\n\n<p><strong>Escolar Experience<\/strong>&nbsp;<\/p>\n\n\n\n<p>Os visitantes tamb\u00e9m poder\u00e3o participar da Escolar Experience, um palco repleto de muito conte\u00fado com uma agenda de palestras e pain\u00e9is composta com a presen\u00e7a de profissionais renomados. Entre as atividades est\u00e3o Daniel Morimoto, vice-presidente e gerente geral Am\u00e9rica Latina da Circana, que vai levar o tema \u201cInsights do mercado norte americano para aproveitar oportunidades no Brasil\u201d; os badalados&nbsp;<a href=\"https:\/\/www.youtube.com\/@RAFAELUIZOFICIAL\" target=\"_blank\" rel=\"noreferrer noopener\"><u>youtubers Rafa &amp; Luiz, do canal @RafaeLuizOficial<\/u><\/a>, que compartilhar\u00e3o suas jornadas e experi\u00eancias na transforma\u00e7\u00e3o de seus personagens em produtos licenciados de sucesso na apresenta\u00e7\u00e3o \u201cCria\u00e7\u00e3o, desenvolvimento e comercializa\u00e7\u00e3o de produtos licenciados\u201d; e Niara Alencar Coelho, retail manager na Disney, com a palestra tema &#8220;Encante seus Clientes: Usando o visual merchandising para transformar sua papelaria em um destino de compras irresist\u00edvel\u201d.<\/p>\n\n\n\n<p>A programa\u00e7\u00e3o completa, dessas e outras palestras, pode ser consultada pelo link&nbsp;<a href=\"https:\/\/escolarofficebrasil.com.br\/programacao\/\" target=\"_blank\" rel=\"noreferrer noopener\">Link<\/a><\/p>\n\n\n\n<p><strong>Palco do Expositor<\/strong>&nbsp;<\/p>\n\n\n\n<p>O Palco do Expositor oferece a oportunidade ideal para as marcas se conectarem ainda mais com o p\u00fablico visitante, apresentando produtos e lan\u00e7amentos. Este espa\u00e7o \u00e9 perfeito para estimular novas rela\u00e7\u00f5es e gerar mais neg\u00f3cios durante a feira, destacando-se como um dos pontos altos do evento.<\/p>\n\n\n\n<p><strong>Credenciamento gratuito<\/strong>&nbsp;<\/p>\n\n\n\n<p>Papelarias, ind\u00fastrias, e-commerces, imprensa, produtores de conte\u00fado e fornecedores com CNPJ ou profissionais da \u00e1rea e novos empreendedores est\u00e3o convidados a participar do evento, que reunir\u00e1 as principais tend\u00eancias e inova\u00e7\u00f5es do mercado org\u00e2nico. O credenciamento continua gratuito, j\u00e1 est\u00e1 aberto e pode ser feito&nbsp;<a href=\"https:\/\/escolarofficebrasil.com.br\/credenciamento\/\" target=\"_blank\" rel=\"noreferrer noopener\"><u>diretamente pelo site.<\/u><\/a>\u202f<\/p>\n\n\n\n<p>Para mais informa\u00e7\u00f5es, entre em contato com a assessoria de imprensa da Escolar Office Brasil.<\/p>\n\n\n\n<p><strong>SERVI\u00c7O \u2013 Escolar Office Brasil 2024\u00a0<\/strong><\/p>\n\n\n\n<p><strong>Quando:<\/strong>&nbsp;de 04 a 07 de agosto de 2024<\/p>\n\n\n\n<p><strong>Hor\u00e1rios:<\/strong>&nbsp;11h \u00e0s 20h e 4\u00ba dia 11h \u00e0s 18h<\/p>\n\n\n\n<p><strong>Local:<\/strong>&nbsp;Expo Center Norte<\/p>\n\n\n\n<p><strong>Endere\u00e7o:<\/strong>&nbsp;Rua Jos\u00e9 Bernardo Pinto, 333 \u2013 Vila Guilherme. S\u00e3o Paulo, SP.<\/p>\n\n\n\n<p><strong>Site oficial:&nbsp;<\/strong><a href=\"https:\/\/escolarofficebrasil.com.br\/\" target=\"_blank\" rel=\"noreferrer noopener\"><u>Clique aqui<\/u><\/a>&nbsp;<\/p>\n\n\n\n<p><strong>Credenciamento aberto para imprensa, influenciadores e profissionais do setor:<\/strong>&nbsp;<a href=\"https:\/\/escolarofficebrasil.com.br\/credenciamento\/\" target=\"_blank\" rel=\"noreferrer noopener\"><u>clique aqui<\/u><\/a>&nbsp;<\/p>\n","protected":false},"excerpt":{"rendered":"<p>Maior evento de papelaria das Am\u00e9ricas retorna com experi\u00eancias imersivas e oportunidades exclusivas de neg\u00f3cios durante quatro dias de imers\u00e3o, no Expo Center Norte, em S\u00e3o Paulo A&nbsp;Escolar Office Brasil, o maior e mais importante evento de papelaria das Am\u00e9ricas, acontecer\u00e1 de 4 a 7 de agosto, no Expo Center Norte, em S\u00e3o Paulo, e [&hellip;]<\/p>\n","protected":false},"author":2,"featured_media":2574,"comment_status":"open","ping_status":"open","sticky":false,"template":"","format":"standard","meta":{"footnotes":""},"categories":[23],"tags":[],"class_list":{"0":"post-2570","1":"post","2":"type-post","3":"status-publish","4":"format-standard","5":"has-post-thumbnail","7":"category-feirasdenegocios"},"_links":{"self":[{"href":"https:\/\/tveventos.tv.br\/index.php?rest_route=\/wp\/v2\/posts\/2570","targetHints":{"allow":["GET"]}}],"collection":[{"href":"https:\/\/tveventos.tv.br\/index.php?rest_route=\/wp\/v2\/posts"}],"about":[{"href":"https:\/\/tveventos.tv.br\/index.php?rest_route=\/wp\/v2\/types\/post"}],"author":[{"embeddable":true,"href":"https:\/\/tveventos.tv.br\/index.php?rest_route=\/wp\/v2\/users\/2"}],"replies":[{"embeddable":true,"href":"https:\/\/tveventos.tv.br\/index.php?rest_route=%2Fwp%2Fv2%2Fcomments&post=2570"}],"version-history":[{"count":1,"href":"https:\/\/tveventos.tv.br\/index.php?rest_route=\/wp\/v2\/posts\/2570\/revisions"}],"predecessor-version":[{"id":2575,"href":"https:\/\/tveventos.tv.br\/index.php?rest_route=\/wp\/v2\/posts\/2570\/revisions\/2575"}],"wp:featuredmedia":[{"embeddable":true,"href":"https:\/\/tveventos.tv.br\/index.php?rest_route=\/wp\/v2\/media\/2574"}],"wp:attachment":[{"href":"https:\/\/tveventos.tv.br\/index.php?rest_route=%2Fwp%2Fv2%2Fmedia&parent=2570"}],"wp:term":[{"taxonomy":"category","embeddable":true,"href":"https:\/\/tveventos.tv.br\/index.php?rest_route=%2Fwp%2Fv2%2Fcategories&post=2570"},{"taxonomy":"post_tag","embeddable":true,"href":"https:\/\/tveventos.tv.br\/index.php?rest_route=%2Fwp%2Fv2%2Ftags&post=2570"}],"curies":[{"name":"wp","href":"https:\/\/api.w.org\/{rel}","templated":true}]}}