{"id":2580,"date":"2024-07-19T15:04:18","date_gmt":"2024-07-19T18:04:18","guid":{"rendered":"https:\/\/tveventos.tv.br\/?p=2580"},"modified":"2024-07-19T17:23:16","modified_gmt":"2024-07-19T20:23:16","slug":"estetika","status":"publish","type":"post","link":"https:\/\/tveventos.tv.br\/?p=2580","title":{"rendered":"Estetika"},"content":{"rendered":"\n<p>O Estetika \u00e9 o lugar onde as melhores hist\u00f3rias se encontram e ganham for\u00e7a. Com 30 anos de hist\u00f3ria no mercado, o Estetika \u00e9 refer\u00eancia nacional e internacional para o segmento. No evento \u00e9 apresentado conte\u00fado t\u00e9cnico de qualidade aos visitantes, ministrado por palestrantes especialistas do Brasil e do mundo. O evento re\u00fane as principais marcas do setor de est\u00e9tica, sa\u00fade, beleza e bem-estar junto aos profissionais mais qualificados do mercado.<\/p>\n\n\n\n<h2 class=\"wp-block-heading\"><\/h2>\n\n\n\n<p>Junte-se a n\u00f3s nos dias 25 a 28 de julho das 11h \u00e0s 20h, no S\u00e3o Paulo Expo.<\/p>\n\n\n\n<p>Endere\u00e7o: Rod. dos Imigrantes 5, S\/N, km. 1, S\u00e3o Paulo, SP, 04329-900&nbsp; &nbsp;<\/p>\n","protected":false},"excerpt":{"rendered":"<p>O Estetika \u00e9 o lugar onde as melhores hist\u00f3rias se encontram e ganham for\u00e7a. Com 30 anos de hist\u00f3ria no mercado, o Estetika \u00e9 refer\u00eancia nacional e internacional para o segmento. No evento \u00e9 apresentado conte\u00fado t\u00e9cnico de qualidade aos visitantes, ministrado por palestrantes especialistas do Brasil e do mundo. O evento re\u00fane as principais [&hellip;]<\/p>\n","protected":false},"author":3,"featured_media":2581,"comment_status":"open","ping_status":"open","sticky":false,"template":"","format":"standard","meta":{"footnotes":""},"categories":[25],"tags":[],"class_list":{"0":"post-2580","1":"post","2":"type-post","3":"status-publish","4":"format-standard","5":"has-post-thumbnail","7":"category-calendariodeeventos"},"_links":{"self":[{"href":"https:\/\/tveventos.tv.br\/index.php?rest_route=\/wp\/v2\/posts\/2580","targetHints":{"allow":["GET"]}}],"collection":[{"href":"https:\/\/tveventos.tv.br\/index.php?rest_route=\/wp\/v2\/posts"}],"about":[{"href":"https:\/\/tveventos.tv.br\/index.php?rest_route=\/wp\/v2\/types\/post"}],"author":[{"embeddable":true,"href":"https:\/\/tveventos.tv.br\/index.php?rest_route=\/wp\/v2\/users\/3"}],"replies":[{"embeddable":true,"href":"https:\/\/tveventos.tv.br\/index.php?rest_route=%2Fwp%2Fv2%2Fcomments&post=2580"}],"version-history":[{"count":3,"href":"https:\/\/tveventos.tv.br\/index.php?rest_route=\/wp\/v2\/posts\/2580\/revisions"}],"predecessor-version":[{"id":2598,"href":"https:\/\/tveventos.tv.br\/index.php?rest_route=\/wp\/v2\/posts\/2580\/revisions\/2598"}],"wp:featuredmedia":[{"embeddable":true,"href":"https:\/\/tveventos.tv.br\/index.php?rest_route=\/wp\/v2\/media\/2581"}],"wp:attachment":[{"href":"https:\/\/tveventos.tv.br\/index.php?rest_route=%2Fwp%2Fv2%2Fmedia&parent=2580"}],"wp:term":[{"taxonomy":"category","embeddable":true,"href":"https:\/\/tveventos.tv.br\/index.php?rest_route=%2Fwp%2Fv2%2Fcategories&post=2580"},{"taxonomy":"post_tag","embeddable":true,"href":"https:\/\/tveventos.tv.br\/index.php?rest_route=%2Fwp%2Fv2%2Ftags&post=2580"}],"curies":[{"name":"wp","href":"https:\/\/api.w.org\/{rel}","templated":true}]}}