{"id":2588,"date":"2024-07-19T17:08:34","date_gmt":"2024-07-19T20:08:34","guid":{"rendered":"https:\/\/tveventos.tv.br\/?p=2588"},"modified":"2024-07-19T17:22:31","modified_gmt":"2024-07-19T20:22:31","slug":"gluten-free","status":"publish","type":"post","link":"https:\/\/tveventos.tv.br\/?p=2588","title":{"rendered":"Gl\u00faten Free"},"content":{"rendered":"\n<p>A Gl\u00faten Free \u00e9 um evento dedicado \u00e0 alimenta\u00e7\u00e3o sem gl\u00faten, que visa reunir produtos, servi\u00e7os e informa\u00e7\u00f5es relacionadas \u00e0 dieta livre de gl\u00faten. Nela, voc\u00ea pode encontrar uma variedade de alimentos sem gl\u00faten, desde p\u00e3es e massas at\u00e9 bolos, biscoitos e produtos industrializados que n\u00e3o cont\u00eam essa prote\u00edna. Al\u00e9m disso, h\u00e1 palestras, workshops e demonstra\u00e7\u00f5es culin\u00e1rias para educar os participantes sobre os benef\u00edcios de uma dieta sem gl\u00faten e como preparar refei\u00e7\u00f5es saud\u00e1veis e saborosas dentro dessas restri\u00e7\u00f5es alimentares.<\/p>\n\n\n\n<p>Junte-se a n\u00f3s nos dias 26 e 27 de julho das 08:30h \u00e0s 18:40h, no Centro de Conven\u00e7\u00f5es Frei Caneca.<\/p>\n\n\n\n<p>Endere\u00e7o: Rua Frei Caneca 569, S\u00e3o Paulo, SP, 01307-001&nbsp;<\/p>\n","protected":false},"excerpt":{"rendered":"<p>A Gl\u00faten Free \u00e9 um evento dedicado \u00e0 alimenta\u00e7\u00e3o sem gl\u00faten, que visa reunir produtos, servi\u00e7os e informa\u00e7\u00f5es relacionadas \u00e0 dieta livre de gl\u00faten. Nela, voc\u00ea pode encontrar uma variedade de alimentos sem gl\u00faten, desde p\u00e3es e massas at\u00e9 bolos, biscoitos e produtos industrializados que n\u00e3o cont\u00eam essa prote\u00edna. Al\u00e9m disso, h\u00e1 palestras, workshops e [&hellip;]<\/p>\n","protected":false},"author":3,"featured_media":2589,"comment_status":"open","ping_status":"open","sticky":false,"template":"","format":"standard","meta":{"footnotes":""},"categories":[1],"tags":[],"class_list":{"0":"post-2588","1":"post","2":"type-post","3":"status-publish","4":"format-standard","5":"has-post-thumbnail","7":"category-workshopsepalestras"},"_links":{"self":[{"href":"https:\/\/tveventos.tv.br\/index.php?rest_route=\/wp\/v2\/posts\/2588","targetHints":{"allow":["GET"]}}],"collection":[{"href":"https:\/\/tveventos.tv.br\/index.php?rest_route=\/wp\/v2\/posts"}],"about":[{"href":"https:\/\/tveventos.tv.br\/index.php?rest_route=\/wp\/v2\/types\/post"}],"author":[{"embeddable":true,"href":"https:\/\/tveventos.tv.br\/index.php?rest_route=\/wp\/v2\/users\/3"}],"replies":[{"embeddable":true,"href":"https:\/\/tveventos.tv.br\/index.php?rest_route=%2Fwp%2Fv2%2Fcomments&post=2588"}],"version-history":[{"count":2,"href":"https:\/\/tveventos.tv.br\/index.php?rest_route=\/wp\/v2\/posts\/2588\/revisions"}],"predecessor-version":[{"id":2596,"href":"https:\/\/tveventos.tv.br\/index.php?rest_route=\/wp\/v2\/posts\/2588\/revisions\/2596"}],"wp:featuredmedia":[{"embeddable":true,"href":"https:\/\/tveventos.tv.br\/index.php?rest_route=\/wp\/v2\/media\/2589"}],"wp:attachment":[{"href":"https:\/\/tveventos.tv.br\/index.php?rest_route=%2Fwp%2Fv2%2Fmedia&parent=2588"}],"wp:term":[{"taxonomy":"category","embeddable":true,"href":"https:\/\/tveventos.tv.br\/index.php?rest_route=%2Fwp%2Fv2%2Fcategories&post=2588"},{"taxonomy":"post_tag","embeddable":true,"href":"https:\/\/tveventos.tv.br\/index.php?rest_route=%2Fwp%2Fv2%2Ftags&post=2588"}],"curies":[{"name":"wp","href":"https:\/\/api.w.org\/{rel}","templated":true}]}}