{"id":2591,"date":"2024-07-19T17:16:24","date_gmt":"2024-07-19T20:16:24","guid":{"rendered":"https:\/\/tveventos.tv.br\/?p=2591"},"modified":"2024-07-19T17:22:09","modified_gmt":"2024-07-19T20:22:09","slug":"mega-artesanal","status":"publish","type":"post","link":"https:\/\/tveventos.tv.br\/?p=2591","title":{"rendered":"Mega Artesanal"},"content":{"rendered":"\n<p>A Mega Artesanal \u00e9 uma feira completa, realizada h\u00e1 mais de 15 anos, com a participa\u00e7\u00e3o da Ind\u00fastria, do Com\u00e9rcio, dos Ateli\u00eas, Confeiteiros e Artes\u00e3os.&nbsp; Oferece infinitas oportunidades para quem gosta e faz arte, artesanato e artes manuais. Milhares de cursos e demonstra\u00e7\u00f5es s\u00e3o oferecidos, al\u00e9m dos lan\u00e7amentos e&nbsp; venda de produtos, mat\u00e9rias primas, projetos, desafios, exposi\u00e7\u00f5es, premia\u00e7\u00f5es, encontros, neg\u00f3cios e muito mais.<\/p>\n\n\n\n<p>Junte-se a n\u00f3s nos dias 27 a 31 de julho das 10h \u00e0s 18h, no S\u00e3o Paulo Expo.<\/p>\n\n\n\n<p>Endere\u00e7o: Rod. dos Imigrantes 5, S\/N, km. 1, S\u00e3o Paulo, SP, 04329-900&nbsp;<\/p>\n","protected":false},"excerpt":{"rendered":"<p>A Mega Artesanal \u00e9 uma feira completa, realizada h\u00e1 mais de 15 anos, com a participa\u00e7\u00e3o da Ind\u00fastria, do Com\u00e9rcio, dos Ateli\u00eas, Confeiteiros e Artes\u00e3os.&nbsp; Oferece infinitas oportunidades para quem gosta e faz arte, artesanato e artes manuais. Milhares de cursos e demonstra\u00e7\u00f5es s\u00e3o oferecidos, al\u00e9m dos lan\u00e7amentos e&nbsp; venda de produtos, mat\u00e9rias primas, projetos, [&hellip;]<\/p>\n","protected":false},"author":3,"featured_media":2592,"comment_status":"open","ping_status":"open","sticky":false,"template":"","format":"standard","meta":{"footnotes":""},"categories":[25],"tags":[],"class_list":{"0":"post-2591","1":"post","2":"type-post","3":"status-publish","4":"format-standard","5":"has-post-thumbnail","7":"category-calendariodeeventos"},"_links":{"self":[{"href":"https:\/\/tveventos.tv.br\/index.php?rest_route=\/wp\/v2\/posts\/2591","targetHints":{"allow":["GET"]}}],"collection":[{"href":"https:\/\/tveventos.tv.br\/index.php?rest_route=\/wp\/v2\/posts"}],"about":[{"href":"https:\/\/tveventos.tv.br\/index.php?rest_route=\/wp\/v2\/types\/post"}],"author":[{"embeddable":true,"href":"https:\/\/tveventos.tv.br\/index.php?rest_route=\/wp\/v2\/users\/3"}],"replies":[{"embeddable":true,"href":"https:\/\/tveventos.tv.br\/index.php?rest_route=%2Fwp%2Fv2%2Fcomments&post=2591"}],"version-history":[{"count":2,"href":"https:\/\/tveventos.tv.br\/index.php?rest_route=\/wp\/v2\/posts\/2591\/revisions"}],"predecessor-version":[{"id":2595,"href":"https:\/\/tveventos.tv.br\/index.php?rest_route=\/wp\/v2\/posts\/2591\/revisions\/2595"}],"wp:featuredmedia":[{"embeddable":true,"href":"https:\/\/tveventos.tv.br\/index.php?rest_route=\/wp\/v2\/media\/2592"}],"wp:attachment":[{"href":"https:\/\/tveventos.tv.br\/index.php?rest_route=%2Fwp%2Fv2%2Fmedia&parent=2591"}],"wp:term":[{"taxonomy":"category","embeddable":true,"href":"https:\/\/tveventos.tv.br\/index.php?rest_route=%2Fwp%2Fv2%2Fcategories&post=2591"},{"taxonomy":"post_tag","embeddable":true,"href":"https:\/\/tveventos.tv.br\/index.php?rest_route=%2Fwp%2Fv2%2Ftags&post=2591"}],"curies":[{"name":"wp","href":"https:\/\/api.w.org\/{rel}","templated":true}]}}