{"id":2594,"date":"2024-07-19T17:28:44","date_gmt":"2024-07-19T20:28:44","guid":{"rendered":"https:\/\/tveventos.tv.br\/?p=2594"},"modified":"2024-07-19T17:28:46","modified_gmt":"2024-07-19T20:28:46","slug":"ab2lex","status":"publish","type":"post","link":"https:\/\/tveventos.tv.br\/?p=2594","title":{"rendered":"AB2LEX"},"content":{"rendered":"\n<p>A AB2L (Associa\u00e7\u00e3o Brasileira de Lawtechs e Legaltechs) promove o evento que ir\u00e1 reunir grandes nomes do direito e tecnologia do Brasil e do mundo. Com duas vers\u00f5es online que acumularam mais de 480 horas de palestras sobre inova\u00e7\u00e3o jur\u00eddica, inovamos mais uma vez trazendo toda a experi\u00eancia e conte\u00fado para o presencial.<\/p>\n\n\n\n<p>Junte-se a n\u00f3s no dia 30 de julho das 08h \u00e0s 19h, no Centro de Conven\u00e7\u00f5es Frei Caneca.&nbsp;<\/p>\n\n\n\n<p>Endere\u00e7o: Rua Frei Caneca 569, S\u00e3o Paulo, SP, 01307-001<\/p>\n","protected":false},"excerpt":{"rendered":"<p>A AB2L (Associa\u00e7\u00e3o Brasileira de Lawtechs e Legaltechs) promove o evento que ir\u00e1 reunir grandes nomes do direito e tecnologia do Brasil e do mundo. Com duas vers\u00f5es online que acumularam mais de 480 horas de palestras sobre inova\u00e7\u00e3o jur\u00eddica, inovamos mais uma vez trazendo toda a experi\u00eancia e conte\u00fado para o presencial. Junte-se a [&hellip;]<\/p>\n","protected":false},"author":3,"featured_media":2599,"comment_status":"open","ping_status":"open","sticky":false,"template":"","format":"standard","meta":{"footnotes":""},"categories":[1],"tags":[],"class_list":{"0":"post-2594","1":"post","2":"type-post","3":"status-publish","4":"format-standard","5":"has-post-thumbnail","7":"category-workshopsepalestras"},"_links":{"self":[{"href":"https:\/\/tveventos.tv.br\/index.php?rest_route=\/wp\/v2\/posts\/2594","targetHints":{"allow":["GET"]}}],"collection":[{"href":"https:\/\/tveventos.tv.br\/index.php?rest_route=\/wp\/v2\/posts"}],"about":[{"href":"https:\/\/tveventos.tv.br\/index.php?rest_route=\/wp\/v2\/types\/post"}],"author":[{"embeddable":true,"href":"https:\/\/tveventos.tv.br\/index.php?rest_route=\/wp\/v2\/users\/3"}],"replies":[{"embeddable":true,"href":"https:\/\/tveventos.tv.br\/index.php?rest_route=%2Fwp%2Fv2%2Fcomments&post=2594"}],"version-history":[{"count":1,"href":"https:\/\/tveventos.tv.br\/index.php?rest_route=\/wp\/v2\/posts\/2594\/revisions"}],"predecessor-version":[{"id":2600,"href":"https:\/\/tveventos.tv.br\/index.php?rest_route=\/wp\/v2\/posts\/2594\/revisions\/2600"}],"wp:featuredmedia":[{"embeddable":true,"href":"https:\/\/tveventos.tv.br\/index.php?rest_route=\/wp\/v2\/media\/2599"}],"wp:attachment":[{"href":"https:\/\/tveventos.tv.br\/index.php?rest_route=%2Fwp%2Fv2%2Fmedia&parent=2594"}],"wp:term":[{"taxonomy":"category","embeddable":true,"href":"https:\/\/tveventos.tv.br\/index.php?rest_route=%2Fwp%2Fv2%2Fcategories&post=2594"},{"taxonomy":"post_tag","embeddable":true,"href":"https:\/\/tveventos.tv.br\/index.php?rest_route=%2Fwp%2Fv2%2Ftags&post=2594"}],"curies":[{"name":"wp","href":"https:\/\/api.w.org\/{rel}","templated":true}]}}