{"id":2601,"date":"2024-07-19T17:39:55","date_gmt":"2024-07-19T20:39:55","guid":{"rendered":"https:\/\/tveventos.tv.br\/?p=2601"},"modified":"2024-07-19T17:39:58","modified_gmt":"2024-07-19T20:39:58","slug":"inspiramais","status":"publish","type":"post","link":"https:\/\/tveventos.tv.br\/?p=2601","title":{"rendered":"INSPIRAMAIS"},"content":{"rendered":"\n<p>O evento Inspiramais \u00e9 uma das principais feiras de design e inova\u00e7\u00e3o de materiais da Am\u00e9rica Latina. Ele ocorre duas vezes por ano e tem como objetivo apresentar as principais tend\u00eancias em materiais, componentes e tecidos para diversos setores, incluindo moda, cal\u00e7ados, m\u00f3veis, j\u00f3ias e acess\u00f3rios.<\/p>\n\n\n\n<h2 class=\"wp-block-heading\"><\/h2>\n\n\n\n<p>Durante o Inspiramais, s\u00e3o reveladas as inspira\u00e7\u00f5es e pesquisas de empresas especializadas em desenvolvimento de materiais, al\u00e9m de palestras, workshops e exposi\u00e7\u00f5es que exploram novas tecnologias, sustentabilidade, t\u00e9cnicas de produ\u00e7\u00e3o e design. \u00c9 um evento importante para profissionais da ind\u00fastria que buscam estar atualizados com as \u00faltimas tend\u00eancias e inova\u00e7\u00f5es em seus respectivos campos.<\/p>\n\n\n\n<p>Junte-se a n\u00f3s nos dias 30 e 31 de julho, na Casa Petra;<\/p>\n\n\n\n<p>Hor\u00e1rios: Ter\u00e7a das 09h \u00e0s 18h e Quarta das 09h \u00e0s 17h.<\/p>\n\n\n\n<p>Endere\u00e7o: Av. Arat\u00e3s 1010, S\u00e3o Paulo, SP, 04081-004<\/p>\n","protected":false},"excerpt":{"rendered":"<p>O evento Inspiramais \u00e9 uma das principais feiras de design e inova\u00e7\u00e3o de materiais da Am\u00e9rica Latina. Ele ocorre duas vezes por ano e tem como objetivo apresentar as principais tend\u00eancias em materiais, componentes e tecidos para diversos setores, incluindo moda, cal\u00e7ados, m\u00f3veis, j\u00f3ias e acess\u00f3rios. Durante o Inspiramais, s\u00e3o reveladas as inspira\u00e7\u00f5es e pesquisas [&hellip;]<\/p>\n","protected":false},"author":3,"featured_media":2602,"comment_status":"open","ping_status":"open","sticky":false,"template":"","format":"standard","meta":{"footnotes":""},"categories":[25],"tags":[],"class_list":{"0":"post-2601","1":"post","2":"type-post","3":"status-publish","4":"format-standard","5":"has-post-thumbnail","7":"category-calendariodeeventos"},"_links":{"self":[{"href":"https:\/\/tveventos.tv.br\/index.php?rest_route=\/wp\/v2\/posts\/2601","targetHints":{"allow":["GET"]}}],"collection":[{"href":"https:\/\/tveventos.tv.br\/index.php?rest_route=\/wp\/v2\/posts"}],"about":[{"href":"https:\/\/tveventos.tv.br\/index.php?rest_route=\/wp\/v2\/types\/post"}],"author":[{"embeddable":true,"href":"https:\/\/tveventos.tv.br\/index.php?rest_route=\/wp\/v2\/users\/3"}],"replies":[{"embeddable":true,"href":"https:\/\/tveventos.tv.br\/index.php?rest_route=%2Fwp%2Fv2%2Fcomments&post=2601"}],"version-history":[{"count":1,"href":"https:\/\/tveventos.tv.br\/index.php?rest_route=\/wp\/v2\/posts\/2601\/revisions"}],"predecessor-version":[{"id":2603,"href":"https:\/\/tveventos.tv.br\/index.php?rest_route=\/wp\/v2\/posts\/2601\/revisions\/2603"}],"wp:featuredmedia":[{"embeddable":true,"href":"https:\/\/tveventos.tv.br\/index.php?rest_route=\/wp\/v2\/media\/2602"}],"wp:attachment":[{"href":"https:\/\/tveventos.tv.br\/index.php?rest_route=%2Fwp%2Fv2%2Fmedia&parent=2601"}],"wp:term":[{"taxonomy":"category","embeddable":true,"href":"https:\/\/tveventos.tv.br\/index.php?rest_route=%2Fwp%2Fv2%2Fcategories&post=2601"},{"taxonomy":"post_tag","embeddable":true,"href":"https:\/\/tveventos.tv.br\/index.php?rest_route=%2Fwp%2Fv2%2Ftags&post=2601"}],"curies":[{"name":"wp","href":"https:\/\/api.w.org\/{rel}","templated":true}]}}