{"id":2604,"date":"2024-07-19T18:04:00","date_gmt":"2024-07-19T21:04:00","guid":{"rendered":"https:\/\/tveventos.tv.br\/?p=2604"},"modified":"2024-07-19T18:04:03","modified_gmt":"2024-07-19T21:04:03","slug":"forum-e-commerce","status":"publish","type":"post","link":"https:\/\/tveventos.tv.br\/?p=2604","title":{"rendered":"F\u00f3rum E-Commerce"},"content":{"rendered":"\n<p>O F\u00f3rum E-commerce 2024 \u00e9 um evento dedicado ao universo do com\u00e9rcio eletr\u00f4nico, reunindo profissionais, empres\u00e1rios e acad\u00eamicos para discutir as mais recentes tend\u00eancias, inova\u00e7\u00f5es e desafios do setor. O evento abordar\u00e1 temas como tend\u00eancias de mercado, inova\u00e7\u00e3o tecnol\u00f3gica, experi\u00eancia do usu\u00e1rio, marketing digital, log\u00edstica, aspectos jur\u00eddicos e regulat\u00f3rios, al\u00e9m de apresentar casos de sucesso e insights pr\u00e1ticos. Ser\u00e1 uma oportunidade valiosa para networking, aprendizado e desenvolvimento de parcerias estrat\u00e9gicas, oferecendo workshops, pain\u00e9is de discuss\u00e3o e exposi\u00e7\u00f5es de tecnologia para promover intera\u00e7\u00e3o entre os participantes.<\/p>\n\n\n\n<p>Junte-se a n\u00f3s nos dias 30 de julho a 01 de agosto, no Distrito Anhembi.<\/p>\n\n\n\n<p>Endere\u00e7o: Avenida Olavo Fontoura, N\u00b0 1. 209\/Santana, S\u00e3o Paulo, SP, 02012-021<\/p>\n","protected":false},"excerpt":{"rendered":"<p>O F\u00f3rum E-commerce 2024 \u00e9 um evento dedicado ao universo do com\u00e9rcio eletr\u00f4nico, reunindo profissionais, empres\u00e1rios e acad\u00eamicos para discutir as mais recentes tend\u00eancias, inova\u00e7\u00f5es e desafios do setor. O evento abordar\u00e1 temas como tend\u00eancias de mercado, inova\u00e7\u00e3o tecnol\u00f3gica, experi\u00eancia do usu\u00e1rio, marketing digital, log\u00edstica, aspectos jur\u00eddicos e regulat\u00f3rios, al\u00e9m de apresentar casos de sucesso [&hellip;]<\/p>\n","protected":false},"author":3,"featured_media":2605,"comment_status":"open","ping_status":"open","sticky":false,"template":"","format":"standard","meta":{"footnotes":""},"categories":[25],"tags":[],"class_list":{"0":"post-2604","1":"post","2":"type-post","3":"status-publish","4":"format-standard","5":"has-post-thumbnail","7":"category-calendariodeeventos"},"_links":{"self":[{"href":"https:\/\/tveventos.tv.br\/index.php?rest_route=\/wp\/v2\/posts\/2604","targetHints":{"allow":["GET"]}}],"collection":[{"href":"https:\/\/tveventos.tv.br\/index.php?rest_route=\/wp\/v2\/posts"}],"about":[{"href":"https:\/\/tveventos.tv.br\/index.php?rest_route=\/wp\/v2\/types\/post"}],"author":[{"embeddable":true,"href":"https:\/\/tveventos.tv.br\/index.php?rest_route=\/wp\/v2\/users\/3"}],"replies":[{"embeddable":true,"href":"https:\/\/tveventos.tv.br\/index.php?rest_route=%2Fwp%2Fv2%2Fcomments&post=2604"}],"version-history":[{"count":1,"href":"https:\/\/tveventos.tv.br\/index.php?rest_route=\/wp\/v2\/posts\/2604\/revisions"}],"predecessor-version":[{"id":2606,"href":"https:\/\/tveventos.tv.br\/index.php?rest_route=\/wp\/v2\/posts\/2604\/revisions\/2606"}],"wp:featuredmedia":[{"embeddable":true,"href":"https:\/\/tveventos.tv.br\/index.php?rest_route=\/wp\/v2\/media\/2605"}],"wp:attachment":[{"href":"https:\/\/tveventos.tv.br\/index.php?rest_route=%2Fwp%2Fv2%2Fmedia&parent=2604"}],"wp:term":[{"taxonomy":"category","embeddable":true,"href":"https:\/\/tveventos.tv.br\/index.php?rest_route=%2Fwp%2Fv2%2Fcategories&post=2604"},{"taxonomy":"post_tag","embeddable":true,"href":"https:\/\/tveventos.tv.br\/index.php?rest_route=%2Fwp%2Fv2%2Ftags&post=2604"}],"curies":[{"name":"wp","href":"https:\/\/api.w.org\/{rel}","templated":true}]}}