{"id":2607,"date":"2024-07-19T18:15:06","date_gmt":"2024-07-19T21:15:06","guid":{"rendered":"https:\/\/tveventos.tv.br\/?p=2607"},"modified":"2024-07-19T18:27:14","modified_gmt":"2024-07-19T21:27:14","slug":"abimad38-evidencia-a-potencia-do-setor-e-recebe-representantes-de-12-nacionalidades","status":"publish","type":"post","link":"https:\/\/tveventos.tv.br\/?p=2607","title":{"rendered":"ABIMAD&#8217;38 evidencia a pot\u00eancia do setor e recebe representantes de 12 nacionalidades"},"content":{"rendered":"\n<p><em>A edi\u00e7\u00e3o aconteceu no S\u00e3o Paulo Expo e teve mais de 110 expositores da ind\u00fastria nacional, que apresentaram as novidades que ir\u00e3o nortear o mercado no segundo semestre de 2024.<\/em><\/p>\n\n\n\n<p>A segunda feira do calend\u00e1rio 2024 no segmento de m\u00f3veis de alta decora\u00e7\u00e3o da Am\u00e9rica Latina, a ABIMAD, iniciou o segundo semestre com expectativas positivas. Mobili\u00e1rios repletos de curvas, formatos org\u00e2nicos, elementos naturais, cores e texturas que refletem as principais tend\u00eancias nacionais e internacionais n\u00e3o faltaram na sua 38\u00aa edi\u00e7\u00e3o. Distribu\u00eddos em uma \u00e1rea de mais de 25 mil m\u00b2, a feira recebeu um p\u00fablico seleto entre 16 e 19 de julho.<\/p>\n\n\n\n<p>A \u00fanica feira do setor focada em neg\u00f3cios, a ABIMAD\u201938 tamb\u00e9m teve bons resultados na Rodada de Neg\u00f3cios Internacionais promovida pela Abimad Export, projeto de fomento \u00e0 exporta\u00e7\u00e3o, junto com o programa Quality for Export de capacita\u00e7\u00e3o das empresas parceiras para o mercado exterior. A edi\u00e7\u00e3o recebeu 48 representantes de 12 pa\u00edses das Am\u00e9ricas, Europa e \u00c1frica.<\/p>\n\n\n\n<p>Paulo Mour\u00e3o, presidente da ABIMAD e CEO da Artesania Actual comenta que o sucesso da feira \u00e9 uma demonstra\u00e7\u00e3o de otimismo do setor para os pr\u00f3ximos anos. <em>\u201cO mercado brasileiro segue em destaque no cen\u00e1rio internacional, n\u00e3o s\u00f3 pelo \u00f3timo custo-benef\u00edcio, mas pela ampla variedade de produtos que aliam design contempor\u00e2neo \u00e0 qualidade inigual\u00e1vel. A feira recebeu visitantes do Brasil e do exterior e gerou um grande volume de neg\u00f3cios. Seguimos otimistas, atentos \u00e0s oportunidades e cientes dos desafios que teremos at\u00e9 o final do ano\u201d<\/em>.<\/p>\n\n\n\n<p>Ainda, segundo o presidente da associa\u00e7\u00e3o, somando as vendas realizadas durante a 38\u00aa edi\u00e7\u00e3o da ABIMAD com o que deve ser gerado ainda neste ano de 2024, estima-se que o setor tenha uma movimenta\u00e7\u00e3o de 4 bilh\u00f5es de reais. Nesta edi\u00e7\u00e3o, o maior volume de vendas teve concentra\u00e7\u00e3o em estofados e mobili\u00e1rios.<\/p>\n\n\n\n<p>Esta edi\u00e7\u00e3o contou com duas participa\u00e7\u00f5es in\u00e9ditas: a Sala Vip foi assinada pelo renomado arquiteto Renato Mendon\u00e7a, que teve como parceiros a Artimage, By Poli, Corbelli, Delinear, Essenza, J. Marcon, KZ Home Stock, Via Star, Maisofa, M\u00f3veis James, F\u00e1bio Fuzimoto e Madelustre. J\u00e1 a sala da imprensa teve a curadoria da revista Habitare e o Best in Show teve 20 pe\u00e7as selecionadas por Regina Galv\u00e3o, diretora de conte\u00fado da revista.<\/p>\n\n\n\n<p><strong>Sobre a ABIMAD<\/strong><\/p>\n\n\n\n<p>Fundada em maio de 2003 por um grupo de empres\u00e1rios do setor moveleiro, a ABIMAD (Associa\u00e7\u00e3o Brasileira das Ind\u00fastrias de M\u00f3veis de Alta Decora\u00e7\u00e3o) \u00e9 uma entidade sem fins lucrativos que tem por objetivo criar oportunidades de neg\u00f3cios para os seus associados atrav\u00e9s da Feira ABIMAD que, com quase 20 anos de hist\u00f3ria, tornou-se a principal feira de m\u00f3veis e acess\u00f3rios de alta decora\u00e7\u00e3o da Am\u00e9rica Latina e a \u00fanica do setor focada em neg\u00f3cios. Com duas edi\u00e7\u00f5es anuais, que trazem o melhor do design brasileiro e as principais tend\u00eancias internacionais, a ABIMAD conta ainda com tr\u00eas importantes programas: ABIMAD Export, ABIMAD VIPs e Hall News. Atualmente, s\u00e3o 164 marcas de m\u00f3veis e acess\u00f3rios de alta decora\u00e7\u00e3o associadas, provenientes de todo o Brasil.<\/p>\n","protected":false},"excerpt":{"rendered":"<p>A edi\u00e7\u00e3o aconteceu no S\u00e3o Paulo Expo e teve mais de 110 expositores da ind\u00fastria nacional, que apresentaram as novidades que ir\u00e3o nortear o mercado no segundo semestre de 2024. A segunda feira do calend\u00e1rio 2024 no segmento de m\u00f3veis de alta decora\u00e7\u00e3o da Am\u00e9rica Latina, a ABIMAD, iniciou o segundo semestre com expectativas positivas. [&hellip;]<\/p>\n","protected":false},"author":3,"featured_media":2608,"comment_status":"open","ping_status":"open","sticky":false,"template":"","format":"standard","meta":{"footnotes":""},"categories":[23],"tags":[],"class_list":{"0":"post-2607","1":"post","2":"type-post","3":"status-publish","4":"format-standard","5":"has-post-thumbnail","7":"category-feirasdenegocios"},"_links":{"self":[{"href":"https:\/\/tveventos.tv.br\/index.php?rest_route=\/wp\/v2\/posts\/2607","targetHints":{"allow":["GET"]}}],"collection":[{"href":"https:\/\/tveventos.tv.br\/index.php?rest_route=\/wp\/v2\/posts"}],"about":[{"href":"https:\/\/tveventos.tv.br\/index.php?rest_route=\/wp\/v2\/types\/post"}],"author":[{"embeddable":true,"href":"https:\/\/tveventos.tv.br\/index.php?rest_route=\/wp\/v2\/users\/3"}],"replies":[{"embeddable":true,"href":"https:\/\/tveventos.tv.br\/index.php?rest_route=%2Fwp%2Fv2%2Fcomments&post=2607"}],"version-history":[{"count":1,"href":"https:\/\/tveventos.tv.br\/index.php?rest_route=\/wp\/v2\/posts\/2607\/revisions"}],"predecessor-version":[{"id":2609,"href":"https:\/\/tveventos.tv.br\/index.php?rest_route=\/wp\/v2\/posts\/2607\/revisions\/2609"}],"wp:featuredmedia":[{"embeddable":true,"href":"https:\/\/tveventos.tv.br\/index.php?rest_route=\/wp\/v2\/media\/2608"}],"wp:attachment":[{"href":"https:\/\/tveventos.tv.br\/index.php?rest_route=%2Fwp%2Fv2%2Fmedia&parent=2607"}],"wp:term":[{"taxonomy":"category","embeddable":true,"href":"https:\/\/tveventos.tv.br\/index.php?rest_route=%2Fwp%2Fv2%2Fcategories&post=2607"},{"taxonomy":"post_tag","embeddable":true,"href":"https:\/\/tveventos.tv.br\/index.php?rest_route=%2Fwp%2Fv2%2Ftags&post=2607"}],"curies":[{"name":"wp","href":"https:\/\/api.w.org\/{rel}","templated":true}]}}