{"id":2610,"date":"2024-07-19T18:26:06","date_gmt":"2024-07-19T21:26:06","guid":{"rendered":"https:\/\/tveventos.tv.br\/?p=2610"},"modified":"2024-07-19T18:26:09","modified_gmt":"2024-07-19T21:26:09","slug":"referencia-na-america-latina-feira-de-negocios-expolazer-2024-muda-de-local-e-vai-para-o-distrito-anhembi","status":"publish","type":"post","link":"https:\/\/tveventos.tv.br\/?p=2610","title":{"rendered":"Refer\u00eancia na Am\u00e9rica Latina, feira de neg\u00f3cios Expolazer 2024 muda de local e vai para o Distrito Anhembi\u00a0"},"content":{"rendered":"\n<p><em>24\u00aa edi\u00e7\u00e3o da feira internacional, que \u00e9 gratuita e focada em piscinas, spas, decora\u00e7\u00e3o e bem-estar, acontece entre 13 e 16 de agosto em S\u00e3o Paulo.<\/em><br><\/p>\n\n\n\n<p>O principal evento na Am\u00e9rica Latina para o setor de lazer ao ar livre, a Expolazer &amp; Outdoor Living (<a href=\"https:\/\/expolazer.com.br\/\">Feira Internacional de Piscinas, Spas, Lazer &amp; Wellness)<\/a>, acontece entre os dias 13 e 16 de agosto em um novo local: no Distrito Anhembi, reinaugurado no m\u00eas passado em S\u00e3o Paulo, um pavilh\u00e3o mais moderno, climatizado e em local estrat\u00e9gico, tudo para impulsionar os neg\u00f3cios. Realizada a cada dois anos, a feira tem entrada gratuita e o credenciamento \u00e9 feito pelo portal do evento.<\/p>\n\n\n\n<p>A mudan\u00e7a de endere\u00e7o neste ano, segundo o head de Produto da Francal, Renato Cordeiro, visa oferecer mais conforto aos mais de 120 expositores e aos milhares de visitantes. S\u00e3o 12 mil m\u00b2 de exposi\u00e7\u00e3o. \u201cEste novo pavilh\u00e3o, com estrutura moderna e mais confort\u00e1vel, visa beneficiar profissionais e visitantes, para que possam realizar os melhores neg\u00f3cios e ter a melhor experi\u00eancia\u201d, destaca. Pela primeira vez, a feira ter\u00e1 espa\u00e7o com est\u00fadio de podcast para receber ainda expositores e convidados para transmiss\u00f5es ao vivo.<\/p>\n\n\n\n<p>Segundo dados da Associa\u00e7\u00e3o Nacional das Empresas e Profissionais de Piscinas (ANAPP), a estimativa \u00e9 de que o mercado brasileiro de lazer ao ar livre movimente algo em torno de R$12 bilh\u00f5es ao ano. Al\u00e9m disso, mais de 116 mil piscinas s\u00e3o instaladas em m\u00e9dia no pa\u00eds anualmente. \u201cDiante desse mercado, cada vez mais significativo, \u00e9 natural que os consumidores estejam cada vez mais exigentes, buscando por produtos e servi\u00e7os de qualidade. Como na Expolazer reunimos as principais marcas do setor, nossa expectativa \u00e9 atrair milhares de visitantes\u201d, enfatiza Cordeiro. Na edi\u00e7\u00e3o 2022, mais de 8 mil pessoas passaram pela feira.<\/p>\n\n\n\n<p>A Expolazer oferece oportunidade para compradores e profissionais do mercado de piscinas, spas, decora\u00e7\u00e3o e bem-estar &#8211; como lojistas, engenheiros, arquitetos, decoradores, paisagistas, gestores de resorts e de parques aqu\u00e1ticos, tratadores de piscinas e outros &#8211; se atualizarem sobre as \u00faltimas tend\u00eancias do mercado, fazer networking e encontrar novos clientes.<\/p>\n\n\n\n<p>No decorrer do evento, o p\u00fablico tamb\u00e9m poder\u00e1 acompanhar de perto palestras com mais de 40 especialistas. Os debates previstos envolvem temas como ESG, negocia\u00e7\u00e3o e vendas, normas e regulamenta\u00e7\u00f5es, conceitos e m\u00e9todos construtivos, impermeabiliza\u00e7\u00e3o, tend\u00eancias de mercado, arquitetura do lazer, inova\u00e7\u00e3o e tecnologia, marketing digital, gest\u00e3o e outros.&nbsp;<\/p>\n\n\n\n<p>A Expolazer &amp; Outdoor Living \u00e9 realizada pela Francal, ecossistema para eventos, e conta com a colabora\u00e7\u00e3o da Associa\u00e7\u00e3o Nacional das Empresas e Profissionais de Piscinas (ANAPP).<\/p>\n\n\n\n<p><strong>SERVI\u00c7O&nbsp;<\/strong><\/p>\n\n\n\n<p><strong>Dias<\/strong>: 13 a 16 de agosto (ter\u00e7a a sexta-feira)<\/p>\n\n\n\n<p><strong>Hor\u00e1rio<\/strong>: 13h \u00e0s 21h<\/p>\n\n\n\n<p><strong>Local<\/strong>: Distrito Anhembi, (Avenida Olavo Fontoura, 1209, S\u00e3o Paulo \u2013 SP)<\/p>\n\n\n\n<p><strong>Credenciamento e outras informa\u00e7\u00f5es<\/strong>: <a href=\"https:\/\/expolazer.com.br\/\">Link<\/a><\/p>\n\n\n\n<p><strong>Sobre a Expolazer<\/strong>&nbsp;<\/p>\n\n\n\n<p>Realizada pela primeira vez em 2012, em S\u00e3o Paulo, a Feira Internacional de Piscinas, Spas, Lazer &amp; Wellness (Expolazer &amp; Outdoor Living), foi criada tendo em vista a necessidade de atender \u00e0 crescente demanda por produtos e servi\u00e7os relacionados ao lazer ao ar livre no pa\u00eds. De l\u00e1 para casa, a feira bienal, realizada pela Francal \u2013 ecossistema para eventos &#8211; se tornou refer\u00eancia para que empresas do setor apresentem novidades e solu\u00e7\u00f5es para os consumidores.&nbsp;<\/p>\n","protected":false},"excerpt":{"rendered":"<p>24\u00aa edi\u00e7\u00e3o da feira internacional, que \u00e9 gratuita e focada em piscinas, spas, decora\u00e7\u00e3o e bem-estar, acontece entre 13 e 16 de agosto em S\u00e3o Paulo. O principal evento na Am\u00e9rica Latina para o setor de lazer ao ar livre, a Expolazer &amp; Outdoor Living (Feira Internacional de Piscinas, Spas, Lazer &amp; Wellness), acontece entre [&hellip;]<\/p>\n","protected":false},"author":3,"featured_media":2611,"comment_status":"open","ping_status":"open","sticky":false,"template":"","format":"standard","meta":{"footnotes":""},"categories":[23],"tags":[],"class_list":{"0":"post-2610","1":"post","2":"type-post","3":"status-publish","4":"format-standard","5":"has-post-thumbnail","7":"category-feirasdenegocios"},"_links":{"self":[{"href":"https:\/\/tveventos.tv.br\/index.php?rest_route=\/wp\/v2\/posts\/2610","targetHints":{"allow":["GET"]}}],"collection":[{"href":"https:\/\/tveventos.tv.br\/index.php?rest_route=\/wp\/v2\/posts"}],"about":[{"href":"https:\/\/tveventos.tv.br\/index.php?rest_route=\/wp\/v2\/types\/post"}],"author":[{"embeddable":true,"href":"https:\/\/tveventos.tv.br\/index.php?rest_route=\/wp\/v2\/users\/3"}],"replies":[{"embeddable":true,"href":"https:\/\/tveventos.tv.br\/index.php?rest_route=%2Fwp%2Fv2%2Fcomments&post=2610"}],"version-history":[{"count":1,"href":"https:\/\/tveventos.tv.br\/index.php?rest_route=\/wp\/v2\/posts\/2610\/revisions"}],"predecessor-version":[{"id":2612,"href":"https:\/\/tveventos.tv.br\/index.php?rest_route=\/wp\/v2\/posts\/2610\/revisions\/2612"}],"wp:featuredmedia":[{"embeddable":true,"href":"https:\/\/tveventos.tv.br\/index.php?rest_route=\/wp\/v2\/media\/2611"}],"wp:attachment":[{"href":"https:\/\/tveventos.tv.br\/index.php?rest_route=%2Fwp%2Fv2%2Fmedia&parent=2610"}],"wp:term":[{"taxonomy":"category","embeddable":true,"href":"https:\/\/tveventos.tv.br\/index.php?rest_route=%2Fwp%2Fv2%2Fcategories&post=2610"},{"taxonomy":"post_tag","embeddable":true,"href":"https:\/\/tveventos.tv.br\/index.php?rest_route=%2Fwp%2Fv2%2Ftags&post=2610"}],"curies":[{"name":"wp","href":"https:\/\/api.w.org\/{rel}","templated":true}]}}