{"id":2617,"date":"2024-07-22T14:26:17","date_gmt":"2024-07-22T17:26:17","guid":{"rendered":"https:\/\/tveventos.tv.br\/?p=2617"},"modified":"2024-07-22T14:28:50","modified_gmt":"2024-07-22T17:28:50","slug":"experience-expo","status":"publish","type":"post","link":"https:\/\/tveventos.tv.br\/?p=2617","title":{"rendered":"Experience Expo"},"content":{"rendered":"\n<p>Experience Expo \u00e9 um evento anual refer\u00eancia para todos os profissionais e marcas envolvidos com a cria\u00e7\u00e3o, planejamento e gest\u00e3o de atividades relacionadas ao Live Marketing e toda a sua cadeia de valor e vai propiciar atividades, momentos e oportunidades de neg\u00f3cios, networking, atualiza\u00e7\u00e3o e capacita\u00e7\u00e3o demonstrando cases e tend\u00eancias do setor.<\/p>\n\n\n\n<p>Junte-se a n\u00f3s nos dias 01 e 02 de agosto das 12h \u00e0s 20h, no Distrito Anhembi.<\/p>\n\n\n\n<p>Endere\u00e7o: Avenida Olavo Fontoura, N\u00b0 1. 209\/Santana, S\u00e3o Paulo, SP, 02012-021<\/p>\n","protected":false},"excerpt":{"rendered":"<p>Experience Expo \u00e9 um evento anual refer\u00eancia para todos os profissionais e marcas envolvidos com a cria\u00e7\u00e3o, planejamento e gest\u00e3o de atividades relacionadas ao Live Marketing e toda a sua cadeia de valor e vai propiciar atividades, momentos e oportunidades de neg\u00f3cios, networking, atualiza\u00e7\u00e3o e capacita\u00e7\u00e3o demonstrando cases e tend\u00eancias do setor. Junte-se a n\u00f3s [&hellip;]<\/p>\n","protected":false},"author":3,"featured_media":2618,"comment_status":"open","ping_status":"open","sticky":false,"template":"","format":"standard","meta":{"footnotes":""},"categories":[25],"tags":[],"class_list":{"0":"post-2617","1":"post","2":"type-post","3":"status-publish","4":"format-standard","5":"has-post-thumbnail","7":"category-calendariodeeventos"},"_links":{"self":[{"href":"https:\/\/tveventos.tv.br\/index.php?rest_route=\/wp\/v2\/posts\/2617","targetHints":{"allow":["GET"]}}],"collection":[{"href":"https:\/\/tveventos.tv.br\/index.php?rest_route=\/wp\/v2\/posts"}],"about":[{"href":"https:\/\/tveventos.tv.br\/index.php?rest_route=\/wp\/v2\/types\/post"}],"author":[{"embeddable":true,"href":"https:\/\/tveventos.tv.br\/index.php?rest_route=\/wp\/v2\/users\/3"}],"replies":[{"embeddable":true,"href":"https:\/\/tveventos.tv.br\/index.php?rest_route=%2Fwp%2Fv2%2Fcomments&post=2617"}],"version-history":[{"count":1,"href":"https:\/\/tveventos.tv.br\/index.php?rest_route=\/wp\/v2\/posts\/2617\/revisions"}],"predecessor-version":[{"id":2619,"href":"https:\/\/tveventos.tv.br\/index.php?rest_route=\/wp\/v2\/posts\/2617\/revisions\/2619"}],"wp:featuredmedia":[{"embeddable":true,"href":"https:\/\/tveventos.tv.br\/index.php?rest_route=\/wp\/v2\/media\/2618"}],"wp:attachment":[{"href":"https:\/\/tveventos.tv.br\/index.php?rest_route=%2Fwp%2Fv2%2Fmedia&parent=2617"}],"wp:term":[{"taxonomy":"category","embeddable":true,"href":"https:\/\/tveventos.tv.br\/index.php?rest_route=%2Fwp%2Fv2%2Fcategories&post=2617"},{"taxonomy":"post_tag","embeddable":true,"href":"https:\/\/tveventos.tv.br\/index.php?rest_route=%2Fwp%2Fv2%2Ftags&post=2617"}],"curies":[{"name":"wp","href":"https:\/\/api.w.org\/{rel}","templated":true}]}}