{"id":2621,"date":"2024-07-22T14:39:26","date_gmt":"2024-07-22T17:39:26","guid":{"rendered":"https:\/\/tveventos.tv.br\/?p=2621"},"modified":"2024-07-22T14:39:29","modified_gmt":"2024-07-22T17:39:29","slug":"escolar-office-brasil","status":"publish","type":"post","link":"https:\/\/tveventos.tv.br\/?p=2621","title":{"rendered":"Escolar Office Brasil"},"content":{"rendered":"\n<p>Muito al\u00e9m da volta \u00e0s aulas, a Escolar Office Brasil \u00e9 o ponto de encontro para relacionamento, neg\u00f3cios, tend\u00eancias e o lugar certo para voc\u00ea conhecer em primeira m\u00e3o os lan\u00e7amentos da temporada. Um universo amplo de conte\u00fado, experi\u00eancias e lifestyle se conecta no maior e mais importante evento de papelaria do continente em uma data estrat\u00e9gica para a temporada de vendas.&nbsp;&nbsp;<\/p>\n\n\n\n<p>Junte-se a n\u00f3s nos dias 04 a 07 de agosto, no Expo Center Norte.<\/p>\n\n\n\n<p>Hor\u00e1rios: Dias 04 a 06 das 11h \u00e0s 20h;<\/p>\n\n\n\n<p>Dia 7 das 11h \u00e0s 18h.<\/p>\n\n\n\n<p>Endere\u00e7o: Rua Jos\u00e9 Bernardo Pinto 333, S\u00e3o Paulo, SP, 02055-000<\/p>\n","protected":false},"excerpt":{"rendered":"<p>Muito al\u00e9m da volta \u00e0s aulas, a Escolar Office Brasil \u00e9 o ponto de encontro para relacionamento, neg\u00f3cios, tend\u00eancias e o lugar certo para voc\u00ea conhecer em primeira m\u00e3o os lan\u00e7amentos da temporada. Um universo amplo de conte\u00fado, experi\u00eancias e lifestyle se conecta no maior e mais importante evento de papelaria do continente em uma [&hellip;]<\/p>\n","protected":false},"author":3,"featured_media":2622,"comment_status":"open","ping_status":"open","sticky":false,"template":"","format":"standard","meta":{"footnotes":""},"categories":[25],"tags":[],"class_list":{"0":"post-2621","1":"post","2":"type-post","3":"status-publish","4":"format-standard","5":"has-post-thumbnail","7":"category-calendariodeeventos"},"_links":{"self":[{"href":"https:\/\/tveventos.tv.br\/index.php?rest_route=\/wp\/v2\/posts\/2621","targetHints":{"allow":["GET"]}}],"collection":[{"href":"https:\/\/tveventos.tv.br\/index.php?rest_route=\/wp\/v2\/posts"}],"about":[{"href":"https:\/\/tveventos.tv.br\/index.php?rest_route=\/wp\/v2\/types\/post"}],"author":[{"embeddable":true,"href":"https:\/\/tveventos.tv.br\/index.php?rest_route=\/wp\/v2\/users\/3"}],"replies":[{"embeddable":true,"href":"https:\/\/tveventos.tv.br\/index.php?rest_route=%2Fwp%2Fv2%2Fcomments&post=2621"}],"version-history":[{"count":1,"href":"https:\/\/tveventos.tv.br\/index.php?rest_route=\/wp\/v2\/posts\/2621\/revisions"}],"predecessor-version":[{"id":2623,"href":"https:\/\/tveventos.tv.br\/index.php?rest_route=\/wp\/v2\/posts\/2621\/revisions\/2623"}],"wp:featuredmedia":[{"embeddable":true,"href":"https:\/\/tveventos.tv.br\/index.php?rest_route=\/wp\/v2\/media\/2622"}],"wp:attachment":[{"href":"https:\/\/tveventos.tv.br\/index.php?rest_route=%2Fwp%2Fv2%2Fmedia&parent=2621"}],"wp:term":[{"taxonomy":"category","embeddable":true,"href":"https:\/\/tveventos.tv.br\/index.php?rest_route=%2Fwp%2Fv2%2Fcategories&post=2621"},{"taxonomy":"post_tag","embeddable":true,"href":"https:\/\/tveventos.tv.br\/index.php?rest_route=%2Fwp%2Fv2%2Ftags&post=2621"}],"curies":[{"name":"wp","href":"https:\/\/api.w.org\/{rel}","templated":true}]}}