{"id":2625,"date":"2024-07-22T16:57:59","date_gmt":"2024-07-22T19:57:59","guid":{"rendered":"https:\/\/tveventos.tv.br\/?p=2625"},"modified":"2024-07-22T16:58:03","modified_gmt":"2024-07-22T19:58:03","slug":"congresso-promove-conhecimento-sobre-tecnologias-avancadas-para-provedores-de-internet-e-tem-aumento-no-numero-de-trabalhos","status":"publish","type":"post","link":"https:\/\/tveventos.tv.br\/?p=2625","title":{"rendered":"Congresso promove conhecimento sobre tecnologias avan\u00e7adas para provedores de internet e tem aumento no n\u00famero de trabalhos"},"content":{"rendered":"\n<p class=\"has-text-align-center\"><em>Em sua 14\u00aa edi\u00e7\u00e3o, o RTI Provedores de Internet passa a ter dois dias de dura\u00e7\u00e3o para contemplar todos os trabalhos t\u00e9cnicos selecionados. Palestrantes e painelistas compartilham seu conhecimento sobre as novas tend\u00eancias de mercado e mostram como os ISPs poder\u00e3o aproveitar as oportunidades que est\u00e3o surgindo<\/em>.<\/p>\n\n\n\n<p>Ap\u00f3s vivenciar um crescimento acelerado, a constru\u00e7\u00e3o de novas redes de comunica\u00e7\u00e3o atualmente sofre um processo de desacelera\u00e7\u00e3o, o que obriga os provedores de internet (ISPs) \u2013 especialmente de pequeno porte, conhecidos como PPPs \u2013 a investir em novas tecnologias para manter ou ampliar as suas fatias neste mercado altamente competitivo. A 14\u00aa edi\u00e7\u00e3o do <strong>Congresso RTI Provedores de Internet <\/strong>acontecer\u00e1 neste cen\u00e1rio desafiador, mas pleno de oportunidades, como mostra a quantidade expressiva de trabalhos t\u00e9cnicos selecionados: este ano, a programa\u00e7\u00e3o passou a ter dois dias (em 2023 foi realizado em apenas um). O congresso re\u00fane temas relevantes como a futura libera\u00e7\u00e3o da nova frequ\u00eancia de 6 GHz, seguran\u00e7a nas redes de comunica\u00e7\u00e3o, o impacto da intelig\u00eancia artificial nos neg\u00f3cios, gest\u00e3o e servi\u00e7os de valor agregado (SVA).&nbsp;<\/p>\n\n\n\n<p>\u201cVamos apresentar o que h\u00e1 de novo para o provedor. Ele precisa ter conhecimento sobre essas tecnologias para saber o que \u00e9 fact\u00edvel de ser aplicado dentro da sua realidade e de que forma poder\u00e1 tirar proveito disso\u201d, antecipa o professor universit\u00e1rio <strong>Jos\u00e9 Maur\u00edcio Pinheiro<\/strong>, coordenador do congresso, que ser\u00e1 realizado nos dias 5 e 6 de agosto no Expo Center Norte, em S\u00e3o Paulo, como parte integrante do <strong>11\u00ba NETCOM<\/strong>.<\/p>\n\n\n\n<p>Com experi\u00eancia em gest\u00e3o tecnol\u00f3gica e especializa\u00e7\u00f5es em Intelig\u00eancia Artificial, Telecomunica\u00e7\u00f5es, Automa\u00e7\u00e3o e Redes de Computadores, Jos\u00e9 Maur\u00edcio Pinheiro ministra aulas no Centro Universit\u00e1rio de Barra Mansa (UBM) e na Faculdade de Educa\u00e7\u00e3o Tecnol\u00f3gica do Estado do Rio de Janeiro FAETERJ, al\u00e9m de atuar como instrutor da \u00e1rea de Tecnologia da Informa\u00e7\u00e3o no Servi\u00e7o Social do Transporte e Servi\u00e7o Nacional de Aprendizagem do Transporte \u2013 SEST SENAT.<\/p>\n\n\n\n<p>Segundo dados da Ag\u00eancia Nacional de Telecomunica\u00e7\u00f5es (Anatel), divulgados este m\u00eas, o mercado brasileiro de banda larga alcan\u00e7ou a marca de 49,7 milh\u00f5es de acessos em maio de 2024, o que representa um acr\u00e9scimo de 228 mil assinantes no m\u00eas e 1,08 milh\u00e3o no acumulado de janeiro a maio. Ainda que haja subnotifica\u00e7\u00e3o entre os PPPs, os novos clientes totalizam 32% a menos em rela\u00e7\u00e3o ao mesmo per\u00edodo do ano passado.<\/p>\n\n\n\n<p>Diante deste cen\u00e1rio desafiador, o <strong>Congresso RTI Provedores de Internet<\/strong> incluiu em sua grade temas importantes aos pequenos provedores que est\u00e3o em busca de competitividade A programa\u00e7\u00e3o est\u00e1 dividida em dois dias: o primeiro \u00e9 dedicado \u00e0s tecnologias e o segundo, \u00e0s quest\u00f5es de seguran\u00e7a de dados e gest\u00e3o.<\/p>\n\n\n\n<p><strong>Tecnologias e oportunidades<\/strong><\/p>\n\n\n\n<p>As palestras de abertura do evento, no dia 5 de agosto, t\u00eam o prop\u00f3sito de informar aos provedores de que maneira eles poder\u00e3o ter acesso \u00e0s tecnologias de Wi-Fi 6E e 7 e \u00e0s frequ\u00eancias de 6 GHz <em>outdoor<\/em>. Para tratar desses temas, foram escalados, respectivamente, <strong>Luiz Puppin<\/strong>, gerente da FiberX Training, e <strong>Gilson Barbosa<\/strong>, CEO da G3Network<em>.<\/em><\/p>\n\n\n\n<p>Em seu trabalho, Barbosa analisa como est\u00e1 o cen\u00e1rio no Brasil e de que maneira ser\u00e1 feita a libera\u00e7\u00e3o dos 6 GHz, com o uso da coordena\u00e7\u00e3o automatizada de frequ\u00eancia (AFC). O profissional acredita que possa haver um \u201crenascimento\u201d dos provedores via r\u00e1dio em muitas regi\u00f5es, devido ao custo elevado dos postes, aos furtos de cabo ou mesmo por facilidade na entrega do servi\u00e7o ao cliente em regi\u00f5es mais afastadas ou zonas rurais.<\/p>\n\n\n\n<p>J\u00e1 o administrador do Instituto Federal de Educa\u00e7\u00e3o, Ci\u00eancia e Tecnologia do Cear\u00e1 (IFC) <strong>Carlos Aur\u00e9lio Oliveira Gon\u00e7alves<\/strong> apresentar\u00e1 seu trabalho sobre a \u201c<strong>Aplica\u00e7\u00e3o de uma infraestrutura WIMAX para os Centros de Inclus\u00e3o Digital de Fortaleza (CIDF)<\/strong>\u201d. A palestra trar\u00e1 detalhes sobre a iniciativa, que poder\u00e1 servir de modelo para prefeituras e autarquias p\u00fablicas. Em Fortaleza (CE), os CIDFs ser\u00e3o instalados pr\u00f3ximos a escolas municipais e equipados com computadores de \u00faltima gera\u00e7\u00e3o, com acesso \u00e0 internet de banda larga e tecnologia WIMAX para suportar videoconfer\u00eancias. O objetivo \u00e9 oferecer infraestrutura suficiente para que esses locais possam realizar cursos noturnos na \u00e1rea de tecnologia da informa\u00e7\u00e3o, proporcionando qualifica\u00e7\u00e3o \u00e0 popula\u00e7\u00e3o carente que reside no entorno.<\/p>\n\n\n\n<p><strong>Intelig\u00eancia artificial (IA)<\/strong><\/p>\n\n\n\n<p>Com mais de 23 anos de experi\u00eancia no setor de telecomunica\u00e7\u00f5es, a engenheira de telecomunica\u00e7\u00f5es e administradora de empresas <strong>K<\/strong><strong>arine Mansour Soares<\/strong> apresentar\u00e1 o tema \u201c<strong>Impacto da IA \u2013 Intelig\u00eancia Artificial no Provedor<\/strong>\u201d. CEO na Mansour Consultoria e Head of Network na Law in Tele, a profissional tamb\u00e9m mediar\u00e1 o painel que dar\u00e1 sequ\u00eancia \u00e0 sua palestra, no qual ser\u00e3o discutidas \u201c<strong>Novas Tecnologias e Seguran\u00e7a em Redes de Comunica\u00e7\u00e3o<\/strong>\u201d. \u201cSer\u00e1 que a intelig\u00eancia artificial trar\u00e1 mais ou menos seguran\u00e7a? \u00c9 uma preocupa\u00e7\u00e3o das empresas, mas ser\u00e1 que o provedor de internet est\u00e1 preparado para isso?\u201d, questiona o coordenador do <strong>Congresso RTI Provedores de Internet<\/strong>.<\/p>\n\n\n\n<p>Esta discuss\u00e3o ter\u00e1 a presen\u00e7a dos painelistas convidados <strong>Alessandro Magalh\u00e3es<\/strong>, diretor de opera\u00e7\u00f5es da Plano SI Consultoria; <strong>Andr\u00e9 Scheiner<\/strong>, diretor de projetos da Sapiens Projetos; e <strong>Ricardo Capozzi<\/strong>, perito em Computa\u00e7\u00e3o Forense da Inforac Lab Tec Pericial. Entre outras quest\u00f5es, ser\u00e3o abordadas a ado\u00e7\u00e3o de criptografia, <em>firewalls <\/em>avan\u00e7ados e t\u00e9cnicas de anonimiza\u00e7\u00e3o de dados para proteger a infraestrutura cr\u00edtica de ataques e vazamentos. Tamb\u00e9m ser\u00e3o tratados temas como a qualifica\u00e7\u00e3o da m\u00e3o de obra com rela\u00e7\u00e3o a esses temas de seguran\u00e7a e, no caso espec\u00edfico da computa\u00e7\u00e3o forense, como identificar produ\u00e7\u00f5es falsas criadas por IA.<\/p>\n\n\n\n<p><strong>Seguran\u00e7a e gest\u00e3o<\/strong><\/p>\n\n\n\n<p>A programa\u00e7\u00e3o do dia 6 de agosto ter\u00e1 seu enfoque no desenvolvimento e no crescimento do provedor de internet, com palestras voltadas a quest\u00f5es comerciais e operacionais e ao compartilhamento e desempenho das redes. A palestra inicial ser\u00e1 conduzida por <strong>Paul Raad<\/strong>, diretor de produtos da WDC Networks, e tratar\u00e1 das \u201cVantagens dos projetos turnkey para provedores\u201d. Em seguida, <strong>Adenilson Boccato de Almeida<\/strong>, gerente de Ciberseguran\u00e7a da Protiviti, falar\u00e1 sobre \u201c<strong>DDoS e seguran\u00e7a de rede<\/strong>\u201d. Em sua palestra, ele apresentar\u00e1 os principais conceitos e as boas pr\u00e1ticas para evitar os ataques de nega\u00e7\u00e3o de servi\u00e7o distribu\u00eddo (DDoS), que se tornaram um grande desafio para os profissionais de seguran\u00e7a da informa\u00e7\u00e3o.<\/p>\n\n\n\n<p>Recomenda\u00e7\u00f5es para melhorar o desempenho e a gest\u00e3o dos ISPs far\u00e3o parte das apresenta\u00e7\u00f5es seguintes, como a do engenheiro <strong>Jorge Morgado<\/strong>, da Conect Telecom, que ir\u00e1 falar sobre <strong>\u201cIndicadores de desempenho (KPIs) para o desenvolvimento de provedores\u201d<\/strong>. Refer\u00eancia no desenvolvimento de projetos para este p\u00fablico, o NIC.br estar\u00e1 representado pelos gerentes <strong>Antonio M. Moreiras<\/strong> e <strong>Gilberto Zorello<\/strong>. A dupla apresentar\u00e1 o conte\u00fado \u201c<strong>Padr\u00f5es t\u00e9cnicos e pr\u00e1ticas importantes para a estabilidade e crescimento do provedor &#8211; Uma abordagem para os gestores<\/strong>\u201d.<\/p>\n\n\n\n<p>Finalizando o congresso, o painel \u201c<strong>Estrat\u00e9gias de Gest\u00e3o e Servi\u00e7os em Telecomunica\u00e7\u00f5es\u201d <\/strong>ter\u00e1 a media\u00e7\u00e3o de<strong>Henrique Carmine<\/strong>, gerente de estrat\u00e9gia corporativa da American Imports. Gestor e administrador com \u00eanfase em Tecnologia da Informa\u00e7\u00e3o, o executivo tem viv\u00eancia em projetos, gest\u00e3o tecnol\u00f3gica e operacional.<\/p>\n\n\n\n<p>Entre os convidados a debater o tema est\u00e1 <strong>Douglas Conrad<\/strong>, CTO da Opens Tecnologia, que discorrer\u00e1 sobre como a IA pode propiciar melhores experi\u00eancias ao cliente. Outros convidados para o painel s\u00e3o <strong>Glaucius Botosso<\/strong>, CEO da GBX ISP Consult; <strong>Jesaias Arruda<\/strong>, vice-presidente da Associa\u00e7\u00e3o Brasileira de Internet (Abranet) e <strong>Luciano Franz<\/strong>, CEO da Digilivro, que falar\u00e1 a respeito da capacita\u00e7\u00e3o do provedor para a venda e entrega de livros e jornais digitais com o objetivo de oferecer vantagens especiais ao cliente final e, ao mesmo tempo, beneficiar-se de isen\u00e7\u00f5es tribut\u00e1rias.<\/p>\n\n\n\n<p><strong>14\u00b0 Congresso RTI Provedores de Internet &#8211; Programa\u00e7\u00e3o completa<\/strong><\/p>\n\n\n\n<p><strong>5 de agosto<\/strong><\/p>\n\n\n\n<p><strong>13h30 &#8211; 14h15: <\/strong><em>Wi-Fi 6E e 7 <\/em>&#8211; Luiz Puppin, FiberX Training<\/p>\n\n\n\n<p><strong>14h15 &#8211; 15h00: <\/strong><em>Cen\u00e1rio 6 GHz outdoor<\/em> &#8211; Gilson Barbosa, G3Network<\/p>\n\n\n\n<p><strong>15h00 &#8211; 15h45: <\/strong><em>Aplica\u00e7\u00e3o de uma infraestrutura WIMAX para os Centros de Inclus\u00e3o Digital de Fortaleza (CIDF)<\/em>&#8211; Carlos Aur\u00e9lio Oliveira Gon\u00e7alves, Instituto Federal de Educa\u00e7\u00e3o, Ci\u00eancia e Tecnologia do Cear\u00e1 (IFCE)<\/p>\n\n\n\n<p><strong>15h45 &#8211; 16h15\u200b: <\/strong>Intervalo<\/p>\n\n\n\n<p><strong>16h15 &#8211; 17h00: <\/strong><em>Impacto da IA \u2013 Intelig\u00eancia Artificial no provedor<\/em> &#8211; Karine Mansour Soares, Mansour Consultoria e Law in Tele<\/p>\n\n\n\n<p><strong>17h00 &#8211; 18h30: Painel <\/strong><em>&#8211; Novas Tecnologias e Seguran\u00e7a em Redes de Comunica\u00e7\u00e3o<\/em><\/p>\n\n\n\n<p><strong>Mediadora<\/strong><\/p>\n\n\n\n<p>Karine Mansour Soares, Mansour Consultoria e Law in Tele<\/p>\n\n\n\n<p><strong>Painelistas<\/strong><\/p>\n\n\n\n<p>Alessandro Magalh\u00e3es, Plano SI Consultoria<\/p>\n\n\n\n<p>Andr\u00e9 Scheiner, Sapiens Projetos<\/p>\n\n\n\n<p>Ricardo Capozzi, Inforac Lab Tec Pericial<\/p>\n\n\n\n<p><strong>6 de agosto<\/strong><\/p>\n\n\n\n<p><strong>13h30 &#8211; 14h15: <\/strong><em>Vantagens dos projetos turnkey para provedores<\/em> &#8211;<strong> <\/strong>Paul Raad, WDC Networks<\/p>\n\n\n\n<p><strong>14h15 &#8211; 15h00\u200b: <\/strong><em>DDoS e seguran\u00e7a de rede<\/em> &#8211; Adenilson Boccato de Almeida, Protiviti<\/p>\n\n\n\n<p><strong>15h00 &#8211; 15h45: <\/strong><em>Indicadores de desempenho (KPIs) para o desenvolvimento de provedores<\/em> &#8211; Jorge Morgado, Conect Telecom<\/p>\n\n\n\n<p><strong>15h45 &#8211; 16h15:\u200b <\/strong>Intervalo<\/p>\n\n\n\n<p><strong>16h15 &#8211; 17h15: <\/strong><em>Padr\u00f5es t\u00e9cnicos e pr\u00e1ticas importantes para a estabilidade e crescimento do provedor<\/em> &#8211; Uma abordagem para os gestores &#8211; Antonio M. Moreiras e Gilberto Zorello, NIC.br<\/p>\n\n\n\n<p><strong>17h15 &#8211; 18h30: Painel <\/strong>&#8211; <em>Estrat\u00e9gias de Gest\u00e3o e Servi\u00e7os em Telecomunica\u00e7\u00f5es<\/em><\/p>\n\n\n\n<p><strong>Mediador<\/strong><\/p>\n\n\n\n<p>Henrique Carmine, American Imports<\/p>\n\n\n\n<p><strong>Painelistas<\/strong><\/p>\n\n\n\n<p>Douglas Conrad, Opens Tecnologia<\/p>\n\n\n\n<p>Glaucius Botosso, GBX ISP Consult<\/p>\n\n\n\n<p>Luciano Franz, Digilivro<\/p>\n\n\n\n<p>Jesaias Arruda, Abranet<\/p>\n\n\n\n<p><strong>Sobre o NETCOM<\/strong><\/p>\n\n\n\n<p>Em sua 11\u00aa edi\u00e7\u00e3o, o NETCOM \u00e9 o ponto de encontro dos profissionais de infraestrutura de redes, cabeamento e telecom, reunindo feira e congressos t\u00e9cnicos em um mesmo ambiente. Em 2024 o evento ser\u00e1 realizado entre os dias 5 e 7 de agosto \u2013 no Expo Center Norte (Pavilh\u00e3o Azul), em S\u00e3o Paulo \u2013 com uma programa\u00e7\u00e3o que abrange toda a cadeia produtiva do segmento, incluindo ind\u00fastria, distribuidores, instaladores, operadoras, data centers, provedores de Internet e usu\u00e1rios corporativos de TI.<\/p>\n\n\n\n<p>Especialistas, pesquisadores e profissionais atuantes no mercado compartilhar\u00e3o seus conhecimentos, por mais de 30 horas, nos congressos que comp\u00f5em o evento: 2\u00b0 Congresso RTI de Fibra \u00d3ptica; 14\u00b0 Congresso de Provedores de Internet; 15\u00b0 Congresso RTI de Data Centers; 2\u00b0 Congresso de Cabeamento e Instala\u00e7\u00f5es e 3\u00b0 Workshop de Compartilhamento de Postes.<\/p>\n\n\n\n<p>Entre as quest\u00f5es t\u00e9cnicas, ser\u00e3o abordadas novas normas de seguran\u00e7a de instala\u00e7\u00e3o, estrat\u00e9gias de migra\u00e7\u00e3o de redes e desenvolvimentos de padr\u00f5es abertos, intelig\u00eancia artificial, IoT \u2013 Internet das Coisas, 5G e a gest\u00e3o dos provedores de Internet em um ambiente competitivo e cada vez mais consolidado.<\/p>\n\n\n\n<p>Em uma \u00e1rea de exposi\u00e7\u00e3o de 10.000 m\u00b2, ser\u00e3o reunidos mais de 180 expositores nacionais e internacionais que apresentar\u00e3o seus produtos e tecnologias. Os organizadores esperam receber 2.000 congressistas e 8.000 visitantes nos tr\u00eas dias de evento.<\/p>\n\n\n\n<p>O NETCOM \u00e9 uma realiza\u00e7\u00e3o da Aranda Eventos, empresa com 30 anos de experi\u00eancia na organiza\u00e7\u00e3o e coorganiza\u00e7\u00e3o de eventos como as feiras e congressos Intersolar South America, Data Centers e Provedores de Internet.<\/p>\n\n\n\n<p>A promo\u00e7\u00e3o e a curadoria de conte\u00fado contam com o suporte da revista RTI &#8211; Redes, Telecom e Instala\u00e7\u00f5es, primeira revista direcionada aos profissionais de infraestrutura de redes e telecom lan\u00e7ada em 2000 pela Aranda Editora. O evento tamb\u00e9m conta com a parceria do N\u00facleo de Informa\u00e7\u00e3o e Coordena\u00e7\u00e3o do Ponto BR (NIC.br) e das associa\u00e7\u00f5es Associa\u00e7\u00e3o Brasileira de Data Center (ABDC), Associa\u00e7\u00e3o Brasileira de Empresas de Solu\u00e7\u00f5es de Telecomunica\u00e7\u00f5es e Inform\u00e1tica (Abeprest), Associa\u00e7\u00e3o Brasileira das Empresas e Profissionais de Engenharia das Comunica\u00e7\u00f5es e Infraestrutura (Aberimest), Associa\u00e7\u00e3o Brasileira de Infraestrutura e Servi\u00e7os Cloud (Abracloud), Associa\u00e7\u00e3o Brasileira de Internet (Abranet), Associa\u00e7\u00e3o Brasileira dos Operadores de Telecomunica\u00e7\u00f5es e Provedores de Internet (Abramulti), Associa\u00e7\u00e3o Brasileira das Prestadoras de Servi\u00e7os de Telecomunica\u00e7\u00f5es Competitivas (TelComp) e Uni\u00e3o Brasileira dos Integradores de Solu\u00e7\u00f5es de Engenharia (UBIC).<\/p>\n\n\n\n<p><strong>Servi\u00e7o<\/strong><\/p>\n\n\n\n<p><strong>14\u00b0 Congresso RTI Provedores de Internet<\/strong><\/p>\n\n\n\n<p>5 e 6 de agosto de 2024, das 13h30 \u00e0s 18h30<\/p>\n\n\n\n<p><strong>NETCOM 2024<\/strong><\/p>\n\n\n\n<p>5, 6 e 7 de agosto<\/p>\n\n\n\n<p>Expo Center Norte (Pavilh\u00e3o Azul)<\/p>\n\n\n\n<p>Rua Jos\u00e9 Bernardo Pinto, 333, Vila Guilherme. S\u00e3o Paulo-SP<\/p>\n\n\n\n<p>Feira: 12h \u00e0s 20h<\/p>\n\n\n\n<p>Congressos: 13h30 \u00e0s 18h30<strong>Inscri\u00e7\u00f5es gratuitas <\/strong>pelo site www.netcom2024.com.br<\/p>\n","protected":false},"excerpt":{"rendered":"<p>Em sua 14\u00aa edi\u00e7\u00e3o, o RTI Provedores de Internet passa a ter dois dias de dura\u00e7\u00e3o para contemplar todos os trabalhos t\u00e9cnicos selecionados. Palestrantes e painelistas compartilham seu conhecimento sobre as novas tend\u00eancias de mercado e mostram como os ISPs poder\u00e3o aproveitar as oportunidades que est\u00e3o surgindo. Ap\u00f3s vivenciar um crescimento acelerado, a constru\u00e7\u00e3o de [&hellip;]<\/p>\n","protected":false},"author":2,"featured_media":2626,"comment_status":"open","ping_status":"open","sticky":false,"template":"","format":"standard","meta":{"footnotes":""},"categories":[23],"tags":[],"class_list":{"0":"post-2625","1":"post","2":"type-post","3":"status-publish","4":"format-standard","5":"has-post-thumbnail","7":"category-feirasdenegocios"},"_links":{"self":[{"href":"https:\/\/tveventos.tv.br\/index.php?rest_route=\/wp\/v2\/posts\/2625","targetHints":{"allow":["GET"]}}],"collection":[{"href":"https:\/\/tveventos.tv.br\/index.php?rest_route=\/wp\/v2\/posts"}],"about":[{"href":"https:\/\/tveventos.tv.br\/index.php?rest_route=\/wp\/v2\/types\/post"}],"author":[{"embeddable":true,"href":"https:\/\/tveventos.tv.br\/index.php?rest_route=\/wp\/v2\/users\/2"}],"replies":[{"embeddable":true,"href":"https:\/\/tveventos.tv.br\/index.php?rest_route=%2Fwp%2Fv2%2Fcomments&post=2625"}],"version-history":[{"count":1,"href":"https:\/\/tveventos.tv.br\/index.php?rest_route=\/wp\/v2\/posts\/2625\/revisions"}],"predecessor-version":[{"id":2627,"href":"https:\/\/tveventos.tv.br\/index.php?rest_route=\/wp\/v2\/posts\/2625\/revisions\/2627"}],"wp:featuredmedia":[{"embeddable":true,"href":"https:\/\/tveventos.tv.br\/index.php?rest_route=\/wp\/v2\/media\/2626"}],"wp:attachment":[{"href":"https:\/\/tveventos.tv.br\/index.php?rest_route=%2Fwp%2Fv2%2Fmedia&parent=2625"}],"wp:term":[{"taxonomy":"category","embeddable":true,"href":"https:\/\/tveventos.tv.br\/index.php?rest_route=%2Fwp%2Fv2%2Fcategories&post=2625"},{"taxonomy":"post_tag","embeddable":true,"href":"https:\/\/tveventos.tv.br\/index.php?rest_route=%2Fwp%2Fv2%2Ftags&post=2625"}],"curies":[{"name":"wp","href":"https:\/\/api.w.org\/{rel}","templated":true}]}}