{"id":2628,"date":"2024-07-22T17:06:07","date_gmt":"2024-07-22T20:06:07","guid":{"rendered":"https:\/\/tveventos.tv.br\/?p=2628"},"modified":"2024-07-22T17:06:11","modified_gmt":"2024-07-22T20:06:11","slug":"8a-the-brazil-conference-expo-estimula-agenda-positiva-em-prol-da-sustentabilidade-e-das-praticas-esg","status":"publish","type":"post","link":"https:\/\/tveventos.tv.br\/?p=2628","title":{"rendered":"8\u00aa The Brazil Conference &amp; Expo estimula agenda positiva em prol da sustentabilidade e das pr\u00e1ticas ESG"},"content":{"rendered":"\n<p class=\"has-text-align-center\"><em>Evento vai reunir mais de 150 marcas do setor de produtos frescos com a\u00e7\u00f5es sustent\u00e1veis, socioambientais, inclus\u00e3o e solu\u00e7\u00f5es tecnol\u00f3gicas<\/em><\/p>\n\n\n\n<p>A 8\u00aa edi\u00e7\u00e3o da The Brazil Conference &amp; Expo tem como compromisso promover iniciativas sustent\u00e1veis e pr\u00e1ticas que incentivam a agenda ESG. O evento voltado para a ind\u00fastria de Frutas, Flores, Legumes e Verduras (FFLV) acontecer\u00e1 nos dias 7 e 8 de agosto, em S\u00e3o Paulo, e incitar\u00e1 temas que permeiam adapta\u00e7\u00e3o \u00e0s mudan\u00e7as clim\u00e1ticas, inclus\u00e3o, transforma\u00e7\u00e3o digital e gest\u00e3o de neg\u00f3cios. O exemplo ser\u00e1 na pr\u00e1tica. Al\u00e9m dos debates e confer\u00eancias, a feira vai estimular atitudes conscientes com solu\u00e7\u00f5es que promovem um futuro mais verde, inclusivo e eficiente.<\/p>\n\n\n\n<p>\u201cEste \u00e9 um momento importante onde a ind\u00fastria de FFLV se re\u00fane em um mesmo local para agregar valor aos produtos frescos e apresentar inova\u00e7\u00f5es tecnol\u00f3gicas, sustent\u00e1veis e inclusivas que proporcionem ainda mais produtividade, diversidade e efici\u00eancia aos produtores rurais e aos varejistas\u201d, afirma Alex Lee, presidente do Conselho da IFPA (International Fresh Produce Association) no Brasil \u2013 associa\u00e7\u00e3o realizadora da feira.<\/p>\n\n\n\n<p>O evento tamb\u00e9m far\u00e1 um invent\u00e1rio para compensa\u00e7\u00e3o de carbono e gera\u00e7\u00e3o de biocr\u00e9dito. Dentre outros t\u00f3picos, a coleta seletiva e a gest\u00e3o de res\u00edduos s\u00f3lidos, unidas \u00e0s lixeiras ecol\u00f3gicas, comp\u00f5em um papel importante desde a montagem at\u00e9 o encerramento da feira.<\/p>\n\n\n\n<p>Para contribuir com essa pegada sustent\u00e1vel e incentivar a destina\u00e7\u00e3o correta das embalagens na ind\u00fastria de FFLV, bem como dos demais pl\u00e1sticos utilizados no ambiente agr\u00edcola, o evento contar\u00e1 com a palestra de Andr\u00e9s da Silva, consultor e s\u00f3cio fundador da EACEA \u2013 Solu\u00e7\u00f5es em Cultivo Protegido. Com o tema: \u201cViabilizando a economia circular do pl\u00e1stico agr\u00edcola. Eu plastifico, n\u00f3s reciclamos\u201d, a palestra vai acontecer no espa\u00e7o da feira, em 8 de agosto, das 13h30 \u00e0s 14h.<\/p>\n\n\n\n<p><strong>Progresso ambiental, social e econ\u00f4mico<\/strong><\/p>\n\n\n\n<p>Engajada na pauta socioambiental, a feira The Brazil Conference &amp; Expo destinou e aproveitou 100% dos res\u00edduos s\u00f3lidos gerados no ano passado. Das 9,9 toneladas de res\u00edduos coletados, 6,5 toneladas foram de itens recicl\u00e1veis, triados e encaminhados corretamente, e 3,4 toneladas de materiais org\u00e2nicos que seguiram para compostagem. Toda a a\u00e7\u00e3o foi realizada em parceria com cooperativas.<\/p>\n\n\n\n<p>Em 2023, a feira atraiu mais de 2.500 visitantes e, neste ano, em um espa\u00e7o com cerca de 8 mil metros quadrados e mais de 150 marcas expositoras, espera-se ainda mais sucesso. Os expositores e palestrantes abordar\u00e3o pautas que s\u00e3o primordiais para o cen\u00e1rio atual, como combate ao desperd\u00edcio, otimiza\u00e7\u00e3o do uso de recursos naturais, embalagens biodegrad\u00e1veis, diminui\u00e7\u00e3o da pegada de carbono e rastreabilidade, a fim de assegurar a transpar\u00eancia e a seguran\u00e7a do alimento para o consumidor.<\/p>\n\n\n\n<p>Alex Lee conta que o compromisso da The Brazil Conference &amp; Expo com as pr\u00e1ticas sustent\u00e1veis aliado a um ambiente favor\u00e1vel para gera\u00e7\u00e3o de neg\u00f3cios, j\u00e1 deu frutos. \u201cO evento tamb\u00e9m traz oportunidades de mercado e neste ano teremos inclusive compradores internacionais\u201d, comemora.<\/p>\n\n\n\n<p>A inclus\u00e3o e acessibilidade tamb\u00e9m \u00e9 prioridade na The Brazil Conference &amp; Expo. Todo o local ser\u00e1 adaptado, a exemplo dos banheiros e rampas para viabilizar a locomo\u00e7\u00e3o e o conforto de Pessoas com Defici\u00eancia (PCDs). O evento ainda realiza a contrata\u00e7\u00e3o de profissionais PCD para atuar como staff.<\/p>\n\n\n\n<p><strong>Inscri\u00e7\u00e3o<\/strong><\/p>\n\n\n\n<p>A inscri\u00e7\u00e3o est\u00e1 dispon\u00edvel no&nbsp;<a href=\"https:\/\/freshproduce.com.br\/inscricoes\/\">site do evento<\/a>, com op\u00e7\u00f5es para a experi\u00eancia completa na 8\u00aa The Brazil Conference &amp; Expo ou apenas visita \u00e0 feira. Associados IFPA possuem 50% de desconto e profissionais de supermercados e cadeias food service podem realizar a inscri\u00e7\u00e3o para a todas as atra\u00e7\u00f5es do evento gratuitamente. Mais informa\u00e7\u00f5es pelo e-mail:&nbsp;<a href=\"mailto:visitante@francal.com.br\">visitante@francal.com.br<\/a>&nbsp;ou pelo telefone: (11) 2226-3100.<\/p>\n\n\n\n<p><strong>Servi\u00e7o:<\/strong><\/p>\n\n\n\n<p><strong>The Brazil Conference &amp; Expo \u2013 IFPA<\/strong><\/p>\n\n\n\n<p><strong><em>8\u00aa Feira Internacional da Ind\u00fastria de Frutas, Flores, Legumes e Verduras<\/em><\/strong><\/p>\n\n\n\n<p><strong><em>8\u00aa Produce and Floral International Trade Show<\/em><\/strong><\/p>\n\n\n\n<p><strong>Data:<\/strong>&nbsp;7 e 8 de agosto de 2024<\/p>\n\n\n\n<p><strong>Hora:<\/strong>&nbsp;Confer\u00eancia das 8h \u00e0s 11h30 | Exposi\u00e7\u00e3o das 11h30 \u00e0s 19h00<\/p>\n\n\n\n<p><strong>Local:<\/strong>&nbsp;Expo Center Norte \u2013 Pavilh\u00e3o Amarelo, S\u00e3o Paulo.&nbsp;<\/p>\n\n\n\n<p><a href=\"https:\/\/freshproduce.com.br\/\">freshproduce.com.br<\/a><\/p>\n\n\n\n<p><strong>Sobre a The Brazil Conference &amp; Expo<\/strong><\/p>\n\n\n\n<p>A The Brazil Conference &amp; Expo \u00e9 o mais importante evento de neg\u00f3cios na ind\u00fastria de Frutas, Flores, Legumes e Verduras (FFLV) da Am\u00e9rica Latina e destaca inova\u00e7\u00f5es em produtos, embalagens e tecnologias, proporcionando um ambiente prop\u00edcio para networking, movimentando anualmente toda a ind\u00fastria do segmento. O evento \u00e9 realizado pela&nbsp;<a href=\"https:\/\/freshproduce.com.br\/associacao\/\">IFPA (International Fresh Produce Association)<\/a>, maior e mais diversificada associa\u00e7\u00e3o internacional que atende toda a cadeia de suprimentos de frutas, flores, legumes e verduras, e organizado pela&nbsp;<a href=\"https:\/\/francal.com.br\/\">Francal<\/a>, maior promotora de eventos de neg\u00f3cios 100% brasileira, com extensa variedade de produtos e servi\u00e7os em um local \u00fanico.<\/p>\n","protected":false},"excerpt":{"rendered":"<p>Evento vai reunir mais de 150 marcas do setor de produtos frescos com a\u00e7\u00f5es sustent\u00e1veis, socioambientais, inclus\u00e3o e solu\u00e7\u00f5es tecnol\u00f3gicas A 8\u00aa edi\u00e7\u00e3o da The Brazil Conference &amp; Expo tem como compromisso promover iniciativas sustent\u00e1veis e pr\u00e1ticas que incentivam a agenda ESG. O evento voltado para a ind\u00fastria de Frutas, Flores, Legumes e Verduras (FFLV) [&hellip;]<\/p>\n","protected":false},"author":2,"featured_media":2629,"comment_status":"open","ping_status":"open","sticky":false,"template":"","format":"standard","meta":{"footnotes":""},"categories":[23],"tags":[],"class_list":{"0":"post-2628","1":"post","2":"type-post","3":"status-publish","4":"format-standard","5":"has-post-thumbnail","7":"category-feirasdenegocios"},"_links":{"self":[{"href":"https:\/\/tveventos.tv.br\/index.php?rest_route=\/wp\/v2\/posts\/2628","targetHints":{"allow":["GET"]}}],"collection":[{"href":"https:\/\/tveventos.tv.br\/index.php?rest_route=\/wp\/v2\/posts"}],"about":[{"href":"https:\/\/tveventos.tv.br\/index.php?rest_route=\/wp\/v2\/types\/post"}],"author":[{"embeddable":true,"href":"https:\/\/tveventos.tv.br\/index.php?rest_route=\/wp\/v2\/users\/2"}],"replies":[{"embeddable":true,"href":"https:\/\/tveventos.tv.br\/index.php?rest_route=%2Fwp%2Fv2%2Fcomments&post=2628"}],"version-history":[{"count":1,"href":"https:\/\/tveventos.tv.br\/index.php?rest_route=\/wp\/v2\/posts\/2628\/revisions"}],"predecessor-version":[{"id":2630,"href":"https:\/\/tveventos.tv.br\/index.php?rest_route=\/wp\/v2\/posts\/2628\/revisions\/2630"}],"wp:featuredmedia":[{"embeddable":true,"href":"https:\/\/tveventos.tv.br\/index.php?rest_route=\/wp\/v2\/media\/2629"}],"wp:attachment":[{"href":"https:\/\/tveventos.tv.br\/index.php?rest_route=%2Fwp%2Fv2%2Fmedia&parent=2628"}],"wp:term":[{"taxonomy":"category","embeddable":true,"href":"https:\/\/tveventos.tv.br\/index.php?rest_route=%2Fwp%2Fv2%2Fcategories&post=2628"},{"taxonomy":"post_tag","embeddable":true,"href":"https:\/\/tveventos.tv.br\/index.php?rest_route=%2Fwp%2Fv2%2Ftags&post=2628"}],"curies":[{"name":"wp","href":"https:\/\/api.w.org\/{rel}","templated":true}]}}