{"id":2634,"date":"2024-07-23T12:05:51","date_gmt":"2024-07-23T15:05:51","guid":{"rendered":"https:\/\/tveventos.tv.br\/?p=2634"},"modified":"2024-07-23T12:05:55","modified_gmt":"2024-07-23T15:05:55","slug":"treinamentos-transformam-o-mercado-de-eventos-no-brasil","status":"publish","type":"post","link":"https:\/\/tveventos.tv.br\/?p=2634","title":{"rendered":"Treinamentos transformam o mercado de eventos no Brasil"},"content":{"rendered":"\n<p class=\"has-text-align-center\">Congressos, workshops e semin\u00e1rios promovidos por eventos de coaching re\u00fanem participantes interessados em autoconhecimento e aprimoramento profissional.<\/p>\n\n\n\n<p>O mercado de coaching no Brasil experimenta um crescimento exponencial em n\u00famero de profissionais e de eventos. De acordo com a International Coach Federation (ICF), maior associa\u00e7\u00e3o global de coaches, de dez anos para c\u00e1, o aumento de especialistas no Pa\u00eds chegou a 300%. No ano passado, foram realizados mais de 500 eventos em n\u00edvel nacional, incluindo congressos, workshops, semin\u00e1rios e sess\u00f5es de treinamento relacionados a coaching em diversas cidades brasileiras. E o Expo D. Pedro, um dos maiores espa\u00e7os multiuso do interior de S\u00e3o Paulo, est\u00e1 nesta rota, recebendo at\u00e9 este m\u00eas 12 eventos com este perfil. Mais 10 encontros est\u00e3o programados at\u00e9 o final do ano.<\/p>\n\n\n\n<p>\u201cA demanda por este tipo de evento no espa\u00e7o tem sido alta, e cresceu principalmente no p\u00f3s-pandemia com uma busca cada vez maior dos participantes por temas como autoconhecimento e desenvolvimento pessoal\u201d, afirma Marceli Oliveira, superintendente do Complexo Expo D. Pedro. A executiva observa que tamb\u00e9m as empresas v\u00eam investindo em coaching para aprimorar as compet\u00eancias de lideran\u00e7as e o desempenho no ambiente corporativo.<\/p>\n\n\n\n<p>O perfil dos eventos de coaching no Brasil comporta desde encontros intimistas para pequenos grupos em sess\u00f5es personalizadas, at\u00e9 grandes programa\u00e7\u00f5es. Nestas configura\u00e7\u00f5es, a superintendente do Expo D. Pedro observa aumentos significativos em \u00e1reas como coaching de vida e coaching de carreira, e ressalta que \u201cos organizadores buscam cada vez mais espa\u00e7os flex\u00edveis, que comportem pr\u00e1ticas personalizadas, como salas para mentorias, e \u00e1reas maiores para levar conforto a at\u00e9 2 mil ou mesmo at\u00e9 5 mil pessoas simultaneamente\u201d.<\/p>\n\n\n\n<p>Acontecem, no m\u00eas de julho, dois grandes eventos no espa\u00e7o ligados ao despertar da mente e intelig\u00eancia emocional, entre eles o treinamento \u201cDesperte o seu melhor: Imers\u00e3o de intelig\u00eancia emocional e neuroci\u00eancia\u201d (27 e 28\/07). \u201cEstas programa\u00e7\u00f5es re\u00fanem um p\u00fablico bastante diversificado\u201d, destaca Marceli. \u201cS\u00e3o executivos, empreendedores, profissionais liberais e at\u00e9 estudantes com interesse em desenvolver habilidades e alcan\u00e7ar metas espec\u00edficas.\u201d<\/p>\n\n\n\n<p><strong>O Complexo<\/strong><\/p>\n\n\n\n<p>Um dos maiores espa\u00e7os multiuso para eventos do interior de S\u00e3o Paulo, o Expo D. Pedro, localizado em Campinas (SP), tem estrutura planejada para eventos corporativos de m\u00e9dio e grande portes, feiras, eventos religiosos, congressos, confer\u00eancias, palestras, formaturas e shows.<\/p>\n\n\n\n<p>Os espa\u00e7os modulares no Centro de Conven\u00e7\u00f5es se adaptam a eventos de pequeno, m\u00e9dio e grande portes, chegando a uma \u00e1rea total de 5.000 m\u00b2. J\u00e1 o Centro de Exposi\u00e7\u00f5es tem 7 mil m<sup>2<\/sup>&nbsp;de \u00e1rea totalmente horizontal. Ambos os espa\u00e7os s\u00e3o integrados de forma horizontal, facilitando a log\u00edstica de organiza\u00e7\u00e3o de eventos dos mais diversos.<\/p>\n\n\n\n<p>A versatilidade do espa\u00e7o, a seguran\u00e7a, a localiza\u00e7\u00e3o no Parque Dom Pedro e a comodidade de acesso pela Rodovia D. Pedro I s\u00e3o grandes atrativos do Complexo.<\/p>\n\n\n\n<p><\/p>\n","protected":false},"excerpt":{"rendered":"<p>Congressos, workshops e semin\u00e1rios promovidos por eventos de coaching re\u00fanem participantes interessados em autoconhecimento e aprimoramento profissional. O mercado de coaching no Brasil experimenta um crescimento exponencial em n\u00famero de profissionais e de eventos. De acordo com a International Coach Federation (ICF), maior associa\u00e7\u00e3o global de coaches, de dez anos para c\u00e1, o aumento de [&hellip;]<\/p>\n","protected":false},"author":2,"featured_media":2635,"comment_status":"open","ping_status":"open","sticky":false,"template":"","format":"standard","meta":{"footnotes":""},"categories":[23],"tags":[],"class_list":{"0":"post-2634","1":"post","2":"type-post","3":"status-publish","4":"format-standard","5":"has-post-thumbnail","7":"category-feirasdenegocios"},"_links":{"self":[{"href":"https:\/\/tveventos.tv.br\/index.php?rest_route=\/wp\/v2\/posts\/2634","targetHints":{"allow":["GET"]}}],"collection":[{"href":"https:\/\/tveventos.tv.br\/index.php?rest_route=\/wp\/v2\/posts"}],"about":[{"href":"https:\/\/tveventos.tv.br\/index.php?rest_route=\/wp\/v2\/types\/post"}],"author":[{"embeddable":true,"href":"https:\/\/tveventos.tv.br\/index.php?rest_route=\/wp\/v2\/users\/2"}],"replies":[{"embeddable":true,"href":"https:\/\/tveventos.tv.br\/index.php?rest_route=%2Fwp%2Fv2%2Fcomments&post=2634"}],"version-history":[{"count":1,"href":"https:\/\/tveventos.tv.br\/index.php?rest_route=\/wp\/v2\/posts\/2634\/revisions"}],"predecessor-version":[{"id":2636,"href":"https:\/\/tveventos.tv.br\/index.php?rest_route=\/wp\/v2\/posts\/2634\/revisions\/2636"}],"wp:featuredmedia":[{"embeddable":true,"href":"https:\/\/tveventos.tv.br\/index.php?rest_route=\/wp\/v2\/media\/2635"}],"wp:attachment":[{"href":"https:\/\/tveventos.tv.br\/index.php?rest_route=%2Fwp%2Fv2%2Fmedia&parent=2634"}],"wp:term":[{"taxonomy":"category","embeddable":true,"href":"https:\/\/tveventos.tv.br\/index.php?rest_route=%2Fwp%2Fv2%2Fcategories&post=2634"},{"taxonomy":"post_tag","embeddable":true,"href":"https:\/\/tveventos.tv.br\/index.php?rest_route=%2Fwp%2Fv2%2Ftags&post=2634"}],"curies":[{"name":"wp","href":"https:\/\/api.w.org\/{rel}","templated":true}]}}