{"id":2637,"date":"2024-07-23T12:42:43","date_gmt":"2024-07-23T15:42:43","guid":{"rendered":"https:\/\/tveventos.tv.br\/?p=2637"},"modified":"2024-07-23T12:42:45","modified_gmt":"2024-07-23T15:42:45","slug":"com-aumento-de-24-nas-exportacoes-abcasa-fair-promove-rodadas-de-negocios-internacionais-para-expansao-do-mercado-brasileiro","status":"publish","type":"post","link":"https:\/\/tveventos.tv.br\/?p=2637","title":{"rendered":"Com aumento de 2,4% nas exporta\u00e7\u00f5es, ABCasa Fair promove Rodadas de Neg\u00f3cios Internacionais para expans\u00e3o do mercado brasileiro"},"content":{"rendered":"\n<p class=\"has-text-align-center\">Dados levantados pela ABCasa apontam que em junho deste ano as exporta\u00e7\u00f5es do segmento totalizaram US$ 75,7 milh\u00f5es.<\/p>\n\n\n\n<p>Marcada para acontecer entre os dias 14 e 17 de agosto de 2024, no Expo Center Norte, a ABCasa Fair, a maior feira de neg\u00f3cios B2B do setor de casa e decora\u00e7\u00e3o, promete movimentar ainda mais o segmento com uma agenda de encontros entre expositores e compradores internacionais. De acordo com os dados levantados pelo Term\u00f4metro ABCasa, o mercado de casa e decora\u00e7\u00e3o exportou aproximadamente R$ 75,5 milh\u00f5es em junho, um aumento de 2,4% em compara\u00e7\u00e3o com o m\u00eas de maio.<\/p>\n\n\n\n<p>Organizada pela Associa\u00e7\u00e3o Brasileira de Artigos para a Casa, Decora\u00e7\u00e3o, Presentes, Utilidades Dom\u00e9sticas, Festas, Flores e T\u00eaxtil (ABCasa), a 13\u00aa edi\u00e7\u00e3o do evento reunir\u00e1 mais de 400 expositores dos segmentos de decora\u00e7\u00e3o, utilidades dom\u00e9sticas, t\u00eaxtil, flores permanentes, papelaria e presentes criativos e festas.<\/p>\n\n\n\n<p>A ABCasa Fair espera receber mais de 50 mil visitantes, entre compradores, profissionais do setor e lojistas de todo o Brasil e do exterior, al\u00e9m de delega\u00e7\u00f5es internacionais, autoridades e entidades p\u00fablicas e privadas, que ter\u00e3o a oportunidade de se conectar com os expositores no International Business Center (IBC) &#8211; um espa\u00e7o criado pela \u00e1rea internacional da ABCasa.<\/p>\n\n\n\n<p>Exclusivo para associados da ABCasa, as Rodadas Internacionais s\u00e3o organizadas com o objetivo de ampliar as oportunidades de neg\u00f3cios para as empresas associadas \u00e0 entidade. Nesta edi\u00e7\u00e3o, novamente, a iniciativa ser\u00e1 promovida em parceria com a Enterprise Europe Network \u2013 plataforma europeia que presta apoio \u00e0s Pequenas e M\u00e9dias Empresas com ambi\u00e7\u00f5es internacionais &#8211; entre os dias 15 e 16 de agosto de 2024.<\/p>\n\n\n\n<p>Eduardo Cincinato, presidente da ABCasa, comenta sobre o trabalho realizado pela Associa\u00e7\u00e3o em prol da globaliza\u00e7\u00e3o do mercado nacional de artigos para casa e decora\u00e7\u00e3o:<\/p>\n\n\n\n<p>\u201cApesar da balan\u00e7a comercial negativa, vemos as exporta\u00e7\u00f5es crescendo ao longo deste primeiro semestre, e isso \u00e9 o resultado da matura\u00e7\u00e3o dos fabricantes nacionais em querer expandir seus neg\u00f3cios. Feiras como a ABCasa Fair t\u00eam um papel importante nessa conex\u00e3o entre compradores internacionais e nossos fabricantes.\u201d<\/p>\n\n\n\n<p>Em junho de 2024, as exporta\u00e7\u00f5es totalizaram US$ 75,7 milh\u00f5es, um aumento de 2,4% em compara\u00e7\u00e3o com o m\u00eas anterior. No per\u00edodo de janeiro a junho de 2024, as exporta\u00e7\u00f5es registraram um aumento de 0,1% em rela\u00e7\u00e3o ao mesmo per\u00edodo do ano passado. Por outro lado, as importa\u00e7\u00f5es totalizaram US$ 143,8 milh\u00f5es, registrando um aumento de 19% em junho em compara\u00e7\u00e3o com o m\u00eas anterior.&nbsp;<\/p>\n\n\n\n<p>A \u00e1rea do International Business Center (IBC) tamb\u00e9m colabora para o networking e conex\u00f5es, prestando apoio e assessoria \u00e0s empresas associadas que visam o mercado internacional atrav\u00e9s de neg\u00f3cios rent\u00e1veis no com\u00e9rcio exterior.<\/p>\n\n\n\n<p>De acordo com Gislaine Carrijo, Gerente de Neg\u00f3cios Internacionais e Rela\u00e7\u00f5es Institucionais e Governamentais da ABCasa, o IBC \u00e9 uma extens\u00e3o do trabalho realizado pela \u00e1rea internacional da ABCasa ao longo do ano:<\/p>\n\n\n\n<p>\u201cNossa entidade busca manter um relacionamento cont\u00ednuo entre os compradores e delega\u00e7\u00f5es internacionais e nossos associados. As rodadas de neg\u00f3cios promovidas dentro da ABCasa Fair s\u00e3o o resultado desse trabalho. Para al\u00e9m das feiras, estamos constantemente levando a qualidade e o design brasileiros para fora do pa\u00eds, al\u00e9m de auxiliar na internacionaliza\u00e7\u00e3o das marcas nacionais,\u201d afirma Carrijo.<\/p>\n\n\n\n<p><strong>Servi\u00e7o:<\/strong><\/p>\n\n\n\n<p>Expo Center Norte<br>Jos\u00e9 Bernardo Pinto, 333 \u2013 Vila Guilherme, 02055-000 \u2013 S\u00e3o Paulo \u2013 SP<br>14 a 17 de agosto de 2024&nbsp;<\/p>\n\n\n\n<p>Hor\u00e1rios:<br>Primeiros 3 dias: 10h \u00e0s 20h | \u00faltimo dia: 10h \u00e0s 17h<br><br>A abertura dos port\u00f5es acontece 1 hora antes do in\u00edcio do evento, \u00e0s 9h.<br>Link para credenciamento:&nbsp;<a href=\"https:\/\/abcasafair.com.br\/\">https:\/\/abcasafair.com.br\/<\/a><br><br>Para mais informa\u00e7\u00f5es do ABCasa Internacional, basta acessar:&nbsp;https:\/\/abcasa.org.br\/internacional2\/<\/p>\n","protected":false},"excerpt":{"rendered":"<p>Dados levantados pela ABCasa apontam que em junho deste ano as exporta\u00e7\u00f5es do segmento totalizaram US$ 75,7 milh\u00f5es. Marcada para acontecer entre os dias 14 e 17 de agosto de 2024, no Expo Center Norte, a ABCasa Fair, a maior feira de neg\u00f3cios B2B do setor de casa e decora\u00e7\u00e3o, promete movimentar ainda mais o [&hellip;]<\/p>\n","protected":false},"author":2,"featured_media":2638,"comment_status":"open","ping_status":"open","sticky":false,"template":"","format":"standard","meta":{"footnotes":""},"categories":[23],"tags":[],"class_list":{"0":"post-2637","1":"post","2":"type-post","3":"status-publish","4":"format-standard","5":"has-post-thumbnail","7":"category-feirasdenegocios"},"_links":{"self":[{"href":"https:\/\/tveventos.tv.br\/index.php?rest_route=\/wp\/v2\/posts\/2637","targetHints":{"allow":["GET"]}}],"collection":[{"href":"https:\/\/tveventos.tv.br\/index.php?rest_route=\/wp\/v2\/posts"}],"about":[{"href":"https:\/\/tveventos.tv.br\/index.php?rest_route=\/wp\/v2\/types\/post"}],"author":[{"embeddable":true,"href":"https:\/\/tveventos.tv.br\/index.php?rest_route=\/wp\/v2\/users\/2"}],"replies":[{"embeddable":true,"href":"https:\/\/tveventos.tv.br\/index.php?rest_route=%2Fwp%2Fv2%2Fcomments&post=2637"}],"version-history":[{"count":1,"href":"https:\/\/tveventos.tv.br\/index.php?rest_route=\/wp\/v2\/posts\/2637\/revisions"}],"predecessor-version":[{"id":2639,"href":"https:\/\/tveventos.tv.br\/index.php?rest_route=\/wp\/v2\/posts\/2637\/revisions\/2639"}],"wp:featuredmedia":[{"embeddable":true,"href":"https:\/\/tveventos.tv.br\/index.php?rest_route=\/wp\/v2\/media\/2638"}],"wp:attachment":[{"href":"https:\/\/tveventos.tv.br\/index.php?rest_route=%2Fwp%2Fv2%2Fmedia&parent=2637"}],"wp:term":[{"taxonomy":"category","embeddable":true,"href":"https:\/\/tveventos.tv.br\/index.php?rest_route=%2Fwp%2Fv2%2Fcategories&post=2637"},{"taxonomy":"post_tag","embeddable":true,"href":"https:\/\/tveventos.tv.br\/index.php?rest_route=%2Fwp%2Fv2%2Ftags&post=2637"}],"curies":[{"name":"wp","href":"https:\/\/api.w.org\/{rel}","templated":true}]}}