{"id":2640,"date":"2024-07-23T13:03:36","date_gmt":"2024-07-23T16:03:36","guid":{"rendered":"https:\/\/tveventos.tv.br\/?p=2640"},"modified":"2024-07-23T13:03:38","modified_gmt":"2024-07-23T16:03:38","slug":"fenasucro-agrocana-lanca-edicao-de-30-anos-com-foco-nas-megatendencias-da-bioenergia","status":"publish","type":"post","link":"https:\/\/tveventos.tv.br\/?p=2640","title":{"rendered":"Fenasucro &amp; Agrocana lan\u00e7a edi\u00e7\u00e3o de 30 anos com foco nas megatend\u00eancias da bioenergia"},"content":{"rendered":"\n<p class=\"has-text-align-center\"><em>Feira acontece de 13 a 16 de agosto com expectativa de superar os R$ 8,3 bilh\u00f5es em neg\u00f3cios alcan\u00e7ados na \u00faltima edi\u00e7\u00e3o. Lan\u00e7amento foi realizado nesta quarta-feira (22), durante Semin\u00e1rio da Ind\u00fastria, em Sert\u00e3ozinho\/SP<\/em>.<\/p>\n\n\n\n<p>O Brasil desempenha um papel primordial na transi\u00e7\u00e3o energ\u00e9tica global, na sustentabilidade e na mobilidade de baixo carbono. Destaca-se como um dos maiores produtores de biocombust\u00edveis, como etanol, biodiesel e biometano, provenientes de diferentes mat\u00e9rias-primas, como cana-de-a\u00e7\u00facar, milho, celulose, soja, palma e outros tipos de res\u00edduos. Al\u00e9m disso, tem um grande potencial para a produ\u00e7\u00e3o de hidrog\u00eanio verde, que promete ser o combust\u00edvel do futuro.<\/p>\n\n\n\n<p>Todos esses temas, tecnologias e inova\u00e7\u00f5es, al\u00e9m das megatend\u00eancias do setor bioenerg\u00e9tico como as biorrefinarias, SAF (Combust\u00edvel Sustent\u00e1vel de Avia\u00e7\u00e3o e combust\u00edvel do futuro estar\u00e3o presentes na 30\u00aa edi\u00e7\u00e3o da Fenasucro &amp; Agrocana (Feira Mundial da Bioenergia), que foi lan\u00e7ada oficialmente nesta quarta-feira (22), durante o Semin\u00e1rio da Ind\u00fastria, em Sert\u00e3ozinho\/SP.<\/p>\n\n\n\n<p>Com apoio oficial do CEISE Br e organiza\u00e7\u00e3o e promo\u00e7\u00e3o da RX Brasil, a feira \u2013 que ser\u00e1 realizada de 13 a 16 de agosto &#8211; celebra 30 anos de vanguarda na apresenta\u00e7\u00e3o das \u00faltimas tend\u00eancias que solidificam e impulsionam o Brasil como l\u00edder global na produ\u00e7\u00e3o de energia limpa, renov\u00e1vel e sustent\u00e1vel.<\/p>\n\n\n\n<p>\u201cIsso faz parte do DNA da Fenasucro &amp; Agrocana. Temos pela frente uma grande transforma\u00e7\u00e3o em nosso setor, passando de sucroenerg\u00e9tico para bioenerg\u00e9tico, e isso ser\u00e1 apresentado e discutido nos quatro dias de evento. Ser\u00e1 uma edi\u00e7\u00e3o hist\u00f3rica, em que reuniremos todos os elos da cadeia em um s\u00f3 lugar, com acesso \u00e0 inova\u00e7\u00e3o e tecnologia para a ind\u00fastria de base\u201d, diz o diretor da feira, Paulo Montabone. \u201cSomos entusiastas da inova\u00e7\u00e3o e trabalhamos em conjunto com as principais entidades e empresas do setor para nos ajudar nesse desafio\u201d, completa.<\/p>\n\n\n\n<p>A presidente do CEISE Br, Rosana Amadeu, refor\u00e7a que neste cen\u00e1rio de urg\u00eancia clim\u00e1tica, \u00e9 imperativo unir for\u00e7as e promover solu\u00e7\u00f5es renov\u00e1veis, e que a Fenasucro &amp; Agrocana desempenha um papel fundamental, impulsionando o avan\u00e7o tecnol\u00f3gico e fomentando parcerias estrat\u00e9gicas, seja por meio das inova\u00e7\u00f5es em m\u00e1quinas, equipamentos, produtos e\/ou servi\u00e7os em exposi\u00e7\u00e3o, seja pelo amplo debate t\u00e9cnico, institucional e pol\u00edtico que prop\u00f5e e provoca com uma grade rica de conte\u00fados.<\/p>\n\n\n\n<p>&#8220;A 30\u00aa edi\u00e7\u00e3o da feira representa n\u00e3o apenas um marco na hist\u00f3ria do setor sucroenerg\u00e9tico e de biocombust\u00edveis, mas tamb\u00e9m um testemunho do compromisso cont\u00ednuo com a inova\u00e7\u00e3o e a sustentabilidade. Em um momento em que uma das principais pautas do planeta \u00e9 a transi\u00e7\u00e3o energ\u00e9tica, a Fenasucro &amp; Agrocana se desponta como um farol de oportunidades, nos guiando em dire\u00e7\u00e3o a um futuro mais verde e pr\u00f3spero\u201d, declara Rosana.<\/p>\n\n\n\n<p><strong>N\u00fameros da edi\u00e7\u00e3o hist\u00f3rica<\/strong><\/p>\n\n\n\n<p>Diante de um contexto otimista, apresentando a for\u00e7a e representatividade do setor bioenerg\u00e9tico na transi\u00e7\u00e3o energ\u00e9tica global, a 30\u00aa edi\u00e7\u00e3o da Fenasucro &amp; Agrocana espera superar os R$ 8,3 bilh\u00f5es em neg\u00f3cios gerados no ano passado e seguir como epicentro para a apresenta\u00e7\u00e3o de novas tecnologias e tend\u00eancias.<\/p>\n\n\n\n<p>Em seus quatro dias, o evento reunir\u00e1 um p\u00fablico qualificado de empres\u00e1rios e profissionais dos ramos de alimentos e bebidas; papel e celulose; biodiesel; usinas de bioenergia; geradores de bioenergia; usinas de etanol\/a\u00e7\u00facar; usinas de etanol de milho, al\u00e9m de visitantes de 53 pa\u00edses, que poder\u00e3o conferir os mais de tr\u00eas mil produtos de marcas nacionais e internacionais em exposi\u00e7\u00e3o, que estar\u00e3o espalhados por cinco macrossetores: bioenergia, agr\u00edcola, transporte e log\u00edstica, ind\u00fastria e energia.<\/p>\n\n\n\n<p>A edi\u00e7\u00e3o comemorativa dos 30 anos da Fenasucro &amp; Agrocana j\u00e1 est\u00e1 com a planta interna 100% comercializada desde fevereiro 2024, e destaca a abertura de 20 novas \u00e1reas externas para atender a demanda.<\/p>\n\n\n\n<p>Ainda contar\u00e1 com mais de 100 horas de eventos de conte\u00fado, com a presen\u00e7a de grandes e renomadas empresas do setor como STAB, DATAGRO, \u00daNICA, entre outros, al\u00e9m das tradicionais rodadas de neg\u00f3cios internacionais, atraindo compradores com interesse em produtos de todos os elos da cadeia produtiva<\/p>\n\n\n\n<p><strong>Semin\u00e1rio da Ind\u00fastria<\/strong><\/p>\n\n\n\n<p>O lan\u00e7amento 30\u00aa Fenasucro &amp; Agrocana aconteceu durante o semin\u00e1rio \u201cBiocombust\u00edveis e Cogera\u00e7\u00e3o: mercados, oportunidades e desafios&#8221;, em celebra\u00e7\u00e3o ao Dia da Ind\u00fastria.<\/p>\n\n\n\n<p>O evento foi realizado no Plen\u00e1rio da C\u00e2mara Municipal de Sert\u00e3ozinho\/SP e reuniu ind\u00fastrias e prestadores de servi\u00e7o, dedicados ao fornecimento de equipamentos, produtos e servi\u00e7os para o setor. Na ocasi\u00e3o, representantes das principais entidades relacionadas \u2013 UNEM, Investe SP, Cogen, UNICA e Abiog\u00e1s &#8211; participaram de um painel que abordou o tema \u201cMercados em Expans\u00e3o: oportunidades e desafios\u201d.<\/p>\n\n\n\n<p>Na sequ\u00eancia, o empres\u00e1rio Maur\u00edlio Biagi Filho foi homenageado em reconhecimento \u00e0 sua lideran\u00e7a e contribui\u00e7\u00e3o significativa para o setor sucroenerg\u00e9tico.<\/p>\n\n\n\n<p><a><\/a><strong>Credenciamento<\/strong><\/p>\n\n\n\n<p>O credenciamento on-line para a edi\u00e7\u00e3o de 30 anos da Fenasucro &amp; Agrocana j\u00e1 est\u00e1 aberto, \u00e9 v\u00e1lido para&nbsp;<a href=\"https:\/\/na.eventscloud.com\/778756?categoryid=5132119\">visitantes<\/a>,&nbsp;<a href=\"https:\/\/na.eventscloud.com\/778756?categoryid=5132116\">imprensa<\/a>&nbsp;e&nbsp;<a href=\"https:\/\/na.eventscloud.com\/778756?categoryid=5132115\">assessorias<\/a>&nbsp;e pode ser feito por meio do site&nbsp;<a href=\"https:\/\/www.fenasucro.com.br\/\">www.fenasucro.com.br<\/a>.<\/p>\n\n\n\n<p><strong>Sobre a Fenasucro &amp; Agrocana<\/strong><\/p>\n\n\n\n<p>A&nbsp;<a href=\"https:\/\/www.fenasucro.com.br\/pt-br.html\">Fenasucro &amp; Agrocana<\/a>&nbsp;(Feira Mundial da Bioenergia) realizar\u00e1 sua 30\u00aa edi\u00e7\u00e3o entre os dias 13 e 16 de agosto, no Centro de Eventos Zanini, em Sert\u00e3ozinho (SP). O evento, que tem apoio oficial exclusivo do CEISE Br e organiza\u00e7\u00e3o e promo\u00e7\u00e3o da RX Brasil, \u00e9 o \u00fanico evento do mundo exclusivamente voltado \u00e0 toda cadeia de produ\u00e7\u00e3o bioenerg\u00e9tica. Re\u00fane, anualmente, milhares de profissionais de usinas, ind\u00fastrias de alimentos e bebidas, papel e celulose, transporte e log\u00edstica e distribuidoras e comercializadoras de energia do Brasil e de mais 53 pa\u00edses do mundo.<\/p>\n\n\n\n<p><strong>RX<\/strong><\/p>\n\n\n\n<p>A<a href=\"https:\/\/rxglobal.com\/rx-brazil\">&nbsp;<\/a><a href=\"https:\/\/rxglobal.com\/rx-brazil\">RX<\/a>&nbsp;oferece oportunidades de conex\u00e3o e constru\u00e7\u00e3o de neg\u00f3cios para indiv\u00edduos, comunidades e organiza\u00e7\u00f5es. Usamos o poder dos eventos presenciais, combinando dados e produtos digitais para conectar pessoas, oferecendo experi\u00eancias e oportunidades de neg\u00f3cios por meio de mais de 400 eventos realizados em 22 pa\u00edses e 42 diferentes setores da economia. \u00c9 uma empresa dedicada em causar impactos positivos na sociedade e est\u00e1 comprometida em criar um ambiente de trabalho inclusivo para todos.<\/p>\n\n\n\n<p>A<a href=\"https:\/\/rxglobal.com\/rx-brazil\">&nbsp;<\/a><a href=\"https:\/\/rxglobal.com\/rx-brazil\">RX<\/a>&nbsp;faz parte da<a href=\"https:\/\/www.relx.com\/\">&nbsp;<\/a><a href=\"https:\/\/www.relx.com\/\">RELX<\/a>, um provedor global de an\u00e1lises baseadas em informa\u00e7\u00f5es e ferramentas de decis\u00e3o para profissionais e clientes corporativos.<a href=\"https:\/\/rxglobal.com\/rx-brazil\">&nbsp;<\/a><a href=\"https:\/\/rxglobal.com\/rx-brazil\">RX<\/a>&nbsp;\u2013 In the business of building businesses.&nbsp;&nbsp;<\/p>\n\n\n\n<p><strong>RELX<\/strong><\/p>\n\n\n\n<p>A<a href=\"https:\/\/www.relx.com\/\">&nbsp;<\/a><a href=\"https:\/\/www.relx.com\/\">RELX<\/a>&nbsp;\u00e9 uma fornecedora global de ferramentas de an\u00e1lise e decis\u00e3o baseadas em informa\u00e7\u00f5es para clientes profissionais e empresariais. A<a href=\"https:\/\/www.relx.com\/\">&nbsp;<\/a><a href=\"https:\/\/www.relx.com\/\">RELX<\/a>&nbsp;atende clientes em mais de 180 pa\u00edses e possui escrit\u00f3rios em cerca de 40 pa\u00edses. Emprega mais de 35.000 pessoas, mais de 40% das quais est\u00e3o na Am\u00e9rica do Norte. As a\u00e7\u00f5es da RELX PLC, controladora, s\u00e3o negociadas nas Bolsas de Valores de Londres, Amsterd\u00e3 e Nova York usando os seguintes s\u00edmbolos de ticker: Londres: REL; Amsterd\u00e3: REN; Nova Iorque: RELX.<\/p>\n\n\n\n<p>*Nota: A capitaliza\u00e7\u00e3o de mercado atual pode ser encontrada em<a href=\"http:\/\/www.relx.com\/investors\">&nbsp;<\/a><a href=\"http:\/\/www.relx.com\/investors\">http:\/\/www.relx.com\/investors<\/a>&nbsp;<\/p>\n\n\n\n<p><strong>Sobre o CEISE Br<\/strong><\/p>\n\n\n\n<p>O CEISE Br (Centro Nacional das Ind\u00fastrias do Setor Sucroenerg\u00e9tico e Biocombust\u00edveis) \u00e9 uma organiza\u00e7\u00e3o de destaque no cen\u00e1rio pol\u00edtico-institucional brasileiro, dedicada a representar e promover os interesses das ind\u00fastrias atuantes na cadeia bioenerg\u00e9tica.<\/p>\n\n\n\n<p>Com mais de quatro d\u00e9cadas de hist\u00f3ria e com sede em Sert\u00e3ozinho\/SP, o principal polo de desenvolvimento de tecnologias industriais para o setor, o CEISE Br consolidou-se como uma voz influente, capaz de conduzir e articular pol\u00edticas que impactam diretamente a produ\u00e7\u00e3o, regula\u00e7\u00e3o e competitividade das ind\u00fastrias sucroenerg\u00e9ticas e de biocombust\u00edveis no Brasil.<\/p>\n","protected":false},"excerpt":{"rendered":"<p>Feira acontece de 13 a 16 de agosto com expectativa de superar os R$ 8,3 bilh\u00f5es em neg\u00f3cios alcan\u00e7ados na \u00faltima edi\u00e7\u00e3o. Lan\u00e7amento foi realizado nesta quarta-feira (22), durante Semin\u00e1rio da Ind\u00fastria, em Sert\u00e3ozinho\/SP. O Brasil desempenha um papel primordial na transi\u00e7\u00e3o energ\u00e9tica global, na sustentabilidade e na mobilidade de baixo carbono. Destaca-se como um [&hellip;]<\/p>\n","protected":false},"author":2,"featured_media":2641,"comment_status":"open","ping_status":"open","sticky":false,"template":"","format":"standard","meta":{"footnotes":""},"categories":[23],"tags":[],"class_list":{"0":"post-2640","1":"post","2":"type-post","3":"status-publish","4":"format-standard","5":"has-post-thumbnail","7":"category-feirasdenegocios"},"_links":{"self":[{"href":"https:\/\/tveventos.tv.br\/index.php?rest_route=\/wp\/v2\/posts\/2640","targetHints":{"allow":["GET"]}}],"collection":[{"href":"https:\/\/tveventos.tv.br\/index.php?rest_route=\/wp\/v2\/posts"}],"about":[{"href":"https:\/\/tveventos.tv.br\/index.php?rest_route=\/wp\/v2\/types\/post"}],"author":[{"embeddable":true,"href":"https:\/\/tveventos.tv.br\/index.php?rest_route=\/wp\/v2\/users\/2"}],"replies":[{"embeddable":true,"href":"https:\/\/tveventos.tv.br\/index.php?rest_route=%2Fwp%2Fv2%2Fcomments&post=2640"}],"version-history":[{"count":1,"href":"https:\/\/tveventos.tv.br\/index.php?rest_route=\/wp\/v2\/posts\/2640\/revisions"}],"predecessor-version":[{"id":2642,"href":"https:\/\/tveventos.tv.br\/index.php?rest_route=\/wp\/v2\/posts\/2640\/revisions\/2642"}],"wp:featuredmedia":[{"embeddable":true,"href":"https:\/\/tveventos.tv.br\/index.php?rest_route=\/wp\/v2\/media\/2641"}],"wp:attachment":[{"href":"https:\/\/tveventos.tv.br\/index.php?rest_route=%2Fwp%2Fv2%2Fmedia&parent=2640"}],"wp:term":[{"taxonomy":"category","embeddable":true,"href":"https:\/\/tveventos.tv.br\/index.php?rest_route=%2Fwp%2Fv2%2Fcategories&post=2640"},{"taxonomy":"post_tag","embeddable":true,"href":"https:\/\/tveventos.tv.br\/index.php?rest_route=%2Fwp%2Fv2%2Ftags&post=2640"}],"curies":[{"name":"wp","href":"https:\/\/api.w.org\/{rel}","templated":true}]}}