{"id":2643,"date":"2024-07-23T13:54:41","date_gmt":"2024-07-23T16:54:41","guid":{"rendered":"https:\/\/tveventos.tv.br\/?p=2643"},"modified":"2024-07-23T13:54:43","modified_gmt":"2024-07-23T16:54:43","slug":"congresso-brasileiro-do-agronegocio","status":"publish","type":"post","link":"https:\/\/tveventos.tv.br\/?p=2643","title":{"rendered":"Congresso Brasileiro do Agroneg\u00f3cio"},"content":{"rendered":"\n<p>Realizado anualmente desde 2002, o Congresso Brasileiro do Agroneg\u00f3cio (CBA), organizado pela Associa\u00e7\u00e3o Brasileira do Agroneg\u00f3cio (ABAG), em parceria com a B3, j\u00e1 faz parte da agenda dos principais formadores de opini\u00e3o e dos executivos que atuam no agroneg\u00f3cio brasileiro.<\/p>\n\n\n\n<p>Junte-se a n\u00f3s no dia 05 de agosto das 09h \u00e0s 18h, no Sheraton WTC S\u00e3o Paulo Hotel.<\/p>\n\n\n\n<p>Endere\u00e7o: Av. Na\u00e7\u00f5es Unidas 12559, S\u00e3o Paulo, SP, 04578-903&nbsp;<\/p>\n","protected":false},"excerpt":{"rendered":"<p>Realizado anualmente desde 2002, o Congresso Brasileiro do Agroneg\u00f3cio (CBA), organizado pela Associa\u00e7\u00e3o Brasileira do Agroneg\u00f3cio (ABAG), em parceria com a B3, j\u00e1 faz parte da agenda dos principais formadores de opini\u00e3o e dos executivos que atuam no agroneg\u00f3cio brasileiro. Junte-se a n\u00f3s no dia 05 de agosto das 09h \u00e0s 18h, no Sheraton WTC [&hellip;]<\/p>\n","protected":false},"author":3,"featured_media":2644,"comment_status":"open","ping_status":"open","sticky":false,"template":"","format":"standard","meta":{"footnotes":""},"categories":[25],"tags":[],"class_list":{"0":"post-2643","1":"post","2":"type-post","3":"status-publish","4":"format-standard","5":"has-post-thumbnail","7":"category-calendariodeeventos"},"_links":{"self":[{"href":"https:\/\/tveventos.tv.br\/index.php?rest_route=\/wp\/v2\/posts\/2643","targetHints":{"allow":["GET"]}}],"collection":[{"href":"https:\/\/tveventos.tv.br\/index.php?rest_route=\/wp\/v2\/posts"}],"about":[{"href":"https:\/\/tveventos.tv.br\/index.php?rest_route=\/wp\/v2\/types\/post"}],"author":[{"embeddable":true,"href":"https:\/\/tveventos.tv.br\/index.php?rest_route=\/wp\/v2\/users\/3"}],"replies":[{"embeddable":true,"href":"https:\/\/tveventos.tv.br\/index.php?rest_route=%2Fwp%2Fv2%2Fcomments&post=2643"}],"version-history":[{"count":1,"href":"https:\/\/tveventos.tv.br\/index.php?rest_route=\/wp\/v2\/posts\/2643\/revisions"}],"predecessor-version":[{"id":2645,"href":"https:\/\/tveventos.tv.br\/index.php?rest_route=\/wp\/v2\/posts\/2643\/revisions\/2645"}],"wp:featuredmedia":[{"embeddable":true,"href":"https:\/\/tveventos.tv.br\/index.php?rest_route=\/wp\/v2\/media\/2644"}],"wp:attachment":[{"href":"https:\/\/tveventos.tv.br\/index.php?rest_route=%2Fwp%2Fv2%2Fmedia&parent=2643"}],"wp:term":[{"taxonomy":"category","embeddable":true,"href":"https:\/\/tveventos.tv.br\/index.php?rest_route=%2Fwp%2Fv2%2Fcategories&post=2643"},{"taxonomy":"post_tag","embeddable":true,"href":"https:\/\/tveventos.tv.br\/index.php?rest_route=%2Fwp%2Fv2%2Ftags&post=2643"}],"curies":[{"name":"wp","href":"https:\/\/api.w.org\/{rel}","templated":true}]}}