{"id":2646,"date":"2024-07-23T14:13:51","date_gmt":"2024-07-23T17:13:51","guid":{"rendered":"https:\/\/tveventos.tv.br\/?p=2646"},"modified":"2024-07-23T14:32:09","modified_gmt":"2024-07-23T17:32:09","slug":"netcom","status":"publish","type":"post","link":"https:\/\/tveventos.tv.br\/?p=2646","title":{"rendered":"NETCOM"},"content":{"rendered":"\n<p>O Netcom deve estar na agenda de todo profissional de infraestrutura de redes, cabeamento e telecom, trazendo uma s\u00e9rie de atra\u00e7\u00f5es e novidades exclusivas para toda a cadeia produtiva do setor \u2013 que vai desde a ind\u00fastria a distribuidores, instaladores, operadoras, data centers, provedores de Internet e usu\u00e1rios corporativos de TI.<\/p>\n\n\n\n<p>Junte-se a n\u00f3s nos dias 05 a 07 de agosto das 13h \u00e0s 18h30, no Expo Center Norte.<\/p>\n\n\n\n<p>Endere\u00e7o: Rua Jos\u00e9 Bernardo Pinto 333, S\u00e3o Paulo, SP, 02055-000<\/p>\n","protected":false},"excerpt":{"rendered":"<p>O Netcom deve estar na agenda de todo profissional de infraestrutura de redes, cabeamento e telecom, trazendo uma s\u00e9rie de atra\u00e7\u00f5es e novidades exclusivas para toda a cadeia produtiva do setor \u2013 que vai desde a ind\u00fastria a distribuidores, instaladores, operadoras, data centers, provedores de Internet e usu\u00e1rios corporativos de TI. Junte-se a n\u00f3s nos [&hellip;]<\/p>\n","protected":false},"author":3,"featured_media":2647,"comment_status":"open","ping_status":"open","sticky":false,"template":"","format":"standard","meta":{"footnotes":""},"categories":[25],"tags":[],"class_list":{"0":"post-2646","1":"post","2":"type-post","3":"status-publish","4":"format-standard","5":"has-post-thumbnail","7":"category-calendariodeeventos"},"_links":{"self":[{"href":"https:\/\/tveventos.tv.br\/index.php?rest_route=\/wp\/v2\/posts\/2646","targetHints":{"allow":["GET"]}}],"collection":[{"href":"https:\/\/tveventos.tv.br\/index.php?rest_route=\/wp\/v2\/posts"}],"about":[{"href":"https:\/\/tveventos.tv.br\/index.php?rest_route=\/wp\/v2\/types\/post"}],"author":[{"embeddable":true,"href":"https:\/\/tveventos.tv.br\/index.php?rest_route=\/wp\/v2\/users\/3"}],"replies":[{"embeddable":true,"href":"https:\/\/tveventos.tv.br\/index.php?rest_route=%2Fwp%2Fv2%2Fcomments&post=2646"}],"version-history":[{"count":2,"href":"https:\/\/tveventos.tv.br\/index.php?rest_route=\/wp\/v2\/posts\/2646\/revisions"}],"predecessor-version":[{"id":2654,"href":"https:\/\/tveventos.tv.br\/index.php?rest_route=\/wp\/v2\/posts\/2646\/revisions\/2654"}],"wp:featuredmedia":[{"embeddable":true,"href":"https:\/\/tveventos.tv.br\/index.php?rest_route=\/wp\/v2\/media\/2647"}],"wp:attachment":[{"href":"https:\/\/tveventos.tv.br\/index.php?rest_route=%2Fwp%2Fv2%2Fmedia&parent=2646"}],"wp:term":[{"taxonomy":"category","embeddable":true,"href":"https:\/\/tveventos.tv.br\/index.php?rest_route=%2Fwp%2Fv2%2Fcategories&post=2646"},{"taxonomy":"post_tag","embeddable":true,"href":"https:\/\/tveventos.tv.br\/index.php?rest_route=%2Fwp%2Fv2%2Ftags&post=2646"}],"curies":[{"name":"wp","href":"https:\/\/api.w.org\/{rel}","templated":true}]}}