{"id":2649,"date":"2024-07-23T14:22:10","date_gmt":"2024-07-23T17:22:10","guid":{"rendered":"https:\/\/tveventos.tv.br\/?p=2649"},"modified":"2024-07-23T14:26:10","modified_gmt":"2024-07-23T17:26:10","slug":"congresso-aco-brasil","status":"publish","type":"post","link":"https:\/\/tveventos.tv.br\/?p=2649","title":{"rendered":"Congresso A\u00e7o Brasil"},"content":{"rendered":"\n<p>Neste ano, o tradicional encontro que re\u00fane stakeholders da ind\u00fastria do a\u00e7o, especialistas e lideran\u00e7as dos cen\u00e1rios econ\u00f4mico e empresarial, traz de volta a ExpoA\u00e7o, um dos maiores eventos de produtos, servi\u00e7os e parceiros do setor.<\/p>\n\n\n\n<p>Junte-se a n\u00f3s nos dias 05 a 07 de agosto das 10h \u00e0s 19h, no Transam\u00e9rica Expo Center.\u00a0<\/p>\n\n\n\n<p><\/p>\n\n\n\n<p>Endere\u00e7o: Av. Dr. M\u00e1rio Vilas Boas Rodrigues 387, S\u00e3o Paulo, SP, 04757-020<\/p>\n","protected":false},"excerpt":{"rendered":"<p>Neste ano, o tradicional encontro que re\u00fane stakeholders da ind\u00fastria do a\u00e7o, especialistas e lideran\u00e7as dos cen\u00e1rios econ\u00f4mico e empresarial, traz de volta a ExpoA\u00e7o, um dos maiores eventos de produtos, servi\u00e7os e parceiros do setor. Junte-se a n\u00f3s nos dias 05 a 07 de agosto das 10h \u00e0s 19h, no Transam\u00e9rica Expo Center.\u00a0 Endere\u00e7o: [&hellip;]<\/p>\n","protected":false},"author":3,"featured_media":2650,"comment_status":"open","ping_status":"open","sticky":false,"template":"","format":"standard","meta":{"footnotes":""},"categories":[25],"tags":[],"class_list":{"0":"post-2649","1":"post","2":"type-post","3":"status-publish","4":"format-standard","5":"has-post-thumbnail","7":"category-calendariodeeventos"},"_links":{"self":[{"href":"https:\/\/tveventos.tv.br\/index.php?rest_route=\/wp\/v2\/posts\/2649","targetHints":{"allow":["GET"]}}],"collection":[{"href":"https:\/\/tveventos.tv.br\/index.php?rest_route=\/wp\/v2\/posts"}],"about":[{"href":"https:\/\/tveventos.tv.br\/index.php?rest_route=\/wp\/v2\/types\/post"}],"author":[{"embeddable":true,"href":"https:\/\/tveventos.tv.br\/index.php?rest_route=\/wp\/v2\/users\/3"}],"replies":[{"embeddable":true,"href":"https:\/\/tveventos.tv.br\/index.php?rest_route=%2Fwp%2Fv2%2Fcomments&post=2649"}],"version-history":[{"count":2,"href":"https:\/\/tveventos.tv.br\/index.php?rest_route=\/wp\/v2\/posts\/2649\/revisions"}],"predecessor-version":[{"id":2653,"href":"https:\/\/tveventos.tv.br\/index.php?rest_route=\/wp\/v2\/posts\/2649\/revisions\/2653"}],"wp:featuredmedia":[{"embeddable":true,"href":"https:\/\/tveventos.tv.br\/index.php?rest_route=\/wp\/v2\/media\/2650"}],"wp:attachment":[{"href":"https:\/\/tveventos.tv.br\/index.php?rest_route=%2Fwp%2Fv2%2Fmedia&parent=2649"}],"wp:term":[{"taxonomy":"category","embeddable":true,"href":"https:\/\/tveventos.tv.br\/index.php?rest_route=%2Fwp%2Fv2%2Fcategories&post=2649"},{"taxonomy":"post_tag","embeddable":true,"href":"https:\/\/tveventos.tv.br\/index.php?rest_route=%2Fwp%2Fv2%2Ftags&post=2649"}],"curies":[{"name":"wp","href":"https:\/\/api.w.org\/{rel}","templated":true}]}}