{"id":2652,"date":"2024-07-23T14:30:49","date_gmt":"2024-07-23T17:30:49","guid":{"rendered":"https:\/\/tveventos.tv.br\/?p=2652"},"modified":"2024-07-23T14:30:52","modified_gmt":"2024-07-23T17:30:52","slug":"siavs","status":"publish","type":"post","link":"https:\/\/tveventos.tv.br\/?p=2652","title":{"rendered":"SIAVS"},"content":{"rendered":"\n<p>Sendo o maior evento das cadeias produtivas no Brasil, o SIAVS re\u00fane a avicultura, a bovinocultura, a suinocultura e o setor de peixes de cultivo em um \u00fanico grande evento, promovendo um encontro de especialistas, inovadores e l\u00edderes do setor agroindustrial, gerando oportunidades de neg\u00f3cios e avan\u00e7os tecnol\u00f3gicos para participantes de todo o mundo.<\/p>\n\n\n\n<p>Junte-se a n\u00f3s nos dias 06 a 08 de agosto, no Distrito Anhembi.&nbsp;<\/p>\n\n\n\n<p>Hor\u00e1rios: Dias 06 e 07 das 11h \u00e0s 19h;<\/p>\n\n\n\n<p>Dia 08 das 11h \u00e0s 17h.<\/p>\n\n\n\n<p>Endere\u00e7o: Avenida Olavo Fontoura, N\u00b0 1. 209\/Santana, S\u00e3o Paulo, SP, 02012-02<\/p>\n","protected":false},"excerpt":{"rendered":"<p>Sendo o maior evento das cadeias produtivas no Brasil, o SIAVS re\u00fane a avicultura, a bovinocultura, a suinocultura e o setor de peixes de cultivo em um \u00fanico grande evento, promovendo um encontro de especialistas, inovadores e l\u00edderes do setor agroindustrial, gerando oportunidades de neg\u00f3cios e avan\u00e7os tecnol\u00f3gicos para participantes de todo o mundo. Junte-se [&hellip;]<\/p>\n","protected":false},"author":3,"featured_media":2655,"comment_status":"open","ping_status":"open","sticky":false,"template":"","format":"standard","meta":{"footnotes":""},"categories":[25],"tags":[],"class_list":{"0":"post-2652","1":"post","2":"type-post","3":"status-publish","4":"format-standard","5":"has-post-thumbnail","7":"category-calendariodeeventos"},"_links":{"self":[{"href":"https:\/\/tveventos.tv.br\/index.php?rest_route=\/wp\/v2\/posts\/2652","targetHints":{"allow":["GET"]}}],"collection":[{"href":"https:\/\/tveventos.tv.br\/index.php?rest_route=\/wp\/v2\/posts"}],"about":[{"href":"https:\/\/tveventos.tv.br\/index.php?rest_route=\/wp\/v2\/types\/post"}],"author":[{"embeddable":true,"href":"https:\/\/tveventos.tv.br\/index.php?rest_route=\/wp\/v2\/users\/3"}],"replies":[{"embeddable":true,"href":"https:\/\/tveventos.tv.br\/index.php?rest_route=%2Fwp%2Fv2%2Fcomments&post=2652"}],"version-history":[{"count":1,"href":"https:\/\/tveventos.tv.br\/index.php?rest_route=\/wp\/v2\/posts\/2652\/revisions"}],"predecessor-version":[{"id":2656,"href":"https:\/\/tveventos.tv.br\/index.php?rest_route=\/wp\/v2\/posts\/2652\/revisions\/2656"}],"wp:featuredmedia":[{"embeddable":true,"href":"https:\/\/tveventos.tv.br\/index.php?rest_route=\/wp\/v2\/media\/2655"}],"wp:attachment":[{"href":"https:\/\/tveventos.tv.br\/index.php?rest_route=%2Fwp%2Fv2%2Fmedia&parent=2652"}],"wp:term":[{"taxonomy":"category","embeddable":true,"href":"https:\/\/tveventos.tv.br\/index.php?rest_route=%2Fwp%2Fv2%2Fcategories&post=2652"},{"taxonomy":"post_tag","embeddable":true,"href":"https:\/\/tveventos.tv.br\/index.php?rest_route=%2Fwp%2Fv2%2Ftags&post=2652"}],"curies":[{"name":"wp","href":"https:\/\/api.w.org\/{rel}","templated":true}]}}