{"id":2658,"date":"2024-07-25T16:05:35","date_gmt":"2024-07-25T19:05:35","guid":{"rendered":"https:\/\/tveventos.tv.br\/?p=2658"},"modified":"2024-07-25T16:05:38","modified_gmt":"2024-07-25T19:05:38","slug":"segunda-edicao-do-premio-elas-na-construcao-busca-dar-continuidade-no-reconhecimento-e-na-inclusao-feminina-no-setor","status":"publish","type":"post","link":"https:\/\/tveventos.tv.br\/?p=2658","title":{"rendered":"Segunda edi\u00e7\u00e3o do Pr\u00eamio Elas na Constru\u00e7\u00e3o busca dar continuidade no reconhecimento e na inclus\u00e3o feminina no setor"},"content":{"rendered":"\n<p class=\"has-text-align-center\"><em>Evento ser\u00e1 realizado no Distrito Anhembi, maior centro de conven\u00e7\u00f5es da Am\u00e9rica Latina<\/em><\/p>\n\n\n\n<p>O 7\u00ba Congresso Latino-Americano de Steel Frame e Constru\u00e7\u00e3o Industrializada, promove,&nbsp;o 2\u00ba Pr\u00eamio Elas na Constru\u00e7\u00e3o no Distrito Anhembi, em S\u00e3o Paulo,&nbsp;reconhecendo e incentivando a crescente participa\u00e7\u00e3o feminina no ramo.&nbsp;O Pr\u00eamio homenageia arquitetas, engenheiras, construtoras, empreendedoras, educadoras e pesquisadoras que t\u00eam impactado a constru\u00e7\u00e3o industrializada, celebrando sua for\u00e7a, dedica\u00e7\u00e3o e inova\u00e7\u00e3o.&nbsp;<\/p>\n\n\n\n<p>Para Silvia Scalzo, arquiteta respons\u00e1vel pela curadoria do evento, a expectativa para a&nbsp;2\u00aa edi\u00e7\u00e3o do pr\u00eamio \u00e9 de continuar promovendo a inclus\u00e3o e o reconhecimento do trabalho das mulheres no ramo.<\/p>\n\n\n\n<p>\u201cNossa expectativa \u00e9 a mais alta poss\u00edvel, pois na primeira tivemos uma diversidade entre as mulheres vencedoras do pr\u00eamio, nas profiss\u00f5es que elas escolheram, nas idades, t\u00ednhamos representantes muito jovens e representantes maduras, experientes, ent\u00e3o foi muito bonito ver isso colocado no palco, representando a inclus\u00e3o, a diversidade, e \u00e9 isso que queremos repetir. Al\u00e9m disso, queremos que isso seja ainda mais completo nessa edi\u00e7\u00e3o, mostrando o profissionalismo de todas essas mulheres que est\u00e3o presentes no mundo da constru\u00e7\u00e3o a seco, e temos certeza de que essa expectativa ser\u00e1 atendida\u2019\u2019, relata.<\/p>\n\n\n\n<p>Sandra Bellei, engenheira que atuou na comiss\u00e3o julgadora da primeira edi\u00e7\u00e3o, espera que ainda mais trabalhos qualificados sejam apresentados.<\/p>\n\n\n\n<p>&#8220;Foi uma honra avaliar os trabalhos recebidos na \u00faltima edi\u00e7\u00e3o e perceber como as mulheres est\u00e3o atuando em v\u00e1rios campos diferentes, foi muito enriquecedor. A minha expectativa para essa edi\u00e7\u00e3o \u00e9 que tenha ainda mais inscri\u00e7\u00f5es do que a primeira, muitos trabalhos interessantes v\u00e3o aparecer, com certeza\u2019&#8221;, destaca.<\/p>\n\n\n\n<p>O evento ocorrer\u00e1 durante os dias 24 e 25 de outubro. A solenidade do 2\u00ba Pr\u00eamio Ela s na Constru\u00e7\u00e3o ser\u00e1 realizada no dia 24 de outubro.<\/p>\n\n\n\n<p><strong>Servi\u00e7o<\/strong><\/p>\n\n\n\n<p>O que: 7\u00ba Congresso Latino-Americano de Steel Frame e Constru\u00e7\u00e3o Industrializada; 7\u00aa Expo Experience de Constru\u00e7\u00e3o Industrializada<\/p>\n\n\n\n<p>Quando: dias 24 e 25 de outubro<\/p>\n\n\n\n<p>Onde: Distrito Anhembi<\/p>\n","protected":false},"excerpt":{"rendered":"<p>Evento ser\u00e1 realizado no Distrito Anhembi, maior centro de conven\u00e7\u00f5es da Am\u00e9rica Latina O 7\u00ba Congresso Latino-Americano de Steel Frame e Constru\u00e7\u00e3o Industrializada, promove,&nbsp;o 2\u00ba Pr\u00eamio Elas na Constru\u00e7\u00e3o no Distrito Anhembi, em S\u00e3o Paulo,&nbsp;reconhecendo e incentivando a crescente participa\u00e7\u00e3o feminina no ramo.&nbsp;O Pr\u00eamio homenageia arquitetas, engenheiras, construtoras, empreendedoras, educadoras e pesquisadoras que t\u00eam impactado [&hellip;]<\/p>\n","protected":false},"author":2,"featured_media":2660,"comment_status":"open","ping_status":"open","sticky":false,"template":"","format":"standard","meta":{"footnotes":""},"categories":[1],"tags":[],"class_list":{"0":"post-2658","1":"post","2":"type-post","3":"status-publish","4":"format-standard","5":"has-post-thumbnail","7":"category-workshopsepalestras"},"_links":{"self":[{"href":"https:\/\/tveventos.tv.br\/index.php?rest_route=\/wp\/v2\/posts\/2658","targetHints":{"allow":["GET"]}}],"collection":[{"href":"https:\/\/tveventos.tv.br\/index.php?rest_route=\/wp\/v2\/posts"}],"about":[{"href":"https:\/\/tveventos.tv.br\/index.php?rest_route=\/wp\/v2\/types\/post"}],"author":[{"embeddable":true,"href":"https:\/\/tveventos.tv.br\/index.php?rest_route=\/wp\/v2\/users\/2"}],"replies":[{"embeddable":true,"href":"https:\/\/tveventos.tv.br\/index.php?rest_route=%2Fwp%2Fv2%2Fcomments&post=2658"}],"version-history":[{"count":1,"href":"https:\/\/tveventos.tv.br\/index.php?rest_route=\/wp\/v2\/posts\/2658\/revisions"}],"predecessor-version":[{"id":2661,"href":"https:\/\/tveventos.tv.br\/index.php?rest_route=\/wp\/v2\/posts\/2658\/revisions\/2661"}],"wp:featuredmedia":[{"embeddable":true,"href":"https:\/\/tveventos.tv.br\/index.php?rest_route=\/wp\/v2\/media\/2660"}],"wp:attachment":[{"href":"https:\/\/tveventos.tv.br\/index.php?rest_route=%2Fwp%2Fv2%2Fmedia&parent=2658"}],"wp:term":[{"taxonomy":"category","embeddable":true,"href":"https:\/\/tveventos.tv.br\/index.php?rest_route=%2Fwp%2Fv2%2Fcategories&post=2658"},{"taxonomy":"post_tag","embeddable":true,"href":"https:\/\/tveventos.tv.br\/index.php?rest_route=%2Fwp%2Fv2%2Ftags&post=2658"}],"curies":[{"name":"wp","href":"https:\/\/api.w.org\/{rel}","templated":true}]}}