{"id":2663,"date":"2024-07-26T16:37:14","date_gmt":"2024-07-26T19:37:14","guid":{"rendered":"https:\/\/tveventos.tv.br\/?p=2663"},"modified":"2024-07-26T16:37:18","modified_gmt":"2024-07-26T19:37:18","slug":"f1-commerce-anuncia-reposicionamento-de-marca-no-forum-e-commerce-brasil-2024","status":"publish","type":"post","link":"https:\/\/tveventos.tv.br\/?p=2663","title":{"rendered":"F1 Commerce anuncia reposicionamento de marca no F\u00f3rum E-commerce Brasil 2024"},"content":{"rendered":"\n<p class=\"has-text-align-center\"><em>A empresa apresentar\u00e1 solu\u00e7\u00f5es que abrangem todo o ciclo de vendas online, desde a gest\u00e3o de mercadorias, frete e log\u00edstica at\u00e9 a integra\u00e7\u00e3o com mais de 30 marketplaces<\/em>.<\/p>\n\n\n\n<p>A F1 Commerce, uma das principais plataformas brasileiras de e-commerce B2B, participar\u00e1 da edi\u00e7\u00e3o 2024 do F\u00f3rum E-commerce Brasil, que acontece de 30 de julho a 01 de agosto, no Distrito Anhembi, em S\u00e3o Paulo. A empresa que marca sua presen\u00e7a no evento desde 2015, apresentar\u00e1 solu\u00e7\u00f5es que abrangem todo o ciclo de vendas online, desde a gest\u00e3o de mercadorias, frete e log\u00edstica at\u00e9 a integra\u00e7\u00e3o com mais de 20 marketplaces. Isso \u00e9 poss\u00edvel com a utiliza\u00e7\u00e3o de uma plataforma flex\u00edvel e adapt\u00e1vel para proporcionar a melhor experi\u00eancia de gest\u00e3o e compra.&nbsp;&nbsp;<\/p>\n\n\n\n<p>Este ano, o f\u00f3rum ser\u00e1 palco de uma grande novidade: o rebranding da marca, o que consolida sua posi\u00e7\u00e3o como uma solu\u00e7\u00e3o completa e inovadora para o mercado de e-commerce.&nbsp;<\/p>\n\n\n\n<p>Com um estande de 20 m2 localizado pr\u00f3ximo \u00e0s principais atra\u00e7\u00f5es do encontro, como a plen\u00e1ria de Marketplace, Marketing e Vendas, a F1 Commerce , al\u00e9m de divulgar a nova identidade, vai fortalecer o relacionamento com os clientes atuais, gerar novos neg\u00f3cios e refor\u00e7ar sua presen\u00e7a no mercado como uma solu\u00e7\u00e3o de e-commerce de ponta a ponta. \u201cEstamos entusiasmados em anunciar nossa nova marca no F\u00f3rum E-commerce Brasil, que sempre foi um marco importante para n\u00f3s \u2014 e esta edi\u00e7\u00e3o n\u00e3o ser\u00e1 diferente. A novidade nos torna ainda mais preparados para trazer solu\u00e7\u00f5es completas para B2B, B2C e Gest\u00e3o de Marketplaces\u201d, afirma Eduardo Oliveira, CEO da F1 Commerce.&nbsp;<\/p>\n\n\n\n<p>&nbsp;\u201cNosso foco sempre foi e continuar\u00e1 sendo a satisfa\u00e7\u00e3o dos nossos clientes e a otimiza\u00e7\u00e3o de seus processos de vendas. Com a marca, reafirmamos nosso compromisso em oferecer as melhores solu\u00e7\u00f5es tecnol\u00f3gicas e servi\u00e7os personalizados que atendam \u00e0s necessidades espec\u00edficas de cada parceiro de neg\u00f3cios\u201d, complementa Oliveira.&nbsp;&nbsp;<\/p>\n\n\n\n<p><strong>Evento Exclusivo: Happy Business Hour<\/strong>&nbsp;<\/p>\n\n\n\n<p>Para celebrar essa nova fase, a F1 Commerce realizar\u00e1 um evento exclusivo no renomado restaurante Lass\u00f9 durante o F\u00f3rum E-commerce Brasil 2024. Esta ocasi\u00e3o especial ser\u00e1 uma oportunidade para os convidados experimentarem em primeira m\u00e3o a nova marca, al\u00e9m de desfrutarem de um ambiente descontra\u00eddo e sofisticado. O objetivo \u00e9 refor\u00e7ar os la\u00e7os com parceiros, clientes e prospects, oferecendo um momento de networking e celebra\u00e7\u00e3o. A iniciativa ser\u00e1 patrocinada por nossos parceiros Vindi, Xlow e SimFrete, que se juntaram a n\u00f3s para tornar esta celebra\u00e7\u00e3o ainda mais especial.&nbsp;<\/p>\n\n\n\n<p><strong>F\u00f3rum E-commerce Brasil 2024<\/strong>&nbsp;<\/p>\n\n\n\n<p><strong>Dia:<\/strong>&nbsp;de 30 de julho a 01 de agosto&nbsp;<\/p>\n\n\n\n<p><strong>Hor\u00e1rio:<\/strong>&nbsp;das 8h30 \u00e0s 20h&nbsp;&nbsp;<\/p>\n\n\n\n<p><strong>Local:&nbsp;<\/strong>Distrito Anhembi &#8211; R. Prof. Milton Rodrigues, s\/n &#8211; Santana, S\u00e3o Paulo&nbsp;<\/p>\n\n\n\n<p><strong>Sobre a F1 Commerce<\/strong>&nbsp;<\/p>\n\n\n\n<p>Fundada em 2007, a F1 Commerce \u00e9 uma plataforma de vendas especializada em B2B, com mais de 300 opera\u00e7\u00f5es de com\u00e9rcio eletr\u00f4nico ativas. A empresa oferece solu\u00e7\u00f5es completas para B2B, B2C e integra\u00e7\u00e3o com marketplaces, sempre focando na otimiza\u00e7\u00e3o de processos e aumento de resultados. Para mais informa\u00e7\u00f5es, acesse:&nbsp;<a href=\"https:\/\/www.f1commerce.com\/\" target=\"_blank\" rel=\"noreferrer noopener\">https:\/\/www.f1commerce.com<\/a>.&nbsp;<\/p>\n","protected":false},"excerpt":{"rendered":"<p>A empresa apresentar\u00e1 solu\u00e7\u00f5es que abrangem todo o ciclo de vendas online, desde a gest\u00e3o de mercadorias, frete e log\u00edstica at\u00e9 a integra\u00e7\u00e3o com mais de 30 marketplaces. A F1 Commerce, uma das principais plataformas brasileiras de e-commerce B2B, participar\u00e1 da edi\u00e7\u00e3o 2024 do F\u00f3rum E-commerce Brasil, que acontece de 30 de julho a 01 [&hellip;]<\/p>\n","protected":false},"author":2,"featured_media":2664,"comment_status":"open","ping_status":"open","sticky":false,"template":"","format":"standard","meta":{"footnotes":""},"categories":[23],"tags":[],"class_list":{"0":"post-2663","1":"post","2":"type-post","3":"status-publish","4":"format-standard","5":"has-post-thumbnail","7":"category-feirasdenegocios"},"_links":{"self":[{"href":"https:\/\/tveventos.tv.br\/index.php?rest_route=\/wp\/v2\/posts\/2663","targetHints":{"allow":["GET"]}}],"collection":[{"href":"https:\/\/tveventos.tv.br\/index.php?rest_route=\/wp\/v2\/posts"}],"about":[{"href":"https:\/\/tveventos.tv.br\/index.php?rest_route=\/wp\/v2\/types\/post"}],"author":[{"embeddable":true,"href":"https:\/\/tveventos.tv.br\/index.php?rest_route=\/wp\/v2\/users\/2"}],"replies":[{"embeddable":true,"href":"https:\/\/tveventos.tv.br\/index.php?rest_route=%2Fwp%2Fv2%2Fcomments&post=2663"}],"version-history":[{"count":1,"href":"https:\/\/tveventos.tv.br\/index.php?rest_route=\/wp\/v2\/posts\/2663\/revisions"}],"predecessor-version":[{"id":2665,"href":"https:\/\/tveventos.tv.br\/index.php?rest_route=\/wp\/v2\/posts\/2663\/revisions\/2665"}],"wp:featuredmedia":[{"embeddable":true,"href":"https:\/\/tveventos.tv.br\/index.php?rest_route=\/wp\/v2\/media\/2664"}],"wp:attachment":[{"href":"https:\/\/tveventos.tv.br\/index.php?rest_route=%2Fwp%2Fv2%2Fmedia&parent=2663"}],"wp:term":[{"taxonomy":"category","embeddable":true,"href":"https:\/\/tveventos.tv.br\/index.php?rest_route=%2Fwp%2Fv2%2Fcategories&post=2663"},{"taxonomy":"post_tag","embeddable":true,"href":"https:\/\/tveventos.tv.br\/index.php?rest_route=%2Fwp%2Fv2%2Ftags&post=2663"}],"curies":[{"name":"wp","href":"https:\/\/api.w.org\/{rel}","templated":true}]}}