{"id":2666,"date":"2024-07-26T16:42:57","date_gmt":"2024-07-26T19:42:57","guid":{"rendered":"https:\/\/tveventos.tv.br\/?p=2666"},"modified":"2024-07-26T16:43:04","modified_gmt":"2024-07-26T19:43:04","slug":"concrete-show-chega-a-15a-edicao-com-recorde-de-marcas-estreantes","status":"publish","type":"post","link":"https:\/\/tveventos.tv.br\/?p=2666","title":{"rendered":"Concrete Show chega a 15\u00aa edi\u00e7\u00e3o com recorde de marcas estreantes"},"content":{"rendered":"\n<p class=\"has-text-align-center\"><em>Evento contar\u00e1 com mais de 60 novos expositores de um total que supera os 400, dispostos em uma \u00e1rea de mais de 32 mil metros quadrados<\/em><\/p>\n\n\n\n<p>Entre os dias 6 e 8 de agosto, a capital paulista sediar\u00e1 o maior evento da cadeia produtiva da constru\u00e7\u00e3o civil da Am\u00e9rica Latina. Em sua 15\u00aa edi\u00e7\u00e3o, o Concrete Show acaba de anunciar que, em seus mais de 32 mil metros quadrados, contar\u00e1 com cerca 60 novas marcas expositoras, em um total que ultrapassa as 400, um recorde.<\/p>\n\n\n\n<p>Entre os estreantes est\u00e3o empresas ligadas diretamente ao a\u00e7o e a constru\u00e7\u00f5es met\u00e1licas, como Belgo Bekaert Arames, Omni Trade, Vergraf Ind\u00fastria e Com\u00e9rcio de Vergalh\u00f5es, Walyswa Ind\u00fastria e Com\u00e9rcio de Produtos Metal\u00fargicos, LS de Cotia Com\u00e9rcio de Artigos de Ferro, Fameth, al\u00e9m da Work Ind\u00fastria de Pe\u00e7as Met\u00e1licas e Cofer, bra\u00e7o da Companhia Sider\u00fargica Nacional.&nbsp;<\/p>\n\n\n\n<p>No segmento de produtos qu\u00edmicos, o Concrete Show contar\u00e1 com a participa\u00e7\u00e3o da Adco Ind\u00fastria de Aditivos Qu\u00edmicos para Concreto, Camargo Distribuidora de Produtos Qu\u00edmicos, Lyksor Chemical, SW Adesivos e Revestimentos Anticorrosivo, TAF Ind\u00fastria de Pl\u00e1stico, Forcon e GCP Brasil.<\/p>\n\n\n\n<p>Durante o evento, os visitantes ter\u00e3o a oportunidade de conhecer empresas ligadas \u00e0 tecnologia e maquin\u00e1rio, como a Casa do Serralheiro, GBM Equipment, Jac Empilhadeiras, MRM Equipamentos, Nexus, Schwing Setter e Vollert. Al\u00e9m disso, estar\u00e3o presentes duas locadoras de equipamentos: Orguel Ind\u00fastria e Loca\u00e7\u00e3o de Equipamentos e Life Locadora de Equipamentos para Constru\u00e7\u00e3o. Tamb\u00e9m n\u00e3o poderiam ficar de fora os sistemas construtivos e pr\u00e9-fabricados, como a Dinamik, DL Constru\u00e7\u00f5es, JH Pr\u00e9-moldados e Torri Ind\u00fastria de Artefatos de Cimento.&nbsp;<\/p>\n\n\n\n<p>\u201cO Concrete Show chega \u00e0 sua 15\u00aa edi\u00e7\u00e3o batendo recordes de marcas participantes. Estamos muito felizes com o grande n\u00famero de expositores ou que est\u00e3o conosco \u00e0 primeira vez ou que j\u00e1 estiveram no passado, resolveram voltar e inclu\u00edmos nessa seleta lista. Isso s\u00f3 mostra a import\u00e2ncia que o evento tem no universo da constru\u00e7\u00e3o civil, sobretudo no que se refere ao concreto, insumo fundamental para essa ind\u00fastria\u201d, diz o gerente de Produto do Concrete Show, Fernando D\u2019Ascola.&nbsp;<\/p>\n\n\n\n<p><strong>SERVI\u00c7O<\/strong><br><strong>Concrete Show \u2013 Congresso Construindo Conhecimento<\/strong><br>Datas: 06, 07, 08 de agosto<br>Local: Rodovia dos Imigrantes, 1,5 km &#8211; Vila \u00c1gua Funda, S\u00e3o Paulo &#8211; SP<br>Inscri\u00e7\u00f5es para o p\u00fablico no site: https:\/\/www.concreteshow.com.br\/<\/p>\n\n\n\n<p><strong>Sobre o Concrete Show&nbsp;<\/strong><br><br>O Concrete Show \u2013 que chega, em 2024, em sua 15\u00aa edi\u00e7\u00e3o no Brasil \u2013 \u00e9 o maior evento de neg\u00f3cios ligados \u00e0 cadeia produtiva da constru\u00e7\u00e3o civil da Am\u00e9rica Latina, sendo parte integrante do circuito World of Concrete no mundo &#8211; evento internacional anual dedicado \u00e0s ind\u00fastrias de constru\u00e7\u00e3o comercial de concreto e alvenaria \u2013 que congrega, ainda, o World of Concrete Asia, ExpoChiac, World of Concrete India, World of Concrete Europe e World Concrete Toronto Pavilion, organizado pela promotora global Informa Markets.<\/p>\n\n\n\n<p>Com \u00eanfase na ind\u00fastria do concreto e de seus assuntos correlatos, al\u00e9m de fomentar o mercado, promove ao redor do mundo conte\u00fado t\u00e9cnico qualificado, networking e oportunidades de neg\u00f3cio, alavancando a cadeia construtiva e reunindo as \u00faltimas tecnologias e tend\u00eancias do setor. O Concrete Show tamb\u00e9m se tornou uma plataforma de neg\u00f3cios completa para a cadeia produtiva da constru\u00e7\u00e3o em concreto e tem como objetivos gerar relacionamentos e entregar conte\u00fados de qualidade, em sinergia, nos ambientes digital e f\u00edsico.<\/p>\n","protected":false},"excerpt":{"rendered":"<p>Evento contar\u00e1 com mais de 60 novos expositores de um total que supera os 400, dispostos em uma \u00e1rea de mais de 32 mil metros quadrados Entre os dias 6 e 8 de agosto, a capital paulista sediar\u00e1 o maior evento da cadeia produtiva da constru\u00e7\u00e3o civil da Am\u00e9rica Latina. Em sua 15\u00aa edi\u00e7\u00e3o, o [&hellip;]<\/p>\n","protected":false},"author":2,"featured_media":2667,"comment_status":"open","ping_status":"open","sticky":false,"template":"","format":"standard","meta":{"footnotes":""},"categories":[23],"tags":[],"class_list":{"0":"post-2666","1":"post","2":"type-post","3":"status-publish","4":"format-standard","5":"has-post-thumbnail","7":"category-feirasdenegocios"},"_links":{"self":[{"href":"https:\/\/tveventos.tv.br\/index.php?rest_route=\/wp\/v2\/posts\/2666","targetHints":{"allow":["GET"]}}],"collection":[{"href":"https:\/\/tveventos.tv.br\/index.php?rest_route=\/wp\/v2\/posts"}],"about":[{"href":"https:\/\/tveventos.tv.br\/index.php?rest_route=\/wp\/v2\/types\/post"}],"author":[{"embeddable":true,"href":"https:\/\/tveventos.tv.br\/index.php?rest_route=\/wp\/v2\/users\/2"}],"replies":[{"embeddable":true,"href":"https:\/\/tveventos.tv.br\/index.php?rest_route=%2Fwp%2Fv2%2Fcomments&post=2666"}],"version-history":[{"count":1,"href":"https:\/\/tveventos.tv.br\/index.php?rest_route=\/wp\/v2\/posts\/2666\/revisions"}],"predecessor-version":[{"id":2668,"href":"https:\/\/tveventos.tv.br\/index.php?rest_route=\/wp\/v2\/posts\/2666\/revisions\/2668"}],"wp:featuredmedia":[{"embeddable":true,"href":"https:\/\/tveventos.tv.br\/index.php?rest_route=\/wp\/v2\/media\/2667"}],"wp:attachment":[{"href":"https:\/\/tveventos.tv.br\/index.php?rest_route=%2Fwp%2Fv2%2Fmedia&parent=2666"}],"wp:term":[{"taxonomy":"category","embeddable":true,"href":"https:\/\/tveventos.tv.br\/index.php?rest_route=%2Fwp%2Fv2%2Fcategories&post=2666"},{"taxonomy":"post_tag","embeddable":true,"href":"https:\/\/tveventos.tv.br\/index.php?rest_route=%2Fwp%2Fv2%2Ftags&post=2666"}],"curies":[{"name":"wp","href":"https:\/\/api.w.org\/{rel}","templated":true}]}}