{"id":2669,"date":"2024-07-26T16:45:02","date_gmt":"2024-07-26T19:45:02","guid":{"rendered":"https:\/\/tveventos.tv.br\/?p=2669"},"modified":"2024-07-26T16:45:06","modified_gmt":"2024-07-26T19:45:06","slug":"wdc-networks-participa-da-feira-e-congresso-netcom-2024","status":"publish","type":"post","link":"https:\/\/tveventos.tv.br\/?p=2669","title":{"rendered":"WDC Networks participa da Feira e Congresso Netcom 2024"},"content":{"rendered":"\n<p class=\"has-text-align-center\"><em> O diretor de produtos, Paul Raad, ministra palestra sobre os benef\u00edcios da modalidade Turn Key para os provedores de internet<\/em>.<\/p>\n\n\n\n<p>A WDC Networks \u2013 empresa de tecnologia que importa, fabrica e distribui suas solu\u00e7\u00f5es no Brasil e na Col\u00f4mbia \u2013 marca presen\u00e7a como autoridade na grade de palestras da 11\u00aa edi\u00e7\u00e3o da Feira e Congresso Netcom \u2013 Feira Internacional de Infraestrutura de Redes, Telecom e Provedores de Internet, que acontece de 5 a 7 de agosto, no Expo Center Norte, em S\u00e3o Paulo (SP). O diretor de Produtos, Paul Raad, representa a companhia no plen\u00e1rio do Congresso de Provedores, no dia 06 de agosto, \u00e0s 13h45, com a palestra \u201cVantagens dos projetos&nbsp;<em>Turn Key<\/em>&nbsp;para os ISPs\u201d.<\/p>\n\n\n\n<p>Em sua apresenta\u00e7\u00e3o, Raad explica como solu\u00e7\u00f5es no modelo&nbsp;<em>Turn Key<\/em>&nbsp;oferecem uma combina\u00e7\u00e3o de economia, efici\u00eancia e seguran\u00e7a. O diretor ressalta que, ao optar por este formato de entrega de projetos, onde apenas um fornecedor \u00e9 respons\u00e1vel por realizar o trabalho do in\u00edcio ao fim, os ISPs podem melhorar a qualidade de seus servi\u00e7os, manter-se atualizados com as tecnologias mais recentes e focar efetivamente no seu neg\u00f3cio.<\/p>\n\n\n\n<p>Para Paul Raad, participar de um evento desse porte e natureza \u00e9 uma grande oportunidade de aproxima\u00e7\u00e3o com o setor de telecomunica\u00e7\u00f5es, de reencontrar clientes e parceiros e reafirmar o novo posicionamento estrat\u00e9gico da WDC, orientado a solu\u00e7\u00f5es por verticais de mercado. \u201cVamos mostrar aos ISPs como podem refor\u00e7ar infraestrutura de rede e diversificar receitas com solu\u00e7\u00f5es completas em modelo&nbsp;<em>Turn Key<\/em>\u201d, afirma o executivo.<\/p>\n\n\n\n<p><strong>Sobre a Netcom 2024<\/strong><\/p>\n\n\n\n<p>Em sua 11\u00aa edi\u00e7\u00e3o, o Netcom 2024 traz uma s\u00e9rie de atra\u00e7\u00f5es e novidades exclusivas para toda a cadeia produtiva do setor de telecomunica\u00e7\u00f5es\u2013 que vai desde a ind\u00fastria at\u00e9 distribuidores, instaladores, operadoras, datacenters, provedores de Internet e usu\u00e1rios corporativos de TI. Com conte\u00fado qualificado e direcionado para os profissionais interessados em conhecer as tend\u00eancias do segmento, o Congresso traz uma programa\u00e7\u00e3o qualificada de palestras e pain\u00e9is, criteriosamente elaborada para alcan\u00e7ar todos os perfis de visitantes, por meio da curadoria de especialistas que atuam no mercado e s\u00e3o representativos nos setores em que atuam.<\/p>\n\n\n\n<p>Ser\u00e3o mais de 40 horas de conte\u00fado e aproximadamente 60 especialistas abordando temas t\u00e9cnicos importantes, como novas normas de seguran\u00e7a, estrat\u00e9gias de migra\u00e7\u00e3o de redes e desenvolvimentos de padr\u00f5es abertos. Al\u00e9m disso, o Netcom tamb\u00e9m convida os participantes a refletirem sobre o futuro do setor e como se preparar para desafios como intelig\u00eancia artificial, IoT \u2013 Internet das Coisas, 5G e a gest\u00e3o de provedores de Internet em um ambiente cada vez mais competitivo e consolidado.<\/p>\n\n\n\n<p><strong>SERVI\u00c7O &#8211; Netcom 2024<\/strong><\/p>\n\n\n\n<p><strong>Data<\/strong>: De 05 a 07 de agosto de 2024<\/p>\n\n\n\n<p><strong>Hora<\/strong>: Feira: 12h \u00e0s 20h<\/p>\n\n\n\n<p><strong>Congressos:<\/strong>&nbsp;13h30 \u00e0s 18h30<\/p>\n\n\n\n<p><strong>Palestra WDC<\/strong>: Paul Raad: dia 06\/08, \u00e0s 13h45<\/p>\n\n\n\n<p><strong>Local<\/strong>: Expo Center Norte (Pavilh\u00e3o Azul)<\/p>\n\n\n\n<p>Rua Jos\u00e9 Bernardo Pinto, 333, Vila Guilherme. S\u00e3o Paulo-SP<\/p>\n\n\n\n<p><strong>Mais informa\u00e7\u00f5es<\/strong>:&nbsp;<a href=\"https:\/\/netcom2024.com.br\/\" target=\"_blank\" rel=\"noreferrer noopener\">https:\/\/netcom2024.com.br\/<\/a><\/p>\n\n\n\n<p><strong>Sobre a WDC Networks<\/strong><\/p>\n\n\n\n<p>A WDC Networks (Livetech da Bahia Ind. e Com. S.A.) \u00e9 uma empresa distribuidora de tecnologia que atua nos segmentos de Telecomunica\u00e7\u00f5es, Energia solar, \u00c1udio e V\u00eddeo Profissional, Ciberseguran\u00e7a, Seguran\u00e7a Eletr\u00f4nica, Infraestrutura de redes, Wi-Fi, Comunica\u00e7\u00e3o Unificada e Servi\u00e7os gerenciados \u2013 Listada na B3, desde 2021 sob ticket LVTC3. Fundada em 2003, com capital 100% nacional, a empresa se tornou l\u00edder em seus segmentos na oferta do modelo de neg\u00f3cio TaaS \u2013 Tecnologia \u201cAs a Service\u201d (Hardware e Software as a Service). A empresa industrializa no Brasil mais de 50% dos itens de maior volume, conta com parcerias estrat\u00e9gicas com fabricantes internacionais e nacionais, a maioria l\u00edderes em seus segmentos, e possui uma rede de canais em todo o Brasil. Isso garante um portf\u00f3lio amplo, com mais de 30 marcas.<\/p>\n","protected":false},"excerpt":{"rendered":"<p>O diretor de produtos, Paul Raad, ministra palestra sobre os benef\u00edcios da modalidade Turn Key para os provedores de internet. A WDC Networks \u2013 empresa de tecnologia que importa, fabrica e distribui suas solu\u00e7\u00f5es no Brasil e na Col\u00f4mbia \u2013 marca presen\u00e7a como autoridade na grade de palestras da 11\u00aa edi\u00e7\u00e3o da Feira e Congresso [&hellip;]<\/p>\n","protected":false},"author":2,"featured_media":2670,"comment_status":"open","ping_status":"open","sticky":false,"template":"","format":"standard","meta":{"footnotes":""},"categories":[23],"tags":[],"class_list":{"0":"post-2669","1":"post","2":"type-post","3":"status-publish","4":"format-standard","5":"has-post-thumbnail","7":"category-feirasdenegocios"},"_links":{"self":[{"href":"https:\/\/tveventos.tv.br\/index.php?rest_route=\/wp\/v2\/posts\/2669","targetHints":{"allow":["GET"]}}],"collection":[{"href":"https:\/\/tveventos.tv.br\/index.php?rest_route=\/wp\/v2\/posts"}],"about":[{"href":"https:\/\/tveventos.tv.br\/index.php?rest_route=\/wp\/v2\/types\/post"}],"author":[{"embeddable":true,"href":"https:\/\/tveventos.tv.br\/index.php?rest_route=\/wp\/v2\/users\/2"}],"replies":[{"embeddable":true,"href":"https:\/\/tveventos.tv.br\/index.php?rest_route=%2Fwp%2Fv2%2Fcomments&post=2669"}],"version-history":[{"count":1,"href":"https:\/\/tveventos.tv.br\/index.php?rest_route=\/wp\/v2\/posts\/2669\/revisions"}],"predecessor-version":[{"id":2671,"href":"https:\/\/tveventos.tv.br\/index.php?rest_route=\/wp\/v2\/posts\/2669\/revisions\/2671"}],"wp:featuredmedia":[{"embeddable":true,"href":"https:\/\/tveventos.tv.br\/index.php?rest_route=\/wp\/v2\/media\/2670"}],"wp:attachment":[{"href":"https:\/\/tveventos.tv.br\/index.php?rest_route=%2Fwp%2Fv2%2Fmedia&parent=2669"}],"wp:term":[{"taxonomy":"category","embeddable":true,"href":"https:\/\/tveventos.tv.br\/index.php?rest_route=%2Fwp%2Fv2%2Fcategories&post=2669"},{"taxonomy":"post_tag","embeddable":true,"href":"https:\/\/tveventos.tv.br\/index.php?rest_route=%2Fwp%2Fv2%2Ftags&post=2669"}],"curies":[{"name":"wp","href":"https:\/\/api.w.org\/{rel}","templated":true}]}}