{"id":2672,"date":"2024-07-26T17:19:37","date_gmt":"2024-07-26T20:19:37","guid":{"rendered":"https:\/\/tveventos.tv.br\/?p=2672"},"modified":"2024-07-26T17:19:41","modified_gmt":"2024-07-26T20:19:41","slug":"expotech-feira-de-negocios-reuniu-cerca-de-70-expositores-em-salvador","status":"publish","type":"post","link":"https:\/\/tveventos.tv.br\/?p=2672","title":{"rendered":"Expotech: feira de neg\u00f3cios reuniu cerca de 70 expositores em Salvador"},"content":{"rendered":"\n<p class=\"has-text-align-center\">Evento, que aconteceu nos dias 22 e 23 de julho, contou com palestras t\u00e9cnicas e espa\u00e7o voltado para capacita\u00e7\u00e3o de profissionais.<\/p>\n\n\n\n<p>Cerca de 70 expositores dos segmentos de saneantes, cosm\u00e9ticos e tintas participam, nos dias 22 e 23 de julho, da 6\u00aa edi\u00e7\u00e3o da Expotech, feira de neg\u00f3cios, palestras t\u00e9cnicas, al\u00e9m do TechLab, voltado para capacita\u00e7\u00e3o de profissionais das \u00e1reas de pesquisa e desenvolvimento. O evento aconteceu no Senai\/Cimatec, em Salvador.<\/p>\n\n\n\n<p>O superintendente do Sebrae Bahia, Jorge Khoury, participou da abertura do evento. Ele ressaltou a import\u00e2ncia da Expotech no incentivo \u00e0 inova\u00e7\u00e3o. \u201c\u00c9 fundamental ter acesso ao que h\u00e1 de mais inovador para o setor. Isso contribui para o fortalecimento da ind\u00fastria no processo de desenvolvimento sustent\u00e1vel. E o Sebrae est\u00e1 sempre \u00e0 disposi\u00e7\u00e3o para auxiliar os empres\u00e1rios a buscarem as melhores ferramentas para tornar seus neg\u00f3cios mais competitivos\u201d, afirmou.<\/p>\n\n\n\n<p>O Sebrae tamb\u00e9m est\u00e1 presente com um estande no local. A institui\u00e7\u00e3o foi uma das realizadoras da Expotech, ao lado do Sindicosmetic, que representa a ind\u00fastria de cosm\u00e9ticos e perfumaria, e do Saneantes da Bahia, representante das ind\u00fastrias de sab\u00f5es, detergentes, produtos de limpeza em geral, aditivos de uso industrial e velas da Bahia. O diretor t\u00e9cnico do Sebrae Bahia, Franklin Santos, e o diretor de Administra\u00e7\u00e3o e Finan\u00e7as, Vitor Lopes, acompanharam a cerim\u00f4nia de abertura.<\/p>\n\n\n\n<p>O diretor da ExpoTech, Juan Ros\u00e1rio Lorenzo, refor\u00e7ou o objetivo do evento de trazer para o Nordeste as melhores tecnologias do Brasil. Ele destacou ainda o aumento de 16% no n\u00famero de expositores e a participa\u00e7\u00e3o de cerca de 1.500 pessoas nos dois dias de evento. \u201cAs ind\u00fastrias de saneantes, cosm\u00e9ticos e tintas da Bahia e de outros estados da regi\u00e3o podem se aproximar de produtores, fornecedores e formuladores num s\u00f3 evento, conhecendo novidades em mat\u00e9rias primas, produtos, embalagens e equipamentos\u201d, afirmou.<\/p>\n\n\n\n<p>O presidente da Federa\u00e7\u00e3o das Ind\u00fastrias do Estado da Bahia (FIEB), Carlos Henrique Passos, pontuou sobre a import\u00e2ncia de integrar a cadeia montante da ind\u00fastria. \u201cO evento traz um poder de sinergia muito forte, renova a ind\u00fastria e fortalece o setor produtivo\u201d, disse o dirigente.<\/p>\n\n\n\n<p>A feira tamb\u00e9m contou com patroc\u00ednio do Banco do Nordeste e Governo Federal, Sesi e Senai Bahia, al\u00e9m do apoio da FIEB e do Senai\/Cimatec. Na abertura estiveram presentes o superintendente do BNB, Pedro de Lima Neto, o diretor de Inova\u00e7\u00e3o e Tecnologia, Leone Andrade, o diretor do Senai Bahia, Evandro Mazo, e o superintendente do Sesi Bahia, Armando Neto.<\/p>\n\n\n\n<p>Fonte: Sebrae<\/p>\n","protected":false},"excerpt":{"rendered":"<p>Evento, que aconteceu nos dias 22 e 23 de julho, contou com palestras t\u00e9cnicas e espa\u00e7o voltado para capacita\u00e7\u00e3o de profissionais. Cerca de 70 expositores dos segmentos de saneantes, cosm\u00e9ticos e tintas participam, nos dias 22 e 23 de julho, da 6\u00aa edi\u00e7\u00e3o da Expotech, feira de neg\u00f3cios, palestras t\u00e9cnicas, al\u00e9m do TechLab, voltado para [&hellip;]<\/p>\n","protected":false},"author":2,"featured_media":2673,"comment_status":"open","ping_status":"open","sticky":false,"template":"","format":"standard","meta":{"footnotes":""},"categories":[23],"tags":[],"class_list":{"0":"post-2672","1":"post","2":"type-post","3":"status-publish","4":"format-standard","5":"has-post-thumbnail","7":"category-feirasdenegocios"},"_links":{"self":[{"href":"https:\/\/tveventos.tv.br\/index.php?rest_route=\/wp\/v2\/posts\/2672","targetHints":{"allow":["GET"]}}],"collection":[{"href":"https:\/\/tveventos.tv.br\/index.php?rest_route=\/wp\/v2\/posts"}],"about":[{"href":"https:\/\/tveventos.tv.br\/index.php?rest_route=\/wp\/v2\/types\/post"}],"author":[{"embeddable":true,"href":"https:\/\/tveventos.tv.br\/index.php?rest_route=\/wp\/v2\/users\/2"}],"replies":[{"embeddable":true,"href":"https:\/\/tveventos.tv.br\/index.php?rest_route=%2Fwp%2Fv2%2Fcomments&post=2672"}],"version-history":[{"count":1,"href":"https:\/\/tveventos.tv.br\/index.php?rest_route=\/wp\/v2\/posts\/2672\/revisions"}],"predecessor-version":[{"id":2674,"href":"https:\/\/tveventos.tv.br\/index.php?rest_route=\/wp\/v2\/posts\/2672\/revisions\/2674"}],"wp:featuredmedia":[{"embeddable":true,"href":"https:\/\/tveventos.tv.br\/index.php?rest_route=\/wp\/v2\/media\/2673"}],"wp:attachment":[{"href":"https:\/\/tveventos.tv.br\/index.php?rest_route=%2Fwp%2Fv2%2Fmedia&parent=2672"}],"wp:term":[{"taxonomy":"category","embeddable":true,"href":"https:\/\/tveventos.tv.br\/index.php?rest_route=%2Fwp%2Fv2%2Fcategories&post=2672"},{"taxonomy":"post_tag","embeddable":true,"href":"https:\/\/tveventos.tv.br\/index.php?rest_route=%2Fwp%2Fv2%2Ftags&post=2672"}],"curies":[{"name":"wp","href":"https:\/\/api.w.org\/{rel}","templated":true}]}}