{"id":2675,"date":"2024-07-29T11:09:54","date_gmt":"2024-07-29T14:09:54","guid":{"rendered":"https:\/\/tveventos.tv.br\/?p=2675"},"modified":"2024-07-29T11:09:58","modified_gmt":"2024-07-29T14:09:58","slug":"total-express-leva-estrutura-recorde-e-solucoes-tecnologicas-para-o-transporte-de-encomendas-ao-forum-e-commerce-brasil","status":"publish","type":"post","link":"https:\/\/tveventos.tv.br\/?p=2675","title":{"rendered":"Total Express leva estrutura recorde e solu\u00e7\u00f5es tecnol\u00f3gicas para o transporte de encomendas ao F\u00f3rum E-Commerce Brasil"},"content":{"rendered":"\n<p class=\"has-text-align-center\"><em>Empresa ir\u00e1 demonstrar tecnologias baseadas em IA adaptadas a processos log\u00edsticos em um espa\u00e7o de ativa\u00e7\u00f5es interativas<\/em>.<\/p>\n\n\n\n<p>A 15\u00aa edi\u00e7\u00e3o do F\u00f3rum E-Commerce Brasil, que acontece entre 30 de julho e 1\u00ba de agosto, no Distrito Anhembi, promete marcar o calend\u00e1rio de eventos do setor de Varejo e Tecnologia no Brasil. Focado em promover uma grande imers\u00e3o no segmento, troca de experi\u00eancias e networking qualificado, o f\u00f3rum, maior evento de e-commerce do mundo e o principal da Am\u00e9rica Latina, organizado pelo portal E-Commerce Brasil, contar\u00e1 com a presen\u00e7a da Total Express, um dos principais players de log\u00edstica integrada do pa\u00eds.<br><br>Apresentando o maior estande da sua hist\u00f3ria, com 100 m\u00b2,&nbsp;a&nbsp;Total Express, que atua h\u00e1 30 anos no mercado, levar\u00e1 ao evento din\u00e2micas interativas para demonstrar na pr\u00e1tica a efici\u00eancia das suas solu\u00e7\u00f5es log\u00edsticas e a intelig\u00eancia tecnol\u00f3gica adaptada aos processos log\u00edsticos da empresa. \u201cMarcaremos presen\u00e7a em um dos mais importantes eventos do setor de e-commerce, apresentando o que oferecemos de melhor: solu\u00e7\u00f5es em log\u00edstica inovadoras e integradas para os nossos clientes. Convidamos os visitantes do evento para conhecer de perto o funcionamento de cada etapa da nossa opera\u00e7\u00e3o e entender o porqu\u00ea somos refer\u00eancia em desenvolver e aplicar a Intelig\u00eancia Artificial e o conceito de dados dentro da nossa opera\u00e7\u00e3o com impacto de ponta a ponta para os nossos parceiros\u201d, afirma Juliano De Conti, CIO da Total Express.<br><br>Com direito a surpresas e uso de tecnologia de ponta, a Total Express ir\u00e1 demonstrar as aplica\u00e7\u00f5es de Intelig\u00eancia Artificial em sua opera\u00e7\u00e3o por meio de din\u00e2micas interativas e experi\u00eancias imersivas que demonstram a otimiza\u00e7\u00e3o da efici\u00eancia log\u00edstica desde o pedido at\u00e9 a roteiriza\u00e7\u00e3o das entregas.<br><br>Al\u00e9m disso, os visitantes ter\u00e3o a oportunidade de conhecer e tirar suas d\u00favidas sobre os principais produtos e servi\u00e7os da Total Express voltados para e-commerce com o time comercial e de produtos da empresa, que estar\u00e1 \u00e0 disposi\u00e7\u00e3o durante os 3 dias de evento.<br><br><strong>Palestras e Pain\u00e9is com experts em log\u00edstica, Marketing e Tecnologia<\/strong><br><br>Especialmente para o evento, a Total Express tamb\u00e9m montou uma&nbsp;<strong>Sala de Conte\u00fado<\/strong>&nbsp;no pr\u00f3prio estande. Com capacidade para at\u00e9 20 pessoas, a programa\u00e7\u00e3o contar\u00e1 com a participa\u00e7\u00e3o de executivos da empresa e especialistas convidados para promover di\u00e1logos sobre tecnologia, estrat\u00e9gia de marketing digital e de conte\u00fado, tend\u00eancias do varejo, IA, processos log\u00edsticos e experi\u00eancia do cliente.<br><br><strong>Al\u00e9m de tecnologia, sustentabilidade<\/strong><br><br>O estande da Total Express contar\u00e1 com solu\u00e7\u00f5es tecnol\u00f3gicas para o transporte de encomendas e Intelig\u00eancia Artificial, al\u00e9m de ter sido desenvolvido com base em conceito totalmente sustent\u00e1vel, 100% Carbon Free, com a utiliza\u00e7\u00e3o de madeira de reflorestamento e componentes biodegrad\u00e1veis nos materiais da composi\u00e7\u00e3o de sua estrutura.<br><br>\u201cVamos levar o maior estande j\u00e1 montado pela empresa em eventos at\u00e9 hoje e queremos que ele reflita tamb\u00e9m o compromisso com as quest\u00f5es ambientais e de ESG, que fazem parte do nosso dia a dia na companhia\u201d, explica o CIO.<br><br>Da concep\u00e7\u00e3o ao transporte do time de staff, foi realizada a implementa\u00e7\u00e3o de iniciativas sustent\u00e1veis, especificamente falando do deslocamento do staff ao evento, haver\u00e1 a compensa\u00e7\u00e3o da emiss\u00e3o de gases de efeito estufa por meio da iniciativa Frete Neutro.<br>&nbsp;<\/p>\n\n\n\n<p><strong><u>Servi\u00e7o<\/u><\/strong><\/p>\n\n\n\n<p><strong>F\u00f3rum E-Commerce Brasil 2024<\/strong><\/p>\n\n\n\n<p><strong>Local:<\/strong>&nbsp;Distrito Anhembi, localizado \u00e0 avenida Olavo Fontoura, 1209 \u2013 Santana &#8211; S\u00e3o Paulo\/SP<\/p>\n\n\n\n<p><strong>Data:<\/strong>&nbsp;30\/07, das 15h \u00e0s 20h; 31\/07, das 8h30 \u00e0s 20h e 1\u00ba de agosto, das 8h30 \u00e0s 21h<\/p>\n\n\n\n<p><strong>Estande da Total Express:<\/strong>&nbsp;<strong>OF10, localizado na rua H2<\/strong><\/p>\n\n\n\n<p><strong>Mais informa\u00e7\u00f5es:<\/strong>&nbsp;<a href=\"https:\/\/eventos.ecommercebrasil.com.br\/forum\" target=\"_blank\" rel=\"noreferrer noopener\">Link<\/a>&nbsp;<\/p>\n\n\n\n<p><strong>Programa\u00e7\u00e3o| Sala de Conte\u00fado (aberta ao p\u00fablico)<\/strong><\/p>\n\n\n\n<ul class=\"wp-block-list\">\n<li><strong>Dia 30\/07, das 16h30 \u00e0s 17h10<\/strong><\/li>\n<\/ul>\n\n\n\n<p>Tema: O segredo para sair do Zero a 1 Milh\u00e3o<\/p>\n\n\n\n<p>Palestrantes: Guilherme Novo &#8211; Analista de Performance da Total Express<\/p>\n\n\n\n<p>Vitor Vargas &#8211; S\u00f3cio &#8211; Hawscale<\/p>\n\n\n\n<ul class=\"wp-block-list\">\n<li><strong>Dia 30\/07, das 17h30 \u00e0s 18h10<\/strong><\/li>\n<\/ul>\n\n\n\n<p>Tema: Como aumentar o ticket m\u00e9dio e a taxa de convers\u00e3o no seu e-commerce com conte\u00fado<\/p>\n\n\n\n<p>Palestrantes: Adelle Honain &#8211; Coordenadora de Comunica\u00e7\u00e3o da Total Express<\/p>\n\n\n\n<p>Rafael Rez &#8211; CMO da Web Estrat\u00e9gica<\/p>\n\n\n\n<ul class=\"wp-block-list\">\n<li><strong>Dia 31\/07, das 10h30 \u00e0s 11h10<\/strong><\/li>\n<\/ul>\n\n\n\n<p>Tema: Ecossistema de solu\u00e7\u00f5es integradas e tecnologias avan\u00e7adas<\/p>\n\n\n\n<p>Palestrantes: Silvana Maschio &#8211; Coordenadora de Parcerias da Total Express<\/p>\n\n\n\n<p>Adriano Rengel &#8211; Gerente de Produto &#8211; Transportes da Magazord<\/p>\n\n\n\n<ul class=\"wp-block-list\">\n<li><strong>Dia 31\/07, das 11h30 \u00e0s 12h10<\/strong><\/li>\n<\/ul>\n\n\n\n<p>Tema: A revolu\u00e7\u00e3o da experi\u00eancia do cliente atrav\u00e9s do uso de tecnologias integradas<\/p>\n\n\n\n<p>Palestrantes: Danilo Freitas &#8211; Gerente de Projetos e Melhoria Cont\u00ednua CX da Total Express<\/p>\n\n\n\n<p>Vinicius Heidenreich &#8211; Gerente de Projetos &#8211; TI da CI&amp;T<\/p>\n\n\n\n<ul class=\"wp-block-list\">\n<li><strong>Dia 31\/07, das 14h30 \u00e0s 15h10<\/strong><\/li>\n<\/ul>\n\n\n\n<p>Tema: Log\u00edstica como alavanca de experi\u00eancia do cliente<\/p>\n\n\n\n<p>Palestrantes: Fernanda Begiato &#8211; Head Comercial de Key Accounts da Total Express<\/p>\n\n\n\n<p>Helena Romeiro &#8211; Head de Transportes da Amazon<\/p>\n\n\n\n<ul class=\"wp-block-list\">\n<li><strong>Dia 31\/07, das 16h \u00e0s 16h40<\/strong><\/li>\n<\/ul>\n\n\n\n<p>Tema: A Intelig\u00eancia Artificial na estrat\u00e9gia empresarial: desafios e oportunidades<\/p>\n\n\n\n<p>Palestrantes: Juliano de Conti &#8211; Diretor de TI (CIO) da Total Express<\/p>\n\n\n\n<p>Filipe Silva &#8211; Head of Data &amp; Analytics da Total Express<\/p>\n\n\n\n<ul class=\"wp-block-list\">\n<li><strong>Dia 01\/07, das 10h30 \u00e0s 11h10<\/strong><\/li>\n<\/ul>\n\n\n\n<p>Tela: Potencializa\u00e7\u00e3o do canal de vendas direta por meio de entregas r\u00e1pidas<\/p>\n\n\n\n<p>Palestrantes: Marcelo Akabane &#8211; Gerente de Produtos da Total Express<\/p>\n\n\n\n<p>Marcos Mascarenhas &#8211; Coordenador de Transportes da L&#8217;Occitane<\/p>\n\n\n\n<ul class=\"wp-block-list\">\n<li><strong>Dia 01\/07, das 11h30 \u00e0s 12h10<\/strong>\u00a0<\/li>\n<\/ul>\n\n\n\n<p>Tema: Transforma\u00e7\u00e3o Digital no Varejo: Inova\u00e7\u00f5es e Estrat\u00e9gias no Mercado B2B Online<\/p>\n\n\n\n<p>Palestrantes: Greice Coelho &#8211; Gerente de Produto<\/p>\n\n\n\n<p>Rafael Fetter &#8211; CEO do Grupo MVX<\/p>\n\n\n\n<ul class=\"wp-block-list\">\n<li><strong>Dia 01\/07, das 14h30 \u00e0s 15h10<\/strong><\/li>\n<\/ul>\n\n\n\n<p>Tema: Log\u00edstica e Marketing Digital: Impulsionando Pequenas e M\u00e9dias empresas no e-commerce<\/p>\n\n\n\n<p>Palestrantes: Marcus Tadim &#8211; Head Comercial da Total Express<\/p>\n\n\n\n<p>Christopher Neiverth &#8211; CEO da Allomni<br>&nbsp;<\/p>\n\n\n\n<p>J\u00e1 a programa\u00e7\u00e3o oficial do F\u00f3rum E-Commerce Brasil contar\u00e1 com a participa\u00e7\u00e3o de especialistas da Total Express na discuss\u00e3o sobre o futuro da log\u00edstica.<\/p>\n\n\n\n<p><strong>Confira abaixo a programa\u00e7\u00e3o:<\/strong><\/p>\n\n\n\n<ul class=\"wp-block-list\">\n<li><strong>31\/07, das 12h55 \u00e0s 13h30<\/strong><\/li>\n<\/ul>\n\n\n\n<p>Plen\u00e1ria de Marketplace<\/p>\n\n\n\n<p>Tema: A evolu\u00e7\u00e3o da log\u00edstica \u2013 processos e tecnologia at\u00e9 o last mile<\/p>\n\n\n\n<p>Painelistas<\/p>\n\n\n\n<p>&#8211; Eduardo Mayerhofer Peixoto \u2013 VP Comercial \u2013 Total Express<\/p>\n\n\n\n<p>&#8211; William Tang \u2013 Diretor de Opera\u00e7\u00f5es \u2013 Alibaba\/AliExpress<\/p>\n\n\n\n<p>&#8211; Sandro Almeida \u2013 Diretor de Neg\u00f3cios &#8211; Correios<\/p>\n\n\n\n<ul class=\"wp-block-list\">\n<li><strong>01\/08, das 16:50 \u00e0s 17h05<\/strong><\/li>\n<\/ul>\n\n\n\n<p>Plen\u00e1ria Solu\u00e7\u00f5es<\/p>\n\n\n\n<p>Tema: Processos aduaneiros nas opera\u00e7\u00f5es Cross Border<\/p>\n\n\n\n<p>Painelistas<\/p>\n\n\n\n<p>&#8211; Thiago Brito \u2013 Head Comercial Internacional \u2013 Total Express<\/p>\n\n\n\n<p>&#8211; Ros\u00e2ngela Moreira Rodrigues \u2013 Chefe da Divis\u00e3o de Controles Aduaneiros Especiais da Receita Federal do Brasil<br>&nbsp;<\/p>\n\n\n\n<p><strong>SOBRE A TOTAL EXPRESS<\/strong><\/p>\n\n\n\n<p>Precursora na log\u00edstica para e-commerce no Brasil h\u00e1 mais de 30 anos, a Total Express possui uma alta capacidade de entregas em 100% do territ\u00f3rio nacional, trabalhando com op\u00e7\u00f5es r\u00e1pidas e otimizadas de entrega e retirada de produtos. Realiza mais de 100 milh\u00f5es de entregas por ano, com cerca de 94% dos acessos do e-commerce nacional, com mais de 32 mil clientes de todos os portes. A empresa possui uma estrutura robusta com mais de 24 HUBs com malhas regionais, mais de 120 bases last mile espalhados pelo pa\u00eds e 2 Mega Hubs localizados em Jundia\u00ed (SP) e Barueri, regi\u00e3o metropolitana de S\u00e3o Paulo. Com muitas solu\u00e7\u00f5es e intelig\u00eancia embarcadas na opera\u00e7\u00e3o, a Total Express possui capacidade de processar mais de 1 milh\u00e3o de volumes por dia.<\/p>\n","protected":false},"excerpt":{"rendered":"<p>Empresa ir\u00e1 demonstrar tecnologias baseadas em IA adaptadas a processos log\u00edsticos em um espa\u00e7o de ativa\u00e7\u00f5es interativas. A 15\u00aa edi\u00e7\u00e3o do F\u00f3rum E-Commerce Brasil, que acontece entre 30 de julho e 1\u00ba de agosto, no Distrito Anhembi, promete marcar o calend\u00e1rio de eventos do setor de Varejo e Tecnologia no Brasil. Focado em promover uma [&hellip;]<\/p>\n","protected":false},"author":2,"featured_media":2676,"comment_status":"open","ping_status":"open","sticky":false,"template":"","format":"standard","meta":{"footnotes":""},"categories":[23],"tags":[],"class_list":{"0":"post-2675","1":"post","2":"type-post","3":"status-publish","4":"format-standard","5":"has-post-thumbnail","7":"category-feirasdenegocios"},"_links":{"self":[{"href":"https:\/\/tveventos.tv.br\/index.php?rest_route=\/wp\/v2\/posts\/2675","targetHints":{"allow":["GET"]}}],"collection":[{"href":"https:\/\/tveventos.tv.br\/index.php?rest_route=\/wp\/v2\/posts"}],"about":[{"href":"https:\/\/tveventos.tv.br\/index.php?rest_route=\/wp\/v2\/types\/post"}],"author":[{"embeddable":true,"href":"https:\/\/tveventos.tv.br\/index.php?rest_route=\/wp\/v2\/users\/2"}],"replies":[{"embeddable":true,"href":"https:\/\/tveventos.tv.br\/index.php?rest_route=%2Fwp%2Fv2%2Fcomments&post=2675"}],"version-history":[{"count":1,"href":"https:\/\/tveventos.tv.br\/index.php?rest_route=\/wp\/v2\/posts\/2675\/revisions"}],"predecessor-version":[{"id":2677,"href":"https:\/\/tveventos.tv.br\/index.php?rest_route=\/wp\/v2\/posts\/2675\/revisions\/2677"}],"wp:featuredmedia":[{"embeddable":true,"href":"https:\/\/tveventos.tv.br\/index.php?rest_route=\/wp\/v2\/media\/2676"}],"wp:attachment":[{"href":"https:\/\/tveventos.tv.br\/index.php?rest_route=%2Fwp%2Fv2%2Fmedia&parent=2675"}],"wp:term":[{"taxonomy":"category","embeddable":true,"href":"https:\/\/tveventos.tv.br\/index.php?rest_route=%2Fwp%2Fv2%2Fcategories&post=2675"},{"taxonomy":"post_tag","embeddable":true,"href":"https:\/\/tveventos.tv.br\/index.php?rest_route=%2Fwp%2Fv2%2Ftags&post=2675"}],"curies":[{"name":"wp","href":"https:\/\/api.w.org\/{rel}","templated":true}]}}