{"id":2678,"date":"2024-07-29T11:40:56","date_gmt":"2024-07-29T14:40:56","guid":{"rendered":"https:\/\/tveventos.tv.br\/?p=2678"},"modified":"2024-07-29T11:40:59","modified_gmt":"2024-07-29T14:40:59","slug":"13a-edicao-da-abcasa-fair-inovacao-e-sustentabilidade-no-mundo-da-decoracao","status":"publish","type":"post","link":"https:\/\/tveventos.tv.br\/?p=2678","title":{"rendered":"13\u00aa edi\u00e7\u00e3o da ABCasa Fair: inova\u00e7\u00e3o e sustentabilidade no mundo da decora\u00e7\u00e3o"},"content":{"rendered":"\n<p class=\"has-text-align-center\"><em>De tapetes de juta a carrinhos de bebidas feitos de rattan, o mercado home e d\u00e9cor se prepara para um segundo semestre otimista<\/em>.<\/p>\n\n\n\n<p>Organizada pela ABCasa ((Associa\u00e7\u00e3o Brasileira de Artigos para a Casa, Decora\u00e7\u00e3o, Presentes, Utilidades Dom\u00e9sticas, Festas, Flores e T\u00eaxtil), a ABCasa Fair, principal feira de neg\u00f3cios B2B do setor de casa e decora\u00e7\u00e3o da Am\u00e9rica Latina, chega em sua 13\u00aa edi\u00e7\u00e3o, que acontece de 14 a 17 de agosto no Expo Center Norte, reunindo mais de 400 marcas que apresentam as \u00faltimas tend\u00eancias e lan\u00e7amentos do pr\u00f3ximo semestre de 2024.&nbsp;<\/p>\n\n\n\n<p>E no segmento de decora\u00e7\u00e3o, um dos mais aguardados pelos visitantes, as marcas expositoras apresentam itens mais sustent\u00e1veis e de personalidade. Entre os destaques est\u00e1 a Via Star, que lan\u00e7a sua linha de tapetes feitos de fontes naturais, vegetais e minerais, como a Juta. Conhecida por sua flexibilidade, resist\u00eancia e beleza, a juta oferece um toque macio e suave, ideal para \u00e1reas externas cobertas e ambientes r\u00fasticos ou modernos, trazendo um toque natural e aconchegante para os lares brasileiros.\u00a0<br><\/p>\n\n\n\n<p>Reconhecida por seus produtos inovadores e sustent\u00e1veis, a Bias\u00e1 Home apresenta uma linha de itens sofisticados como o Carrinho de Bebida Rattan Dublin e a Estante Rattan Magret, que combinam eleg\u00e2ncia e funcionalidade. O destaque da marca est\u00e1 na utiliza\u00e7\u00e3o de fibras naturais e no apoio \u00e0 economia circular, promovendo sustentabilidade e respeito ao meio ambiente.&nbsp;<\/p>\n\n\n\n<p><\/p>\n\n\n\n<p>Outra novidade da marca para a pr\u00f3xima edi\u00e7\u00e3o da ABCasa Fair ser\u00e1 o Bangalo Teca Paradise, feito de madeira teca, que est\u00e1 entre as&nbsp;mat\u00e9rias-primas preferidas dos brasileiros por alguns motivos consider\u00e1veis. Entre eles, a beleza, a durabilidade e a resist\u00eancia.&nbsp;O Bangal\u00f4 \u00e9 ideal para ambientes externos, dando um toque de sofistica\u00e7\u00e3o e charme para quem busca um espa\u00e7o confort\u00e1vel e aconchegante.&nbsp;<\/p>\n\n\n\n<p>Segundo Anderson Passos, diretor-executivo da ABCasa, a utiliza\u00e7\u00e3o de fibras naturais em tape\u00e7aria, m\u00f3veis e itens de decora\u00e7\u00e3o tem se tornado cada vez mais comum. &#8220;Na edi\u00e7\u00e3o de fevereiro deste ano, observamos muitos expositores apresentando uma ampla variedade de produtos feitos a partir dessas mat\u00e9rias-primas sustent\u00e1veis, que foram extremamente bem aceitos pelo consumidor final. Em agosto, a presen\u00e7a dessas fibras \u00e9 ainda mais marcante, refor\u00e7ando que a sustentabilidade n\u00e3o \u00e9 apenas uma tend\u00eancia passageira, mas uma realidade consolidada no mercado.&#8221;.<\/p>\n\n\n\n<p><strong>Vidros coloridos e a personalidade na decora\u00e7\u00e3o<\/strong><\/p>\n\n\n\n<p>Estreando na ABCasa Fair, a Vanessa Taques apresenta sua cole\u00e7\u00e3o repleta de pe\u00e7as \u00fanicas desenvolvidas pela pr\u00f3pria CEO, Vanessa. A nova linha de produtos reflete o momento atual e o compromisso da marca com a sustentabilidade, com materiais disruptivos que contribuem com o avan\u00e7o da ind\u00fastria de artigos para casa e decora\u00e7\u00e3o. Os visitantes encontrar\u00e3o nesta edi\u00e7\u00e3o, produtos cheios de personalidade e que navegam por v\u00e1rios estilos, do contempor\u00e2neo ao cl\u00e1ssico.<\/p>\n\n\n\n<p>Outro expositor que tamb\u00e9m ir\u00e1 apresentar uma cole\u00e7\u00e3o mais colorida \u00e9 a Ribeiro e Pavani, com sua linha de Ta\u00e7a Colors, uma cole\u00e7\u00e3o de ta\u00e7as coloridas artesanalmente, que harmonizam tons suaves e formas org\u00e2nicas, adicionando um toque de leveza e sofistica\u00e7\u00e3o \u00e0s mesas.<br><\/p>\n\n\n\n<p>A marca Dias de Maria, reconhecida por suas releituras de imagens religiosas, tamb\u00e9m marca presen\u00e7a, transformando a f\u00e9 em objetos de decora\u00e7\u00e3o que podem ser integrados \u00e0 qualquer ambiente.<br><\/p>\n\n\n\n<p>J\u00e1 a Acqua Aroma celebra seus 20 anos com a Cole\u00e7\u00e3o Ess\u00eancias da Terra, que inclui difusores de varetas, sabonetes l\u00edquidos e bandejas decorativas. A cole\u00e7\u00e3o homenageia elementos naturais como Terracota, Areia e Folhas Verdes, proporcionando uma experi\u00eancia sensorial \u00fanica. A marca tamb\u00e9m lan\u00e7a a Cole\u00e7\u00e3o Gourmet, com produtos espec\u00edficos para eliminar odores indesejados na cozinha.<\/p>\n\n\n\n<p>Com mais de 100 expositores do segmento de decora\u00e7\u00e3o confirmados para a 13\u00aa edi\u00e7\u00e3o da ABCasa Fair, o evento se posiciona como o epicentro de lan\u00e7amentos e tend\u00eancias para o mercado. Para agosto, a feira se inspira na cor do ano escolhida pela WGSN,&nbsp;autoridade global em previs\u00e3o de tend\u00eancias de consumo: a Apricot Crush.&nbsp;<\/p>\n\n\n\n<p>O evento tamb\u00e9m promove uma agenda exclusiva de palestras e conte\u00fados com convidados especialistas no setor de casa e decora\u00e7\u00e3o, vendas, marketing digital e outros temas que auxiliam no desenvolvimento dos neg\u00f3cios dos visitantes.&nbsp;<\/p>\n\n\n\n<p><strong>Servi\u00e7o:<\/strong><\/p>\n\n\n\n<p>Expo Center Norte<br>Jos\u00e9 Bernardo Pinto, 333 \u2013 Vila Guilherme, 02055-000 \u2013 S\u00e3o Paulo \u2013 SP<br>14 a 17 de agosto de 2024&nbsp;<\/p>\n\n\n\n<p>Hor\u00e1rios:<br>Primeiros 3 dias: 10h \u00e0s 20h | \u00faltimo dia: 10h \u00e0s 17h<br><br>A abertura dos port\u00f5es acontece 1 hora antes do in\u00edcio do evento, \u00e0s 9h.<br>Link para credenciamento:&nbsp;<a href=\"https:\/\/abcasafair.com.br\/\" target=\"_blank\" rel=\"noreferrer noopener\">https:\/\/abcasafair.com.br\/<\/a><\/p>\n","protected":false},"excerpt":{"rendered":"<p>De tapetes de juta a carrinhos de bebidas feitos de rattan, o mercado home e d\u00e9cor se prepara para um segundo semestre otimista. Organizada pela ABCasa ((Associa\u00e7\u00e3o Brasileira de Artigos para a Casa, Decora\u00e7\u00e3o, Presentes, Utilidades Dom\u00e9sticas, Festas, Flores e T\u00eaxtil), a ABCasa Fair, principal feira de neg\u00f3cios B2B do setor de casa e decora\u00e7\u00e3o [&hellip;]<\/p>\n","protected":false},"author":2,"featured_media":2679,"comment_status":"open","ping_status":"open","sticky":false,"template":"","format":"standard","meta":{"footnotes":""},"categories":[23],"tags":[],"class_list":{"0":"post-2678","1":"post","2":"type-post","3":"status-publish","4":"format-standard","5":"has-post-thumbnail","7":"category-feirasdenegocios"},"_links":{"self":[{"href":"https:\/\/tveventos.tv.br\/index.php?rest_route=\/wp\/v2\/posts\/2678","targetHints":{"allow":["GET"]}}],"collection":[{"href":"https:\/\/tveventos.tv.br\/index.php?rest_route=\/wp\/v2\/posts"}],"about":[{"href":"https:\/\/tveventos.tv.br\/index.php?rest_route=\/wp\/v2\/types\/post"}],"author":[{"embeddable":true,"href":"https:\/\/tveventos.tv.br\/index.php?rest_route=\/wp\/v2\/users\/2"}],"replies":[{"embeddable":true,"href":"https:\/\/tveventos.tv.br\/index.php?rest_route=%2Fwp%2Fv2%2Fcomments&post=2678"}],"version-history":[{"count":1,"href":"https:\/\/tveventos.tv.br\/index.php?rest_route=\/wp\/v2\/posts\/2678\/revisions"}],"predecessor-version":[{"id":2680,"href":"https:\/\/tveventos.tv.br\/index.php?rest_route=\/wp\/v2\/posts\/2678\/revisions\/2680"}],"wp:featuredmedia":[{"embeddable":true,"href":"https:\/\/tveventos.tv.br\/index.php?rest_route=\/wp\/v2\/media\/2679"}],"wp:attachment":[{"href":"https:\/\/tveventos.tv.br\/index.php?rest_route=%2Fwp%2Fv2%2Fmedia&parent=2678"}],"wp:term":[{"taxonomy":"category","embeddable":true,"href":"https:\/\/tveventos.tv.br\/index.php?rest_route=%2Fwp%2Fv2%2Fcategories&post=2678"},{"taxonomy":"post_tag","embeddable":true,"href":"https:\/\/tveventos.tv.br\/index.php?rest_route=%2Fwp%2Fv2%2Ftags&post=2678"}],"curies":[{"name":"wp","href":"https:\/\/api.w.org\/{rel}","templated":true}]}}