{"id":2681,"date":"2024-07-29T18:08:34","date_gmt":"2024-07-29T21:08:34","guid":{"rendered":"https:\/\/tveventos.tv.br\/?p=2681"},"modified":"2024-07-29T18:08:37","modified_gmt":"2024-07-29T21:08:37","slug":"fenasucro-agrocana-neutraliza-emissoes-de-co%e2%82%82-em-parceria-com-a-canaoeste","status":"publish","type":"post","link":"https:\/\/tveventos.tv.br\/?p=2681","title":{"rendered":"Fenasucro &amp; Agrocana neutraliza emiss\u00f5es de CO\u2082 em parceria com a Canaoeste"},"content":{"rendered":"\n<p class=\"has-text-align-center\"><em>Cadeia produtiva da bioenergia desempenha um papel primordial para mitigar os impactos causados pelo aumento da emiss\u00e3o de gases de efeito estufa na atmosfera<\/em>.<\/p>\n\n\n\n<p>Comprovando na pr\u00e1tica que a sustentabilidade \u00e9 um de seus pilares, a Fenasucro &amp; Agrocana \u2013 refer\u00eancia mundial em atualiza\u00e7\u00e3o profissional, networking e gera\u00e7\u00e3o de neg\u00f3cios no setor da bioenergia \u2013 firmou uma importante parceria com a Canaoeste (Associa\u00e7\u00e3o dos Plantadores de Cana do Oeste do Estado de S\u00e3o Paulo). Por meio do Programa CanaoesteGREEN, as emiss\u00f5es de di\u00f3xido de carbono (CO\u2082) nas \u00e1reas comuns da feira &#8211; que ser\u00e1 realizada de 13 a 16 de agosto, em Sert\u00e3ozinho\/SP &#8211; ser\u00e3o neutralizadas.<\/p>\n\n\n\n<p>A iniciativa, in\u00e9dita, est\u00e1 devidamente alinhada aos prop\u00f3sitos da RX Brasil, respons\u00e1vel pela organiza\u00e7\u00e3o e promo\u00e7\u00e3o do evento, que vem trabalhando para cortar o volume de emiss\u00f5es de gases de efeito estufa pela metade at\u00e9 2030 e atingir o zero l\u00edquido at\u00e9 2040.<\/p>\n\n\n\n<p>\u201cSabemos que o aumento das emiss\u00f5es de gases de efeito estufa, principalmente do di\u00f3xido de carbono (CO\u2082), t\u00eam acelerado o aquecimento global. As mudan\u00e7as clim\u00e1ticas representam um dos maiores desafios da atualidade, impactando diferentes ecossistemas e, consequentemente, a economia e a sociedade. Mitigar esses efeitos deve ser um compromisso de todos\u201d, afirma o diretor da Fenasucro &amp; Agrocana, Paulo Montabone. \u201cA cadeia produtiva da bioenergia desempenha um papel primordial para conquistarmos bons resultados rumo a um futuro mais perene, sustent\u00e1vel e promissor\u201d, enfatiza.<\/p>\n\n\n\n<p><strong>Neutraliza\u00e7\u00e3o do carbono<\/strong><\/p>\n\n\n\n<p>O mecanismo de neutraliza\u00e7\u00e3o acontecer\u00e1 da seguinte forma: os gases lan\u00e7ados na atmosfera pelas \u00e1reas comuns da feira ser\u00e3o calculados, de forma automatizada em uma plataforma digital elaborada pela parceira GMG Ambiental, e compensados por meio de cr\u00e9ditos gerados pelos produtores associados \u00e0 Canaoeste, que adotam pr\u00e1ticas ecol\u00f3gicas e s\u00e3o respons\u00e1veis pela preserva\u00e7\u00e3o e manuten\u00e7\u00e3o das \u00e1reas de vegeta\u00e7\u00e3o nativa existentes em suas propriedades.<\/p>\n\n\n\n<p>\u201cOs c\u00e1lculos das emiss\u00f5es ser\u00e3o analisados com base no Escopo 01 e Escopo 02, inicialmente. As fontes para esse protocolo foram os res\u00edduos gerados a partir da montagem e desmontagem dos estandes, como por exemplo: madeira, tecido, ferragens, lonas (pl\u00e1sticos) e papel. Consumo de energia de cada estande, por fim, o combust\u00edvel para deslocamento de funcion\u00e1rios na montagem e desmontagem dos estandes e dias trabalhados durante a feira\u201d, explica Almir Torcato, gestor executivo da Canaoeste.<\/p>\n\n\n\n<p>Os expositores ter\u00e3o \u00e0 sua disposi\u00e7\u00e3o uma calculadora para mensurar as emiss\u00f5es de seus estandes e poder\u00e3o aderir ao programa de neutraliza\u00e7\u00e3o.<\/p>\n\n\n\n<p>\u201cEstaremos dando oportunidade aos participantes da feira. Uma forma pr\u00e1tica de reduzir as emiss\u00f5es de carbono por meio do CanaoesteGREEN, que valoriza o esfor\u00e7o dos nossos produtores em atuar de forma sustent\u00e1vel na preserva\u00e7\u00e3o do meio ambiente nas \u00e1reas dos canaviais. A ades\u00e3o ao programa, por parte dos expositores, mostra que promover a sustentabilidade \u00e9 uma a\u00e7\u00e3o que est\u00e1 ao alcance de todos\u201d, observa Torcato.<\/p>\n\n\n\n<p>Este ano, a Canaoeste tamb\u00e9m \u00e9 patrocinadora da Arena de Sustentabilidade na 30\u00aa edi\u00e7\u00e3o da Fenasucro &amp; Agrocana, um espa\u00e7o exclusivo em que a sigla ESG \u00e9 protagonista e que contar\u00e1 com uma programa\u00e7\u00e3o repleta de conte\u00fados de relev\u00e2ncia para o setor.<\/p>\n\n\n\n<p><strong>Credenciamento<\/strong><\/p>\n\n\n\n<p>O credenciamento on-line para a edi\u00e7\u00e3o de 30 anos da Fenasucro &amp; Agrocana j\u00e1 est\u00e1 aberto, \u00e9 v\u00e1lido para&nbsp;<a href=\"https:\/\/na.eventscloud.com\/778756?categoryid=5132119\" target=\"_blank\" rel=\"noreferrer noopener\">visitantes<\/a>,&nbsp;<a href=\"https:\/\/na.eventscloud.com\/778756?categoryid=5132116\" target=\"_blank\" rel=\"noreferrer noopener\">imprensa<\/a>&nbsp;e&nbsp;<a href=\"https:\/\/na.eventscloud.com\/778756?categoryid=5132115\" target=\"_blank\" rel=\"noreferrer noopener\">assessorias<\/a>&nbsp;e pode ser feito por meio do&nbsp;<a href=\"https:\/\/www.fenasucro.com.br\/\" target=\"_blank\" rel=\"noreferrer noopener\">site<\/a>.<\/p>\n\n\n\n<p><strong>Sobre a Fenasucro &amp; Agrocana<\/strong><\/p>\n\n\n\n<p>A&nbsp;<a href=\"https:\/\/www.fenasucro.com.br\/pt-br.html\" target=\"_blank\" rel=\"noreferrer noopener\">Fenasucro &amp; Agrocana<\/a>&nbsp;(Feira Mundial da Bioenergia) realizar\u00e1 sua 30\u00aa edi\u00e7\u00e3o entre os dias 13 e 16 de agosto, no Centro de Eventos Zanini, em Sert\u00e3ozinho (SP). O evento, que tem apoio oficial exclusivo do CEISE Br e organiza\u00e7\u00e3o e promo\u00e7\u00e3o da RX Brasil, \u00e9 o \u00fanico evento do mundo exclusivamente voltado \u00e0 toda cadeia de produ\u00e7\u00e3o bioenerg\u00e9tica. Re\u00fane, anualmente, milhares de profissionais de usinas, ind\u00fastrias de alimentos e bebidas, papel e celulose, transporte e log\u00edstica e distribuidoras e comercializadoras de energia do Brasil e de mais 53 pa\u00edses do mundo.<\/p>\n\n\n\n<p><strong>RX<\/strong>&nbsp;<\/p>\n\n\n\n<p>A&nbsp;<a href=\"https:\/\/rxglobal.com\/rx-brazil\" target=\"_blank\" rel=\"noreferrer noopener\">RX<\/a>&nbsp;oferece oportunidades de conex\u00e3o e constru\u00e7\u00e3o de neg\u00f3cios para indiv\u00edduos, comunidades e organiza\u00e7\u00f5es. Usamos o poder dos eventos presenciais, combinando dados e produtos digitais para conectar pessoas, oferecendo experi\u00eancias e oportunidades de neg\u00f3cios por meio de mais de 400 eventos realizados em 22 pa\u00edses e 42 diferentes setores da economia. \u00c9 uma empresa dedicada em causar impactos positivos na sociedade e est\u00e1 comprometida em criar um ambiente de trabalho inclusivo para todos.<\/p>\n\n\n\n<p>A&nbsp;<a href=\"https:\/\/rxglobal.com\/rx-brazil\" target=\"_blank\" rel=\"noreferrer noopener\">RX<\/a>&nbsp;faz parte da&nbsp;<a href=\"https:\/\/www.relx.com\/\" target=\"_blank\" rel=\"noreferrer noopener\">RELX<\/a>,&nbsp;um provedor global de an\u00e1lises baseadas em informa\u00e7\u00f5es e ferramentas de decis\u00e3o para profissionais e clientes corporativos.&nbsp;<a href=\"https:\/\/rxglobal.com\/rx-brazil\" target=\"_blank\" rel=\"noreferrer noopener\">RX<\/a>&nbsp;\u2013 In the business of building businesses.&nbsp;<\/p>\n\n\n\n<p><strong>RELX<\/strong>&nbsp;<\/p>\n\n\n\n<p>A&nbsp;<a href=\"https:\/\/www.relx.com\/\" target=\"_blank\" rel=\"noreferrer noopener\">RELX<\/a>&nbsp;\u00e9 uma fornecedora global de ferramentas de an\u00e1lise e decis\u00e3o baseadas em informa\u00e7\u00f5es para clientes profissionais e empresariais. A&nbsp;<a href=\"https:\/\/www.relx.com\/\" target=\"_blank\" rel=\"noreferrer noopener\">RELX<\/a>&nbsp;atende clientes em mais de 180 pa\u00edses e possui escrit\u00f3rios em cerca de 40 pa\u00edses. Emprega mais de 35.000 pessoas, mais de 40% das quais est\u00e3o na Am\u00e9rica do Norte. As a\u00e7\u00f5es da RELX PLC, controladora, s\u00e3o negociadas nas Bolsas de Valores de Londres, Amsterd\u00e3 e Nova York usando os seguintes s\u00edmbolos de ticker: Londres: REL; Amsterd\u00e3: REN; Nova Iorque: RELX.<\/p>\n\n\n\n<p>*Nota: A capitaliza\u00e7\u00e3o de mercado atual pode ser encontrada em&nbsp;<a href=\"https:\/\/www.relx.com\/investors\" target=\"_blank\" rel=\"noreferrer noopener\">Link<\/a>&nbsp;<\/p>\n\n\n\n<p><strong>Sobre o CEISE Br<\/strong><\/p>\n\n\n\n<p>O CEISE Br (Centro Nacional das Ind\u00fastrias do Setor Sucroenerg\u00e9tico e Biocombust\u00edveis) \u00e9 uma organiza\u00e7\u00e3o de destaque no cen\u00e1rio pol\u00edtico institucional brasileiro, dedicada a representar e promover os interesses das ind\u00fastrias atuantes na cadeia bioenerg\u00e9tica.<\/p>\n\n\n\n<p>Com mais de quatro d\u00e9cadas de hist\u00f3ria e com sede em Sert\u00e3ozinho\/SP, o principal polo de desenvolvimento de tecnologias industriais para o setor, o CEISE Br consolidou-se como uma voz influente, capaz de conduzir e articular pol\u00edticas que impactam diretamente a produ\u00e7\u00e3o, regula\u00e7\u00e3o e competitividade das ind\u00fastrias sucroenerg\u00e9ticas e de biocombust\u00edveis no Brasil.<\/p>\n","protected":false},"excerpt":{"rendered":"<p>Cadeia produtiva da bioenergia desempenha um papel primordial para mitigar os impactos causados pelo aumento da emiss\u00e3o de gases de efeito estufa na atmosfera. Comprovando na pr\u00e1tica que a sustentabilidade \u00e9 um de seus pilares, a Fenasucro &amp; Agrocana \u2013 refer\u00eancia mundial em atualiza\u00e7\u00e3o profissional, networking e gera\u00e7\u00e3o de neg\u00f3cios no setor da bioenergia \u2013 [&hellip;]<\/p>\n","protected":false},"author":2,"featured_media":2682,"comment_status":"open","ping_status":"open","sticky":false,"template":"","format":"standard","meta":{"footnotes":""},"categories":[1],"tags":[],"class_list":{"0":"post-2681","1":"post","2":"type-post","3":"status-publish","4":"format-standard","5":"has-post-thumbnail","7":"category-workshopsepalestras"},"_links":{"self":[{"href":"https:\/\/tveventos.tv.br\/index.php?rest_route=\/wp\/v2\/posts\/2681","targetHints":{"allow":["GET"]}}],"collection":[{"href":"https:\/\/tveventos.tv.br\/index.php?rest_route=\/wp\/v2\/posts"}],"about":[{"href":"https:\/\/tveventos.tv.br\/index.php?rest_route=\/wp\/v2\/types\/post"}],"author":[{"embeddable":true,"href":"https:\/\/tveventos.tv.br\/index.php?rest_route=\/wp\/v2\/users\/2"}],"replies":[{"embeddable":true,"href":"https:\/\/tveventos.tv.br\/index.php?rest_route=%2Fwp%2Fv2%2Fcomments&post=2681"}],"version-history":[{"count":1,"href":"https:\/\/tveventos.tv.br\/index.php?rest_route=\/wp\/v2\/posts\/2681\/revisions"}],"predecessor-version":[{"id":2683,"href":"https:\/\/tveventos.tv.br\/index.php?rest_route=\/wp\/v2\/posts\/2681\/revisions\/2683"}],"wp:featuredmedia":[{"embeddable":true,"href":"https:\/\/tveventos.tv.br\/index.php?rest_route=\/wp\/v2\/media\/2682"}],"wp:attachment":[{"href":"https:\/\/tveventos.tv.br\/index.php?rest_route=%2Fwp%2Fv2%2Fmedia&parent=2681"}],"wp:term":[{"taxonomy":"category","embeddable":true,"href":"https:\/\/tveventos.tv.br\/index.php?rest_route=%2Fwp%2Fv2%2Fcategories&post=2681"},{"taxonomy":"post_tag","embeddable":true,"href":"https:\/\/tveventos.tv.br\/index.php?rest_route=%2Fwp%2Fv2%2Ftags&post=2681"}],"curies":[{"name":"wp","href":"https:\/\/api.w.org\/{rel}","templated":true}]}}