{"id":2687,"date":"2024-07-30T10:41:19","date_gmt":"2024-07-30T13:41:19","guid":{"rendered":"https:\/\/tveventos.tv.br\/?p=2687"},"modified":"2024-07-30T10:41:22","modified_gmt":"2024-07-30T13:41:22","slug":"32o-congresso-expofenabrave-anuncia-gabriel-galipolo-e-paulo-cardamone-como-palestrantes","status":"publish","type":"post","link":"https:\/\/tveventos.tv.br\/?p=2687","title":{"rendered":"32\u00ba Congresso &#038; ExpoFenabrave anuncia Gabriel Gal\u00edpolo e Paulo Cardamone como palestrantes"},"content":{"rendered":"\n<p class=\"has-text-align-center\"><em>Diretor de pol\u00edtica monet\u00e1ria do Banco Central e CEO da Bright Consultoria abordar\u00e3o tend\u00eancias da economia e setoriais.<\/em><\/p>\n\n\n\n<p>O 32\u00ba Congresso &amp; ExpoFenabrave j\u00e1 tem mais dois palestrantes confirmados:&nbsp;<strong>Gabriel Gal\u00edpolo<\/strong>, diretor de pol\u00edtica monet\u00e1ria do Banco Central, que conduzir\u00e1 palestra sobre&nbsp;<strong><em>\u201cTend\u00eancias da Economia\u201d,&nbsp;<\/em><\/strong>e<strong>&nbsp;Paulo Cardamone<\/strong>, CEO da Bright Consultoria, que apresentar\u00e1&nbsp;<strong><em>\u201cTend\u00eancias da Ind\u00fastria Automobil\u00edstica: Impactos nas Concession\u00e1rias\u201d.<\/em><\/strong>&nbsp;O evento acontece nos dias 21 e 22 de agosto de 2024, nos Pavilh\u00f5es 1 e 2 do S\u00e3o Paulo Expo. S\u00e3o esperados 6,5 mil visitantes di\u00e1rios.<\/p>\n\n\n\n<p>\u201c<em>A proposta de conte\u00fado para o Congresso \u00e9 discutir os principais temas que podem impactar o Setor da Distribui\u00e7\u00e3o de Ve\u00edculos no Brasil e no mundo, nos pr\u00f3ximos anos, com a vis\u00e3o de profissionais que s\u00e3o refer\u00eancias em suas \u00e1reas. Na palestra sobre economia, Gabriel Gal\u00edpolo nos trar\u00e1 uma vis\u00e3o abrangente sobre as tend\u00eancias do cen\u00e1rio macroecon\u00f4mico nacional, enquanto Paulo Cardamone falar\u00e1 sobre o setor, com a experi\u00eancia de quem tem mais de 40 anos na \u00e1rea automotiva\u201d,<\/em>&nbsp;afirma Andreta Jr., Presidente da FENABRAVE.<\/p>\n\n\n\n<p>Al\u00e9m de Gal\u00edpolo e Cardamone, o evento j\u00e1 tem confirmado nomes como:&nbsp;<strong>Roberto Rodrigues<\/strong>&nbsp;(ex-Ministro da Agricultura, Pecu\u00e1ria e Abastecimento, com a palestra \u201cO Poder do Agroneg\u00f3cio \u2013 Impacto no Setor de Ve\u00edculos\u201d),&nbsp;<strong>Waldemir Cambiucci<\/strong>&nbsp;(Diretor em Inova\u00e7\u00e3o e Tecnologias Emergentes na Microsoft, que discutir\u00e1 \u201cNovas Tecnologias: Intelig\u00eancia Artificial \u2013 Oportunidades de Neg\u00f3cios para o Mercado da Distribui\u00e7\u00e3o de Ve\u00edculos\u201d) e&nbsp;<strong>Miguel Gularte<\/strong>&nbsp;(CEO da BRF, que falar\u00e1 sobre \u201cMarcas Fortes e Sucesso em Diferentes Canais de Venda\u201d).<\/p>\n\n\n\n<p><strong>Sobre o evento<\/strong><\/p>\n\n\n\n<p>Al\u00e9m dos seis superworkshops, o evento ter\u00e1 Arenas de Conte\u00fado na ExpoFenabrave com palestras curtas, e a&nbsp;<em>Avant-Premi\u00e8re<\/em>&nbsp;com reuni\u00f5es exclusivas das Associa\u00e7\u00f5es de Marca, no dia 20 de agosto. A curadoria de conte\u00fado continua sob a lideran\u00e7a de Antonio Maciel Neto, ex-CEO das montadoras Ford e CAOA e fundador da Academia CEO. A Cerim\u00f4nia de Abertura, programada para a manh\u00e3 de 21 de agosto, contar\u00e1 com a presen\u00e7a de autoridades pol\u00edticas e do setor automotivo.<\/p>\n\n\n\n<p>Neste ano, o evento ocupar\u00e1 os pavilh\u00f5es 1 e 2 do S\u00e3o Paulo Expo, oferecendo 25 mil metros quadrados de espa\u00e7o com mais de 200 marcas expositoras e 100 startups.<\/p>\n\n\n\n<p>O 32\u00ba Congresso &amp; ExpoFenabrave tem como patrocinadores: B3, Banco Honda, C6 Bank, GM Financial, Ita\u00fa, Safra Financeira, Santander, Volkswagen Financial Services e Cons\u00f3rcio Yamaha.<\/p>\n\n\n\n<p><strong>Informa\u00e7\u00f5es para imprensa, assessores de comunica\u00e7\u00e3o de expositores e das Associa\u00e7\u00f5es de Marcas<\/strong><\/p>\n\n\n\n<p>Jornalistas de ve\u00edculos de imprensa e assessores de comunica\u00e7\u00e3o das Associa\u00e7\u00f5es de Marcas e das empresas expositoras poder\u00e3o se cadastrar para a cobertura ou acompanhamento de seus assessorados no evento. Os profissionais da comunica\u00e7\u00e3o ter\u00e3o acesso gratuito, n\u00e3o sendo pagas ou reembolsadas despesas de deslocamento ou hospedagens. O credenciamento de imprensa poder\u00e1 ser feito em breve.<\/p>\n\n\n\n<p><strong><u>Servi\u00e7o<\/u><\/strong><\/p>\n\n\n\n<p><strong>32\u00b0 Congresso &amp; ExpoFenabrave<\/strong><\/p>\n\n\n\n<p><strong>Data:<\/strong>&nbsp;21 e 22 de agosto<br><strong>Local:<\/strong>&nbsp;S\u00e3o Paulo Expo Convention Center \u2013 S\u00e3o Paulo (SP)<\/p>\n\n\n\n<p><strong><u>Informa\u00e7\u00f5es<\/u>:<\/strong>&nbsp;<a href=\"http:\/\/www.congresso-fenabrave.com.br\/Home\" target=\"_blank\" rel=\"noreferrer noopener\">http:\/\/www.congresso-fenabrave.com.br\/Home<\/a><\/p>\n\n\n\n<p><strong><u>Contato:<\/u><\/strong>&nbsp;e-mail:&nbsp;<a href=\"mailto:congresso.expo@fenabrave.org.br\" target=\"_blank\" rel=\"noreferrer noopener\">congresso.expo@fenabrave.org.br<\/a>&nbsp;\/ Tel.: (11) 5582-0091<\/p>\n","protected":false},"excerpt":{"rendered":"<p>Diretor de pol\u00edtica monet\u00e1ria do Banco Central e CEO da Bright Consultoria abordar\u00e3o tend\u00eancias da economia e setoriais. O 32\u00ba Congresso &amp; ExpoFenabrave j\u00e1 tem mais dois palestrantes confirmados:&nbsp;Gabriel Gal\u00edpolo, diretor de pol\u00edtica monet\u00e1ria do Banco Central, que conduzir\u00e1 palestra sobre&nbsp;\u201cTend\u00eancias da Economia\u201d,&nbsp;e&nbsp;Paulo Cardamone, CEO da Bright Consultoria, que apresentar\u00e1&nbsp;\u201cTend\u00eancias da Ind\u00fastria Automobil\u00edstica: Impactos nas [&hellip;]<\/p>\n","protected":false},"author":2,"featured_media":2688,"comment_status":"open","ping_status":"open","sticky":false,"template":"","format":"standard","meta":{"footnotes":""},"categories":[23],"tags":[],"class_list":{"0":"post-2687","1":"post","2":"type-post","3":"status-publish","4":"format-standard","5":"has-post-thumbnail","7":"category-feirasdenegocios"},"_links":{"self":[{"href":"https:\/\/tveventos.tv.br\/index.php?rest_route=\/wp\/v2\/posts\/2687","targetHints":{"allow":["GET"]}}],"collection":[{"href":"https:\/\/tveventos.tv.br\/index.php?rest_route=\/wp\/v2\/posts"}],"about":[{"href":"https:\/\/tveventos.tv.br\/index.php?rest_route=\/wp\/v2\/types\/post"}],"author":[{"embeddable":true,"href":"https:\/\/tveventos.tv.br\/index.php?rest_route=\/wp\/v2\/users\/2"}],"replies":[{"embeddable":true,"href":"https:\/\/tveventos.tv.br\/index.php?rest_route=%2Fwp%2Fv2%2Fcomments&post=2687"}],"version-history":[{"count":1,"href":"https:\/\/tveventos.tv.br\/index.php?rest_route=\/wp\/v2\/posts\/2687\/revisions"}],"predecessor-version":[{"id":2689,"href":"https:\/\/tveventos.tv.br\/index.php?rest_route=\/wp\/v2\/posts\/2687\/revisions\/2689"}],"wp:featuredmedia":[{"embeddable":true,"href":"https:\/\/tveventos.tv.br\/index.php?rest_route=\/wp\/v2\/media\/2688"}],"wp:attachment":[{"href":"https:\/\/tveventos.tv.br\/index.php?rest_route=%2Fwp%2Fv2%2Fmedia&parent=2687"}],"wp:term":[{"taxonomy":"category","embeddable":true,"href":"https:\/\/tveventos.tv.br\/index.php?rest_route=%2Fwp%2Fv2%2Fcategories&post=2687"},{"taxonomy":"post_tag","embeddable":true,"href":"https:\/\/tveventos.tv.br\/index.php?rest_route=%2Fwp%2Fv2%2Ftags&post=2687"}],"curies":[{"name":"wp","href":"https:\/\/api.w.org\/{rel}","templated":true}]}}