{"id":2690,"date":"2024-07-30T15:50:11","date_gmt":"2024-07-30T18:50:11","guid":{"rendered":"https:\/\/tveventos.tv.br\/?p=2690"},"modified":"2024-07-30T15:50:12","modified_gmt":"2024-07-30T18:50:12","slug":"fi-south-america","status":"publish","type":"post","link":"https:\/\/tveventos.tv.br\/?p=2690","title":{"rendered":"Fi South America"},"content":{"rendered":"\n<p>O &#8220;FI Am\u00e9rica do Sul Alimentos&#8221; refere-se ao &#8220;Food Ingredients South America&#8221; (FI South America), uma feira e evento importante voltado para os ingredientes alimentares e solu\u00e7\u00f5es para a ind\u00fastria de alimentos e bebidas na Am\u00e9rica do Sul. Reunindo empresas, fabricantes, fornecedores e profissionais da ind\u00fastria aliment\u00edcia para explorar inova\u00e7\u00f5es e tend\u00eancias no setor de ingredientes e aditivos alimentares.<\/p>\n\n\n\n<p>Junte-se a n\u00f3s nos dias 06 a 08 de agosto das 13h \u00e0s 20h, no S\u00e3o Paulo Expo.&nbsp;<\/p>\n\n\n\n<p>Endere\u00e7o: Rod. dos Imigrantes 5, S\/N, km. 1, S\u00e3o Paulo, SP, 04329-900<\/p>\n","protected":false},"excerpt":{"rendered":"<p>O &#8220;FI Am\u00e9rica do Sul Alimentos&#8221; refere-se ao &#8220;Food Ingredients South America&#8221; (FI South America), uma feira e evento importante voltado para os ingredientes alimentares e solu\u00e7\u00f5es para a ind\u00fastria de alimentos e bebidas na Am\u00e9rica do Sul. Reunindo empresas, fabricantes, fornecedores e profissionais da ind\u00fastria aliment\u00edcia para explorar inova\u00e7\u00f5es e tend\u00eancias no setor de [&hellip;]<\/p>\n","protected":false},"author":3,"featured_media":2692,"comment_status":"open","ping_status":"open","sticky":false,"template":"","format":"standard","meta":{"footnotes":""},"categories":[25],"tags":[],"class_list":{"0":"post-2690","1":"post","2":"type-post","3":"status-publish","4":"format-standard","5":"has-post-thumbnail","7":"category-calendariodeeventos"},"_links":{"self":[{"href":"https:\/\/tveventos.tv.br\/index.php?rest_route=\/wp\/v2\/posts\/2690","targetHints":{"allow":["GET"]}}],"collection":[{"href":"https:\/\/tveventos.tv.br\/index.php?rest_route=\/wp\/v2\/posts"}],"about":[{"href":"https:\/\/tveventos.tv.br\/index.php?rest_route=\/wp\/v2\/types\/post"}],"author":[{"embeddable":true,"href":"https:\/\/tveventos.tv.br\/index.php?rest_route=\/wp\/v2\/users\/3"}],"replies":[{"embeddable":true,"href":"https:\/\/tveventos.tv.br\/index.php?rest_route=%2Fwp%2Fv2%2Fcomments&post=2690"}],"version-history":[{"count":1,"href":"https:\/\/tveventos.tv.br\/index.php?rest_route=\/wp\/v2\/posts\/2690\/revisions"}],"predecessor-version":[{"id":2693,"href":"https:\/\/tveventos.tv.br\/index.php?rest_route=\/wp\/v2\/posts\/2690\/revisions\/2693"}],"wp:featuredmedia":[{"embeddable":true,"href":"https:\/\/tveventos.tv.br\/index.php?rest_route=\/wp\/v2\/media\/2692"}],"wp:attachment":[{"href":"https:\/\/tveventos.tv.br\/index.php?rest_route=%2Fwp%2Fv2%2Fmedia&parent=2690"}],"wp:term":[{"taxonomy":"category","embeddable":true,"href":"https:\/\/tveventos.tv.br\/index.php?rest_route=%2Fwp%2Fv2%2Fcategories&post=2690"},{"taxonomy":"post_tag","embeddable":true,"href":"https:\/\/tveventos.tv.br\/index.php?rest_route=%2Fwp%2Fv2%2Ftags&post=2690"}],"curies":[{"name":"wp","href":"https:\/\/api.w.org\/{rel}","templated":true}]}}