{"id":2694,"date":"2024-07-30T15:57:01","date_gmt":"2024-07-30T18:57:01","guid":{"rendered":"https:\/\/tveventos.tv.br\/?p=2694"},"modified":"2024-07-30T15:57:03","modified_gmt":"2024-07-30T18:57:03","slug":"concrete-show","status":"publish","type":"post","link":"https:\/\/tveventos.tv.br\/?p=2694","title":{"rendered":"Concrete Show"},"content":{"rendered":"\n<p>O Concrete Show South America \u00e9 o maior evento da cadeia construtiva na Am\u00e9rica Latina, al\u00e9m de ser integrante do circuito World Of Concrete no mundo. H\u00e1 mais de 15 anos fomentando o mercado, promovendo ao redor do mundo conte\u00fado t\u00e9cnico qualificado, networking e oportunidades de neg\u00f3cio, alavancando a cadeia construtiva e reunindo as \u00faltimas tecnologias e tend\u00eancias do setor, o Concrete Show \u00e9 o lugar certo para quem quer construir o futuro!<\/p>\n\n\n\n<p>Junte-se a n\u00f3s nos dias 06 a 08 de agosto das 13h \u00e0s 20h, no S\u00e3o Paulo Expo.&nbsp;<\/p>\n\n\n\n<p>Endere\u00e7o: Rod. dos Imigrantes 5, S\/N, km. 1, S\u00e3o Paulo, SP, 04329-900<\/p>\n","protected":false},"excerpt":{"rendered":"<p>O Concrete Show South America \u00e9 o maior evento da cadeia construtiva na Am\u00e9rica Latina, al\u00e9m de ser integrante do circuito World Of Concrete no mundo. H\u00e1 mais de 15 anos fomentando o mercado, promovendo ao redor do mundo conte\u00fado t\u00e9cnico qualificado, networking e oportunidades de neg\u00f3cio, alavancando a cadeia construtiva e reunindo as \u00faltimas [&hellip;]<\/p>\n","protected":false},"author":3,"featured_media":2695,"comment_status":"open","ping_status":"open","sticky":false,"template":"","format":"standard","meta":{"footnotes":""},"categories":[25],"tags":[],"class_list":{"0":"post-2694","1":"post","2":"type-post","3":"status-publish","4":"format-standard","5":"has-post-thumbnail","7":"category-calendariodeeventos"},"_links":{"self":[{"href":"https:\/\/tveventos.tv.br\/index.php?rest_route=\/wp\/v2\/posts\/2694","targetHints":{"allow":["GET"]}}],"collection":[{"href":"https:\/\/tveventos.tv.br\/index.php?rest_route=\/wp\/v2\/posts"}],"about":[{"href":"https:\/\/tveventos.tv.br\/index.php?rest_route=\/wp\/v2\/types\/post"}],"author":[{"embeddable":true,"href":"https:\/\/tveventos.tv.br\/index.php?rest_route=\/wp\/v2\/users\/3"}],"replies":[{"embeddable":true,"href":"https:\/\/tveventos.tv.br\/index.php?rest_route=%2Fwp%2Fv2%2Fcomments&post=2694"}],"version-history":[{"count":1,"href":"https:\/\/tveventos.tv.br\/index.php?rest_route=\/wp\/v2\/posts\/2694\/revisions"}],"predecessor-version":[{"id":2696,"href":"https:\/\/tveventos.tv.br\/index.php?rest_route=\/wp\/v2\/posts\/2694\/revisions\/2696"}],"wp:featuredmedia":[{"embeddable":true,"href":"https:\/\/tveventos.tv.br\/index.php?rest_route=\/wp\/v2\/media\/2695"}],"wp:attachment":[{"href":"https:\/\/tveventos.tv.br\/index.php?rest_route=%2Fwp%2Fv2%2Fmedia&parent=2694"}],"wp:term":[{"taxonomy":"category","embeddable":true,"href":"https:\/\/tveventos.tv.br\/index.php?rest_route=%2Fwp%2Fv2%2Fcategories&post=2694"},{"taxonomy":"post_tag","embeddable":true,"href":"https:\/\/tveventos.tv.br\/index.php?rest_route=%2Fwp%2Fv2%2Ftags&post=2694"}],"curies":[{"name":"wp","href":"https:\/\/api.w.org\/{rel}","templated":true}]}}