{"id":2698,"date":"2024-07-31T14:50:00","date_gmt":"2024-07-31T17:50:00","guid":{"rendered":"https:\/\/tveventos.tv.br\/?p=2698"},"modified":"2024-07-31T14:50:04","modified_gmt":"2024-07-31T17:50:04","slug":"fenatran-anuncia-abertura-do-credenciamento-para-edicao-2024","status":"publish","type":"post","link":"https:\/\/tveventos.tv.br\/?p=2698","title":{"rendered":"FENATRAN Anuncia Abertura do Credenciamento para Edi\u00e7\u00e3o 2024"},"content":{"rendered":"\n<p class=\"has-text-align-center\"><em>Evento que acontece em novembro, no S\u00e3o Paulo Expo, vai reunir mais de 600 marcas da cadeia de transporte rodovi\u00e1rio de cargas e receber mais de 66 mil visitantes<\/em>.<\/p>\n\n\n\n<p>A 24\u00aa edi\u00e7\u00e3o da FENATRAN abre o credenciamento para visitantes na pr\u00f3xima segunda-feira, dia 05 de agosto. A maior feira para o setor de transporte rodovi\u00e1rio de cargas e log\u00edstica da Am\u00e9rica Latina acontece de 04 a 08 de novembro, no S\u00e3o Paulo Expo, e vai contar com a presen\u00e7a de mais de 600 marcas expositoras. Realizado pela RX Brasil a cada dois anos, o evento deve receber 66 mil pessoas.<\/p>\n\n\n\n<p>Para se cadastrar, os participantes devem clicar no <a href=\"https:\/\/www.fenatran.com.br\/pt-br.html\">link<\/a>, acessar o site da FENATRAN e preencher as informa\u00e7\u00f5es requisitadas. A credencial permite a entrada gratuita durante os cinco dias de feira, inclusive ao Espa\u00e7o de Conte\u00fado, ponto de encontro para os interessados em desenvolvimento profissional e <em>networking,<\/em> situado no Pavilh\u00e3o 8.<\/p>\n\n\n\n<p>Ao longo da semana, a programa\u00e7\u00e3o vai contar com muitas horas de palestras e pain\u00e9is para os setores de transporte e log\u00edstica. No dia 05 de novembro, a Rota Fenatran debate os novos modelos de neg\u00f3cios e desafios para o mercado de caminh\u00f5es, matrizes energ\u00e9ticas mais sustent\u00e1veis e as principais perspectivas para 2025. O Espa\u00e7o de Conte\u00fado ter\u00e1 ainda mais uma edi\u00e7\u00e3o do F\u00f3rum Transporte Sustent\u00e1vel: Carga e Log\u00edstica, no dia 06 e o 3\u00ba F\u00f3rum Mulheres no Transporte e Log\u00edstica, que ocorre no dia 07 de novembro.<\/p>\n\n\n\n<p>Outra atra\u00e7\u00e3o que retorna em 2024 \u00e9 o FENATRAN Experience. Realizado em um circuito exclusivo na \u00e1rea externa do SP Expo, permite aos visitantes testarem caminh\u00f5es das marcas Ford, IVECO, Mercedes-Benz, Scania e Volkswagen Caminh\u00f5es e \u00d4nibus. O projeto \u00e9 patrocinado pela Addiante e Eaton.<\/p>\n\n\n\n<p>&#8220;O visitante, al\u00e9m de ver de perto o que h\u00e1 de mais avan\u00e7ado no segmento de transporte de cargas, ter\u00e1 a oportunidade de realizar bons neg\u00f3cios diretamente com a marca expositora. A FENATRAN vai apresentar as principais novidades das montadoras, dos implementos rodovi\u00e1rios e fabricantes de equipamentos e acess\u00f3rios, entre outros&#8221;, afirma Thiago Braga Ferreira, gerente executivo da FENATRAN. &#8220;O evento conecta pessoas e gera oportunidades&#8221;, complementa.<\/p>\n\n\n\n<p>A FENATRAN tem parceria institucional e apoio das principais associa\u00e7\u00f5es do setor, entre elas a ANFAVEA (Associa\u00e7\u00e3o Nacional dos Fabricantes de Ve\u00edculos Automotores), NTC (Associa\u00e7\u00e3o Nacional do Transporte de Cargas e Log\u00edstica) e ANFIR (Associa\u00e7\u00e3o Nacional dos Fabricantes de Implementos Rodovi\u00e1rios).<\/p>\n\n\n\n<p>Sobre a FENATRAN<\/p>\n\n\n\n<p>A FENATRAN, Feira Internacional do Transporte de Carga, \u00e9 o principal encontro do setor da Am\u00e9rica Latina e re\u00fane montadoras de caminh\u00f5es e fabricantes de implementos rodovi\u00e1rios com empresas de toda a cadeia do transporte, como intralog\u00edstica, tecnologia para armaz\u00e9ns e at\u00e9 solu\u00e7\u00f5es para o <em>last mile<\/em> em centros urbanos. Realizado a cada dois anos, o evento apresenta mais de 600 marcas, oferece experi\u00eancias inovadoras e oportunidades de neg\u00f3cios para os participantes, al\u00e9m de conte\u00fado qualificado tanto em sua plataforma digital como durante o evento presencial. Em 2024, a 24\u00aa FENATRAN ocorre de 4 a 8 de novembro, no S\u00e3o Paulo Expo.&nbsp; Mais informa\u00e7\u00f5es e credenciamento em breve &#8211;&nbsp; <a href=\"http:\/\/www.fenatran.com.br\/\">www.fenatran.com.br<\/a><\/p>\n\n\n\n<p>RX<\/p>\n\n\n\n<p>A <a href=\"http:\/\/www.rxglobal.com\/rx-brazil\">RX<\/a> oferece oportunidades de conex\u00e3o e desenvolvimento de neg\u00f3cios para indiv\u00edduos, comunidades e organiza\u00e7\u00f5es. Utilizando o poder dos eventos presenciais e combinando-os com dados e produtos digitais, a <a href=\"http:\/\/www.rxglobal.com\/rx-brazil\">RX<\/a> conecta pessoas por meio de experi\u00eancias e oportunidades comerciais em mais de 350 eventos realizados anualmente em 25 pa\u00edses, abrangendo 42 setores econ\u00f4micos diferentes. Dedicada a gerar impactos positivos na sociedade, a empresa est\u00e1 comprometida com a cria\u00e7\u00e3o de um ambiente de trabalho inclusivo para todos. A <a href=\"http:\/\/www.rxglobal.com\/rx-brazil\">RX<\/a> \u00e9 uma divis\u00e3o da RELX, um provedor global de an\u00e1lises e ferramentas de decis\u00e3o baseadas em informa\u00e7\u00f5es para profissionais e clientes corporativos.<\/p>\n\n\n\n<p><a href=\"http:\/\/www.rxglobal.com\/rx-brazil\">RX<\/a> \u2013 In the business of building businesses<\/p>\n\n\n\n<p><a href=\"http:\/\/www.rxglobal.com\/rx-brazil\">www.rxglobal.com\/rx-brazil<\/a><\/p>\n\n\n\n<p>RELX<\/p>\n\n\n\n<p>A RELX \u00e9 uma provedora global de ferramentas de an\u00e1lise e decis\u00e3o baseadas em informa\u00e7\u00f5es, atendendo clientes profissionais e empresariais em mais de 180 pa\u00edses, com escrit\u00f3rios em aproximadamente 40 pa\u00edses. Empregando mais de 36.000 pessoas, mais de 40% delas na Am\u00e9rica do Norte, a RELX se destaca no mercado global. As a\u00e7\u00f5es da RELX PLC, empresa controladora, s\u00e3o negociadas nas Bolsas de Valores de Londres, Amsterd\u00e3 e Nova York, sob os s\u00edmbolos: Londres: REL; Amsterd\u00e3: REN; Nova York: RELX.*Nota: A capitaliza\u00e7\u00e3o de mercado atual pode ser encontrada em <a href=\"http:\/\/www.relx.com\/investors\">http:\/\/www.relx.com\/investors<\/a><\/p>\n","protected":false},"excerpt":{"rendered":"<p>Evento que acontece em novembro, no S\u00e3o Paulo Expo, vai reunir mais de 600 marcas da cadeia de transporte rodovi\u00e1rio de cargas e receber mais de 66 mil visitantes. A 24\u00aa edi\u00e7\u00e3o da FENATRAN abre o credenciamento para visitantes na pr\u00f3xima segunda-feira, dia 05 de agosto. A maior feira para o setor de transporte rodovi\u00e1rio [&hellip;]<\/p>\n","protected":false},"author":2,"featured_media":2699,"comment_status":"open","ping_status":"open","sticky":false,"template":"","format":"standard","meta":{"footnotes":""},"categories":[23],"tags":[],"class_list":{"0":"post-2698","1":"post","2":"type-post","3":"status-publish","4":"format-standard","5":"has-post-thumbnail","7":"category-feirasdenegocios"},"_links":{"self":[{"href":"https:\/\/tveventos.tv.br\/index.php?rest_route=\/wp\/v2\/posts\/2698","targetHints":{"allow":["GET"]}}],"collection":[{"href":"https:\/\/tveventos.tv.br\/index.php?rest_route=\/wp\/v2\/posts"}],"about":[{"href":"https:\/\/tveventos.tv.br\/index.php?rest_route=\/wp\/v2\/types\/post"}],"author":[{"embeddable":true,"href":"https:\/\/tveventos.tv.br\/index.php?rest_route=\/wp\/v2\/users\/2"}],"replies":[{"embeddable":true,"href":"https:\/\/tveventos.tv.br\/index.php?rest_route=%2Fwp%2Fv2%2Fcomments&post=2698"}],"version-history":[{"count":1,"href":"https:\/\/tveventos.tv.br\/index.php?rest_route=\/wp\/v2\/posts\/2698\/revisions"}],"predecessor-version":[{"id":2700,"href":"https:\/\/tveventos.tv.br\/index.php?rest_route=\/wp\/v2\/posts\/2698\/revisions\/2700"}],"wp:featuredmedia":[{"embeddable":true,"href":"https:\/\/tveventos.tv.br\/index.php?rest_route=\/wp\/v2\/media\/2699"}],"wp:attachment":[{"href":"https:\/\/tveventos.tv.br\/index.php?rest_route=%2Fwp%2Fv2%2Fmedia&parent=2698"}],"wp:term":[{"taxonomy":"category","embeddable":true,"href":"https:\/\/tveventos.tv.br\/index.php?rest_route=%2Fwp%2Fv2%2Fcategories&post=2698"},{"taxonomy":"post_tag","embeddable":true,"href":"https:\/\/tveventos.tv.br\/index.php?rest_route=%2Fwp%2Fv2%2Ftags&post=2698"}],"curies":[{"name":"wp","href":"https:\/\/api.w.org\/{rel}","templated":true}]}}